{"id":3500,"date":"2022-06-02T13:20:07","date_gmt":"2022-06-02T11:20:07","guid":{"rendered":"https:\/\/uncjr.ro\/web\/?p=3500"},"modified":"2025-01-27T15:37:43","modified_gmt":"2025-01-27T13:37:43","slug":"document-de-pozitie-a-uncjr-privind-procesul-de-descentralizare","status":"publish","type":"post","link":"https:\/\/uncjr.ro\/web\/document-de-pozitie-a-uncjr-privind-procesul-de-descentralizare\/","title":{"rendered":"Document de pozi\u021bie, a UNCJR, privind procesul de descentralizare"},"content":{"rendered":"\n<p class=\"text-content-justify\"><em>\u201eProcesul de descentralizare este unul complex \u0219i de lung\u0103 durat\u0103 care trebui s\u0103 continue pentru a consolida autonomia local\u0103. Astfel, cerem Guvernului respectarea Programului de Guvernare 2021-2024 al Coali\u021biei pentru Dezvoltare, Rezilien\u021b\u0103 \u0219i Prosperitate, program pe care noi, pre\u0219edin\u021bii de consilii jude\u021bene l-am sus\u021binut, prin care ne-am asumat reluarea \u0219i consolidarea procesului de descentralizare a competen\u021belor c\u0103tre administra\u021bia public\u0103 local\u0103.\u201d&nbsp;\u2013 Adrian-Ioan Ve\u0219tea, pre\u0219edinte al UNCJR.<\/em><\/p>\n\n\n\n<p>Documentul de pozi\u021bie poate fi consultat<a href=\"https:\/\/uncjr.ro\/web\/wp-content\/uploads\/document-pozitie-desentralizare.docx\">&nbsp;aici.<\/a><\/p>\n","protected":false},"excerpt":{"rendered":"<p>\u201eProcesul de descentralizare este unul complex \u0219i de lung\u0103 durat\u0103 care trebui s\u0103 continue pentru a consolida autonomia local\u0103. Astfel, cerem Guvernului respectarea Programului de Guvernare 2021-2024 al Coali\u021biei pentru Dezvoltare, Rezilien\u021b\u0103 \u0219i Prosperitate, program pe care noi, pre\u0219edin\u021bii de consilii jude\u021bene l-am sus\u021binut, prin care ne-am asumat reluarea \u0219i consolidarea procesului de descentralizare a [&hellip;]<\/p>\n","protected":false},"author":2,"featured_media":3501,"comment_status":"closed","ping_status":"closed","sticky":false,"template":"","format":"standard","meta":{"_et_pb_use_builder":"","_et_pb_old_content":"","_et_gb_content_width":"","footnotes":""},"categories":[6,5],"tags":[],"class_list":["post-3500","post","type-post","status-publish","format-standard","has-post-thumbnail","hentry","category-comunicat-de-presa","category-noutati"],"_links":{"self":[{"href":"https:\/\/uncjr.ro\/web\/wp-json\/wp\/v2\/posts\/3500","targetHints":{"allow":["GET"]}}],"collection":[{"href":"https:\/\/uncjr.ro\/web\/wp-json\/wp\/v2\/posts"}],"about":[{"href":"https:\/\/uncjr.ro\/web\/wp-json\/wp\/v2\/types\/post"}],"author":[{"embeddable":true,"href":"https:\/\/uncjr.ro\/web\/wp-json\/wp\/v2\/users\/2"}],"replies":[{"embeddable":true,"href":"https:\/\/uncjr.ro\/web\/wp-json\/wp\/v2\/comments?post=3500"}],"version-history":[{"count":2,"href":"https:\/\/uncjr.ro\/web\/wp-json\/wp\/v2\/posts\/3500\/revisions"}],"predecessor-version":[{"id":3503,"href":"https:\/\/uncjr.ro\/web\/wp-json\/wp\/v2\/posts\/3500\/revisions\/3503"}],"wp:featuredmedia":[{"embeddable":true,"href":"https:\/\/uncjr.ro\/web\/wp-json\/wp\/v2\/media\/3501"}],"wp:attachment":[{"href":"https:\/\/uncjr.ro\/web\/wp-json\/wp\/v2\/media?parent=3500"}],"wp:term":[{"taxonomy":"category","embeddable":true,"href":"https:\/\/uncjr.ro\/web\/wp-json\/wp\/v2\/categories?post=3500"},{"taxonomy":"post_tag","embeddable":true,"href":"https:\/\/uncjr.ro\/web\/wp-json\/wp\/v2\/tags?post=3500"}],"curies":[{"name":"wp","href":"https:\/\/api.w.org\/{rel}","templated":true}]}}