{"id":3479,"date":"2022-06-02T08:55:02","date_gmt":"2022-06-02T06:55:02","guid":{"rendered":"https:\/\/uncjr.ro\/web\/?p=3479"},"modified":"2025-01-27T15:37:34","modified_gmt":"2025-01-27T13:37:34","slug":"comisia-europeana-a-deschis-cererea-pentru-evenimente-colaterale-saptamanii-europene-a-regiunilor-si-oraselor","status":"publish","type":"post","link":"https:\/\/uncjr.ro\/web\/comisia-europeana-a-deschis-cererea-pentru-evenimente-colaterale-saptamanii-europene-a-regiunilor-si-oraselor\/","title":{"rendered":"Comisia European\u0103 a deschis cererea pentru evenimente colaterale Sapt\u0103m\u00e2nii europene a regiunilor \u0219i ora\u0219elor"},"content":{"rendered":"\n<p class=\"text-content-justify\"><strong>Comisia European<\/strong><strong>\u0103<\/strong><strong> (CE) anun\u021b\u0103 autorit\u0103\u021bile locale, jude\u021bene \u015fi regionale \u015fi alte p\u0103r\u021bi interesate care doresc&nbsp;<u>s\u0103 organizeze un eveniment colateral (side-event<\/u>) cu prilejul manifest\u0103rii&nbsp;<\/strong>\u201e<strong><u>S\u0103pt\u0103m\u00e2nii europene a regiunilor \u015fi ora\u015felor<\/u><\/strong>\u201d(EWRC), edi\u021bia a 20-a (10 -13 octombrie 2022)<strong>, c\u0103 cererea pentru candidaturi este deschis\u0103 p\u00e2n\u0103 la&nbsp;<u>30 iunie 2022.<\/u><\/strong><\/p>\n\n\n\n<p class=\"text-content-justify\">Evenimentele de tip side-event ar trebui s\u0103 se refere la priorit\u0103\u021bile tematice ale acestei edi\u021bii \u0219i trebuie organizate \u00een&nbsp;format hibrid sau digital,&nbsp;<strong>\u00eentre 10 octombrie \u0219i 10 noiembrie 2022.&nbsp;<\/strong>Partenerii sunt \u00eencuraja\u021bi s\u0103-\u0219i organizeze evenimentele sub form\u0103 de ateliere sau sesiuni de informare pentru a eviden\u021bia&nbsp;impactul politicii de coeziune asupra vie\u021bii de zi cu zi a cet\u0103\u021benilor, pentru a discuta despre provoc\u0103rile pentru Europa aduse de invazia rus\u0103 \u00een Ucraina \u0219i rolul-cheie jucat de tineretul european \u00een construirea unei Europe mai ecologice, mai incluzive \u0219i mai digitale.<\/p>\n\n\n\n<p class=\"text-content-justify\"><a rel=\"noreferrer noopener\" href=\"https:\/\/ec.europa.eu\/eusurvey\/runner\/EURegionsWeek_SideEvents2022\" target=\"_blank\">Aplica\u021bia online<\/a>, pentru depunerea aplica\u021biei, este disponibil\u0103 \u00een sec\u021biunea \u201eSide-event\u201d, pe pagina web a evenimentului \u201e<a href=\"https:\/\/europa.eu\/regions-and-cities\/\" data-type=\"URL\" data-id=\"https:\/\/europa.eu\/regions-and-cities\/\" target=\"_blank\" rel=\"noreferrer noopener\">S\u0103pt\u0103m\u00e2na european\u0103 a regiunilor \u015fi ora\u015felor\u201d<\/a>. Pentru informa\u021bii detaliate cu privire la modul de organizare a unui eveniment colateral, pute\u021bi consulta \u201e<a rel=\"noreferrer noopener\" href=\"https:\/\/europa.eu\/regions-and-cities\/system\/files\/2022-05\/EURegionsWeek_2022_Call_for_Side_Events.pdf\" target=\"_blank\">Cererea pentru evenimente colaterale 2022<\/a>\u201d.<\/p>\n\n\n\n<p class=\"text-content-justify\">Organizatorii anun\u021b\u0103 c\u0103 va fi selectat un num\u0103r limitat de aplica\u021bii.<\/p>\n\n\n\n<p class=\"text-content-justify\">Se va acorda prioritate propunerilor care au membri ai Comitetului European al Regiunilor ca organizatori sau vorbitori sau care implic\u0103 politicieni locali \u0219i regionali, inclusiv tineri politicieni \u015fi consilieri locali pentru afaceri europene.<\/p>\n\n\n\n<p class=\"text-content-justify\">\u201eS\u0103pt\u0103m\u00e2na european\u0103 a regiunilor \u015fi ora\u015felor\u201d este cea mai mare manifestare organizat\u0103 de Comisia European\u0103 \u015fi Comitetul European al Regiunilor dedicat\u0103 politicii regionale \u015fi urbane \u015fi, implicit, ini\u021biativelor locale favorabile unei dezvolt\u0103ri sustenabile \u00een folosul comunit\u0103\u021bilor \u015fi al cet\u0103\u021benilor.<\/p>\n","protected":false},"excerpt":{"rendered":"<p>Comisia European\u0103 (CE) anun\u021b\u0103 autorit\u0103\u021bile locale, jude\u021bene \u015fi regionale \u015fi alte p\u0103r\u021bi interesate care doresc&nbsp;s\u0103 organizeze un eveniment colateral (side-event) cu prilejul manifest\u0103rii&nbsp;\u201eS\u0103pt\u0103m\u00e2nii europene a regiunilor \u015fi ora\u015felor\u201d(EWRC), edi\u021bia a 20-a (10 -13 octombrie 2022), c\u0103 cererea pentru candidaturi este deschis\u0103 p\u00e2n\u0103 la&nbsp;30 iunie 2022. Evenimentele de tip side-event ar trebui s\u0103 se refere la [&hellip;]<\/p>\n","protected":false},"author":2,"featured_media":3481,"comment_status":"closed","ping_status":"closed","sticky":false,"template":"","format":"standard","meta":{"_et_pb_use_builder":"","_et_pb_old_content":"","_et_gb_content_width":"","footnotes":""},"categories":[14],"tags":[],"class_list":["post-3479","post","type-post","status-publish","format-standard","has-post-thumbnail","hentry","category-evenimente"],"_links":{"self":[{"href":"https:\/\/uncjr.ro\/web\/wp-json\/wp\/v2\/posts\/3479","targetHints":{"allow":["GET"]}}],"collection":[{"href":"https:\/\/uncjr.ro\/web\/wp-json\/wp\/v2\/posts"}],"about":[{"href":"https:\/\/uncjr.ro\/web\/wp-json\/wp\/v2\/types\/post"}],"author":[{"embeddable":true,"href":"https:\/\/uncjr.ro\/web\/wp-json\/wp\/v2\/users\/2"}],"replies":[{"embeddable":true,"href":"https:\/\/uncjr.ro\/web\/wp-json\/wp\/v2\/comments?post=3479"}],"version-history":[{"count":2,"href":"https:\/\/uncjr.ro\/web\/wp-json\/wp\/v2\/posts\/3479\/revisions"}],"predecessor-version":[{"id":3483,"href":"https:\/\/uncjr.ro\/web\/wp-json\/wp\/v2\/posts\/3479\/revisions\/3483"}],"wp:featuredmedia":[{"embeddable":true,"href":"https:\/\/uncjr.ro\/web\/wp-json\/wp\/v2\/media\/3481"}],"wp:attachment":[{"href":"https:\/\/uncjr.ro\/web\/wp-json\/wp\/v2\/media?parent=3479"}],"wp:term":[{"taxonomy":"category","embeddable":true,"href":"https:\/\/uncjr.ro\/web\/wp-json\/wp\/v2\/categories?post=3479"},{"taxonomy":"post_tag","embeddable":true,"href":"https:\/\/uncjr.ro\/web\/wp-json\/wp\/v2\/tags?post=3479"}],"curies":[{"name":"wp","href":"https:\/\/api.w.org\/{rel}","templated":true}]}}