{"id":3462,"date":"2022-05-24T09:50:05","date_gmt":"2022-05-24T07:50:05","guid":{"rendered":"https:\/\/uncjr.ro\/web\/?p=3462"},"modified":"2022-05-24T09:50:06","modified_gmt":"2022-05-24T07:50:06","slug":"cerere-de-finatare-pentru-programul-fse-plus","status":"publish","type":"post","link":"https:\/\/uncjr.ro\/web\/cerere-de-finatare-pentru-programul-fse-plus\/","title":{"rendered":"Cerere de fina\u021bare pentru programul FSE PLUS"},"content":{"rendered":"\n<p class=\"text-content-justify\"><strong>Comisia European\u0103 a deschis o<\/strong>&nbsp;<strong>cerere de propuneri de proiecte prin care se poate ob\u0163ine finan\u0163are pentru inovare social\u0103 \u00een contextul dublei tranzi\u0163ii societale prev\u0103zute \u00een perioada urm\u0103toare, cea ecologic\u0103 \u015fi cea digital\u0103<\/strong>.<\/p>\n\n\n\n<p class=\"text-content-justify\">Programul prin care se acord\u0103 aceast\u0103 finan\u0163are este Fondul Social European Plus (<strong>FSE<\/strong>&nbsp;<strong>Plus)<\/strong>, componenta&nbsp;<strong>EaSI<\/strong>&nbsp;\u2013 \u201e<strong>Ocuparea for\u0163ei de munc\u0103 \u015fi inovare social\u0103<\/strong>\u201d 2021-2027, av\u00e2nd ca titlu \u201eInova\u021bii sociale pentru o tranzi\u021bie verde \u0219i digital\u0103 corect\u0103\u201d.<\/p>\n\n\n\n<figure class=\"wp-block-table text-content-justify\"><table><tbody><tr><td class=\"has-text-align-center\" data-align=\"center\"><strong>Buget<\/strong><\/td><td class=\"has-text-align-center\" data-align=\"center\"><strong>Data limit\u0103 de depunere a aplica\u021biilor<\/strong><\/td><td class=\"has-text-align-center\" data-align=\"center\"><strong>Beneficiari<\/strong><\/td><td class=\"has-text-align-center\" data-align=\"center\"><strong>Eligibilitate \u021b\u0103ri\/regiuni<\/strong><\/td><\/tr><tr><td class=\"has-text-align-center\" data-align=\"center\">10.000.000 \u20ac rata de cofinan\u021bare este de maximum 90%<\/td><td class=\"has-text-align-center\" data-align=\"center\">2 august 2022 (ora 17:00 la Bruxelles)<\/td><td class=\"has-text-align-center\" data-align=\"center\">entit\u0103\u021bi private, publice \u0219i organiza\u021bii interna\u021bionale, spre exemplu, autorit\u0103\u0163i publice locale, regionale, na\u0163ionale, ONG-uri, universit\u0103\u0163i, centre de formare \u015fi educa\u0163ionale, companii, parteneri sociali, etc.<\/td><td class=\"has-text-align-center\" data-align=\"center\">statele membre ale UE, Norvegia, Islanda, Muntenegru, Serbia, Kosovo<\/td><\/tr><\/tbody><\/table><\/figure>\n\n\n\n<p><strong>Obiective \u0219i tipuri de activit\u0103\u021bi<\/strong><\/p>\n\n\n\n<p class=\"text-content-justify\">Obiectivul general al acestei cereri de propuneri este de a dezvolta \u0219i testa abord\u0103ri de inovare social\u0103 integrat\u0103 \u0219i incluziv\u0103, \u00een \u0219coli sau centre de formare, la locul de munc\u0103, \u00een comunit\u0103\u021bile locale sau \u00een alte medii relevante, pentru a promova incluziunea \u0219i echitatea (perceput\u0103) dublei tranzi\u021bii prev\u0103zute de UE. Finan\u0163area are \u00een vedere \u015fi \u00eent\u0103rirea capacit\u0103\u0163ii administrative \u00een domeniul social \u015fi de formare pentru noi competen\u0163e adaptate la transform\u0103rile provocate de tranzi\u0163ia verde \u015fi cea digital\u0103.<\/p>\n\n\n\n<p class=\"text-content-justify\">FSE+ sprijin\u0103 statele membre ale UE s\u0103 ating\u0103 niveluri ridicate de ocupare a for\u021bei de munc\u0103 \u015fi o protec\u021bie social\u0103 echitabil\u0103, s\u0103 ac\u0163ioneze eficient pentru eradicarea s\u0103r\u0103ciei \u0219i o for\u021b\u0103 de munc\u0103 calificat\u0103 \u0219i rezistent\u0103, preg\u0103tit\u0103 pentru tranzi\u021bia c\u0103tre o economie verde \u0219i digital\u0103. Bugetul FSE+ este de 87,9 miliarde EUR pentru perioada 2021 \u2013 2027, din care 676 milioane EUR sunt destinate componentei \u201eOcuparea for\u021bei de munc\u0103 \u0219i inovare social\u0103 (EaSI)\u201d.<\/p>\n\n\n\n<p class=\"text-content-justify\">Dup\u0103 cum se precizeaz\u0103 \u00een Programul de lucru EaSI 2022, perfec\u0163ionarea \u015fi recalificarea se num\u0103r\u0103 printre principalele priorit\u0103\u0163i pentru a promova o redresare favorabil\u0103 incluziunii \u015fi pentru a sprijini tranzi\u0163ia digital\u0103 \u015fi ecologic\u0103.<\/p>\n\n\n\n<p><strong>Activit\u0103\u021bile care pot fi finan\u021bate includ, dar nu se limiteaz\u0103 la:<\/strong><\/p>\n\n\n\n<p class=\"text-content-justify\">activit\u0103\u0163i de consolidare a capacit\u0103\u0163ii administrative;<\/p>\n\n\n\n<p class=\"text-content-justify\">ac\u021biuni de con\u0219tientizare \u0219i diseminare;<\/p>\n\n\n\n<p class=\"text-content-justify\">ac\u021biuni care vizeaz\u0103 crearea \u0219i \u00eembun\u0103t\u0103\u021birea re\u021belelor, schimbul de bune practici;<\/p>\n\n\n\n<p class=\"text-content-justify\">ac\u021biuni care dezvolt\u0103 \u0219i testeaz\u0103 abord\u0103ri integrate \u0219i de inovare social\u0103 pentru a aborda unele dintre provoc\u0103rile \u0219i riscurile descrise \u00een detaliu \u00een sec\u021biunea de mai sus, inclusiv ac\u021biuni care vizeaz\u0103:<\/p>\n\n\n\n<p class=\"text-content-justify\">&#8211; combaterea s\u0103r\u0103ciei energetice sau a s\u0103r\u0103ciei transporturilor;<\/p>\n\n\n\n<p class=\"text-content-justify\">&#8211; sprijinirea dezvolt\u0103rii competen\u021belor ecologice \u0219i digitale;<\/p>\n\n\n\n<p class=\"text-content-justify\">&#8211; consolidarea capacit\u0103\u021bii de angajare \u00een economiile verzi \u0219i digitale;<\/p>\n\n\n\n<p>&#8211; acordarea de sprijin pentru tranzi\u021biile inovatoare de la un loc de munc\u0103 la un alt loc de munc\u0103 sau pe pia\u021ba muncii;<\/p>\n\n\n\n<p class=\"text-content-justify\">&#8211; proiectarea, pilotarea, testarea, monitorizarea \u0219i\/sau evaluarea programelor locale de garantare a locurilor de munc\u0103 pentru locuri de munc\u0103 verzi \u0219i\/sau digitale;<\/p>\n\n\n\n<p class=\"text-content-justify\">&nbsp;&#8211; facilitarea dezvolt\u0103rii, adopt\u0103rii \u0219i utiliz\u0103rii inova\u021biilor ecologice sau digitale;<\/p>\n\n\n\n<p class=\"text-content-justify\">&#8211; sprijinirea \u0219i accelerarea schimb\u0103rii c\u0103tre comportamente mai durabile;<\/p>\n\n\n\n<p class=\"text-content-justify\">&#8211; promovarea antreprenoriatului verde \u0219i digital;<\/p>\n\n\n\n<p class=\"text-content-justify\">&#8211; pilotarea, testarea \u0219i\/sau promovarea de noi solu\u021bii sau modele de produc\u021bie, distribu\u021bie \u0219i consum, inclusiv de energie \u0219i alimente, inclusiv autoconsum sau alte modele de afaceri bazate pe comunitate \u0219i comunit\u0103\u021bi sau cooperative energetice conduse de cet\u0103\u021beni;<\/p>\n\n\n\n<p class=\"text-content-justify\">&#8211; proiectarea, testarea \u0219i\/sau promovarea practicilor digitale participative care sprijin\u0103 politicile \u0219i ini\u021biativele de tranzi\u021bie echitabil\u0103;<\/p>\n\n\n\n<p class=\"text-content-justify\">&#8211; stabilirea \u0219i\/sau testarea bugetelor participative ale cet\u0103\u021benilor pentru a promova tranzi\u021bii verzi \u0219i digitale corecte;<\/p>\n\n\n\n<p class=\"text-content-justify\">&#8211; feedback pentru factorii de decizie de la nivel local, regional, na\u021bional \u0219i al UE;<\/p>\n\n\n\n<p class=\"text-content-justify\">&#8211; activit\u0103\u021bi de formare (inclusiv la locul de munc\u0103) \u0219i de potrivire a locurilor de munc\u0103;<\/p>\n\n\n\n<p class=\"text-content-justify\">&#8211; campanii de comunicare care vizeaz\u0103 anumite grupuri sociale.<\/p>\n\n\n\n<p><strong>Informa\u021bii suplimentare<\/strong><\/p>\n\n\n\n<p class=\"text-content-justify\">\u2713 Comisia European\u0103 se a\u015fteapt\u0103 s\u0103 finan\u0163eze 15-20 de proiecte.<\/p>\n\n\n\n<p class=\"text-content-justify\">\u2713 Durata implement\u0103rii: 12- 24 de luni. Aceasta poate fi dep\u0103\u015fit\u0103 \u00een cazuri excep\u0163ionale.<\/p>\n\n\n\n<p class=\"text-content-justify\">\u2713 Aplica\u021biile pot fi depuse \u00een oricare limb\u0103 oficial\u0103 a UE, dar, pentru facilitatea evalu\u0103rii, limba englez\u0103 este recomandat\u0103.<\/p>\n\n\n\n<p class=\"text-content-justify\">\u2713 Ac\u0163iunile de implementare nu pot demara mai devreme de semnarea grantului prev\u0103zut\u0103 pentru ianuariefebruarie 2023.<\/p>\n\n\n\n<p class=\"text-content-justify\">\u2713 Propunerile trebuie depuse de c\u0103tre un consor\u021biu format din cel pu\u021bin 2 solicitan\u021bi (beneficiari; entit\u0103\u021bi neafiliate) care provin din cel pu\u021bin 2 \u021b\u0103ri eligibile diferite.<\/p>\n\n\n\n<p><\/p>\n\n\n\n<p class=\"text-content-justify\">Textul oficial al cererii poate fi consultat <a href=\"https:\/\/ec.europa.eu\/info\/funding-tenders\/opportunities\/docs\/2021-2027\/esf\/wp-call\/2022\/call-fiche_esf-2022-soc-innov_en.pdf\" data-type=\"URL\" data-id=\"https:\/\/ec.europa.eu\/info\/funding-tenders\/opportunities\/docs\/2021-2027\/esf\/wp-call\/2022\/call-fiche_esf-2022-soc-innov_en.pdf\" target=\"_blank\" rel=\"noreferrer noopener\">aici<\/a>.<\/p>\n\n\n\n<p class=\"text-content-justify\">\u00a0Informa\u021biile detaliate \u015fi sistemul de depunere a aplica\u0163iilor sunt disponibile pe portalul unic <a href=\"https:\/\/ec.europa.eu\/info\/funding-tenders\/opportunities\/portal\/screen\/opportunities\/topic-details\/esf-2022-soc-innov;callCode=null;freeTextSearchKeyword=;matchWholeText=true;typeCodes=1,0;statusCodes=31094501,31094502,31094503;programmePeriod=2021%20-%202027;programCcm2Id=43254019;programDivisionCode=null;focusAreaCode=null;destination=null;mission=null;geographicalZonesCode=null;programmeDivisionProspect=null;startDateLte=null;startDateGte=null;crossCuttingPriorityCode=null;cpvCode=null;performanceOfDelivery=null;sortQuery=sortStatus;orderBy=asc;onlyTenders=false;topicListKey=topicSearchTablePageState\" data-type=\"URL\" data-id=\"https:\/\/ec.europa.eu\/info\/funding-tenders\/opportunities\/portal\/screen\/opportunities\/topic-details\/esf-2022-soc-innov;callCode=null;freeTextSearchKeyword=;matchWholeText=true;typeCodes=1,0;statusCodes=31094501,31094502,31094503;programmePeriod=2021%20-%202027;programCcm2Id=43254019;programDivisionCode=null;focusAreaCode=null;destination=null;mission=null;geographicalZonesCode=null;programmeDivisionProspect=null;startDateLte=null;startDateGte=null;crossCuttingPriorityCode=null;cpvCode=null;performanceOfDelivery=null;sortQuery=sortStatus;orderBy=asc;onlyTenders=false;topicListKey=topicSearchTablePageState\" target=\"_blank\" rel=\"noreferrer noopener\">\u201eFundind and Tender Opportunities\u201d.<\/a><\/p>\n","protected":false},"excerpt":{"rendered":"<p>Comisia European\u0103 a deschis o&nbsp;cerere de propuneri de proiecte prin care se poate ob\u0163ine finan\u0163are pentru inovare social\u0103 \u00een contextul dublei tranzi\u0163ii societale prev\u0103zute \u00een perioada urm\u0103toare, cea ecologic\u0103 \u015fi cea digital\u0103. Programul prin care se acord\u0103 aceast\u0103 finan\u0163are este Fondul Social European Plus (FSE&nbsp;Plus), componenta&nbsp;EaSI&nbsp;\u2013 \u201eOcuparea for\u0163ei de munc\u0103 \u015fi inovare social\u0103\u201d 2021-2027, av\u00e2nd [&hellip;]<\/p>\n","protected":false},"author":2,"featured_media":3463,"comment_status":"closed","ping_status":"closed","sticky":false,"template":"","format":"standard","meta":{"_et_pb_use_builder":"","_et_pb_old_content":"","_et_gb_content_width":"","footnotes":""},"categories":[19],"tags":[],"class_list":["post-3462","post","type-post","status-publish","format-standard","has-post-thumbnail","hentry","category-oportunitati-finantare-internationala"],"_links":{"self":[{"href":"https:\/\/uncjr.ro\/web\/wp-json\/wp\/v2\/posts\/3462","targetHints":{"allow":["GET"]}}],"collection":[{"href":"https:\/\/uncjr.ro\/web\/wp-json\/wp\/v2\/posts"}],"about":[{"href":"https:\/\/uncjr.ro\/web\/wp-json\/wp\/v2\/types\/post"}],"author":[{"embeddable":true,"href":"https:\/\/uncjr.ro\/web\/wp-json\/wp\/v2\/users\/2"}],"replies":[{"embeddable":true,"href":"https:\/\/uncjr.ro\/web\/wp-json\/wp\/v2\/comments?post=3462"}],"version-history":[{"count":1,"href":"https:\/\/uncjr.ro\/web\/wp-json\/wp\/v2\/posts\/3462\/revisions"}],"predecessor-version":[{"id":3464,"href":"https:\/\/uncjr.ro\/web\/wp-json\/wp\/v2\/posts\/3462\/revisions\/3464"}],"wp:featuredmedia":[{"embeddable":true,"href":"https:\/\/uncjr.ro\/web\/wp-json\/wp\/v2\/media\/3463"}],"wp:attachment":[{"href":"https:\/\/uncjr.ro\/web\/wp-json\/wp\/v2\/media?parent=3462"}],"wp:term":[{"taxonomy":"category","embeddable":true,"href":"https:\/\/uncjr.ro\/web\/wp-json\/wp\/v2\/categories?post=3462"},{"taxonomy":"post_tag","embeddable":true,"href":"https:\/\/uncjr.ro\/web\/wp-json\/wp\/v2\/tags?post=3462"}],"curies":[{"name":"wp","href":"https:\/\/api.w.org\/{rel}","templated":true}]}}