{"id":3424,"date":"2022-05-10T09:07:58","date_gmt":"2022-05-10T07:07:58","guid":{"rendered":"https:\/\/uncjr.ro\/web\/?p=3424"},"modified":"2022-05-10T09:07:59","modified_gmt":"2022-05-10T07:07:59","slug":"consultare-publica-privind-programul-ue-pentru-scoli","status":"publish","type":"post","link":"https:\/\/uncjr.ro\/web\/consultare-publica-privind-programul-ue-pentru-scoli\/","title":{"rendered":"Consultare public\u0103 privind Programul UE pentru \u0219coli"},"content":{"rendered":"\n<p class=\"text-content-justify\">Comisia European\u0103 a deschis p\u00e2n\u0103 la&nbsp;28 iulie 2022&nbsp;o consultare public\u0103 care vizeaz\u0103 \u201eEvaluarea programului UE privind \u00eencurajarea consumului de fructe, legume \u0219i lapte \u00een \u0219coli (\u201e<a href=\"https:\/\/ec.europa.eu\/info\/food-farming-fisheries\/key-policies\/common-agricultural-policy\/market-measures\/school-fruit-vegetables-and-milk-scheme\/school-scheme-explained_ro\" target=\"_blank\" rel=\"noreferrer noopener\">Programul UE pentru \u0219coli<\/a>\u201d).<\/p>\n\n\n\n<p class=\"text-content-justify\">Programul Uniunii Europene pentru \u0219coli, aplicabil din 2017, sprijin\u0103 distribuirea de fructe, legume, lapte \u0219i&nbsp;produse lactate c\u0103tre pre\u0219colari \u0219i elevi, de la gr\u0103dini\u021be \u0219i p\u00e2n\u0103 la \u0219colile din \u00eenv\u0103\u021b\u0103m\u00e2ntul secundar. Programul include, de asemenea, activit\u0103\u021bi educa\u021bionale menite s\u0103 creasc\u0103 consumul acestor produse \u0219i s\u0103 contribuie la insuflarea unor obiceiuri alimentare s\u0103n\u0103toase.<\/p>\n\n\n\n<p class=\"text-content-justify\">Actuala consultare face parte din&nbsp;<strong><a href=\"https:\/\/www.consilium.europa.eu\/ro\/policies\/from-farm-to-fork\/\" target=\"_blank\" rel=\"noreferrer noopener\">Strategia european\u0103 \u201eDe la ferm\u0103 la consumator\u201d<\/a><\/strong>, care are ca scop crearea un mediu alimentar favorabil, care s\u0103 faciliteze alegerea unei alimenta\u021bii s\u0103n\u0103toase durabile. Revizuirea va contribui la Planul european de lupt\u0103 \u00eempotriva cancerului, \u00eembun\u0103t\u0103\u021bind promovarea s\u0103n\u0103t\u0103\u021bii prin accesul la o alimenta\u021bie s\u0103n\u0103toas\u0103, \u0219i la Planul de ac\u021biune pentru dezvoltarea produc\u021biei ecologice.<\/p>\n\n\n\n<p class=\"text-content-justify\">Grupuri-\u021bint\u0103: Toat\u0103 lumea este binevenit\u0103 s\u0103 contribuie la aceast\u0103 consultare, \u00een special:<\/p>\n\n\n\n<ul class=\"text-content-justify wp-block-list\"><li>pre\u0219colarii\/elevii \u0219i p\u0103rin\u021bii sau tutorii acestora;<\/li><li>institu\u021biile de \u00eenv\u0103\u021b\u0103m\u00e2nt (de la educa\u021bia \u0219i \u00eengrijirea timpurie p\u00e2n\u0103 la \u00eenv\u0103\u021b\u0103m\u00e2ntul secundar) \u0219i asocia\u021biile acestora;<\/li><li>\u00eentreprinderile \u0219i asocia\u021biile acestora care \u00ee\u0219i desf\u0103\u0219oar\u0103 activitatea \u00een oricare dintre etapele lan\u021bului de aprovizionare cu alimente, \u00een special \u00eentreprinderile mici \u0219i mijlocii (IMM-urile);<\/li><li>organiza\u021biile neguvernamentale care \u00ee\u0219i desf\u0103\u0219oar\u0103 activitatea \u00een sectoarele agriculturii, alimenta\u021biei, s\u0103n\u0103t\u0103\u021bii, nutri\u021biei, protec\u021biei consumatorilor, mediului, educa\u021biei \u0219i drepturilor copiilor;<\/li><li>autorit\u0103\u021bile publice responsabile pentru agricultur\u0103, alimenta\u021bie, s\u0103n\u0103tate, nutri\u021bie, protec\u021bia consumatorilor, mediu, educa\u021bie \u0219i drepturile copiilor;<\/li><li>institutele de cercetare, universit\u0103\u021bile \u0219i mediul academic.<\/li><\/ul>\n\n\n\n<p class=\"text-content-justify\">Prezenta consultare este disponibil\u0103 \u00een limba rom\u00e2n\u0103 \u015fi include \u00eentreb\u0103ri generale pentru to\u021bi responden\u021bii \u0219i \u00eentreb\u0103ri suplimentare pentru grupuri-\u021bint\u0103 specifice. Chestionarul pentru consultarea public\u0103 poate fi accesat <a href=\"https:\/\/ec.europa.eu\/info\/law\/better-regulation\/have-your-say\/initiatives\/12970-Evaluarea-programului-UE-privind-incurajarea-consumului-de-fructe-legume-si-lapte-in-scoli_ro\" data-type=\"URL\" data-id=\"https:\/\/ec.europa.eu\/info\/law\/better-regulation\/have-your-say\/initiatives\/12970-Evaluarea-programului-UE-privind-incurajarea-consumului-de-fructe-legume-si-lapte-in-scoli_ro\" target=\"_blank\" rel=\"noreferrer noopener\">aici<\/a>.<\/p>\n","protected":false},"excerpt":{"rendered":"<p>Comisia European\u0103 a deschis p\u00e2n\u0103 la&nbsp;28 iulie 2022&nbsp;o consultare public\u0103 care vizeaz\u0103 \u201eEvaluarea programului UE privind \u00eencurajarea consumului de fructe, legume \u0219i lapte \u00een \u0219coli (\u201eProgramul UE pentru \u0219coli\u201d). Programul Uniunii Europene pentru \u0219coli, aplicabil din 2017, sprijin\u0103 distribuirea de fructe, legume, lapte \u0219i&nbsp;produse lactate c\u0103tre pre\u0219colari \u0219i elevi, de la gr\u0103dini\u021be \u0219i p\u00e2n\u0103 la [&hellip;]<\/p>\n","protected":false},"author":2,"featured_media":3425,"comment_status":"closed","ping_status":"closed","sticky":false,"template":"","format":"standard","meta":{"_et_pb_use_builder":"","_et_pb_old_content":"","_et_gb_content_width":"","footnotes":""},"categories":[19],"tags":[],"class_list":["post-3424","post","type-post","status-publish","format-standard","has-post-thumbnail","hentry","category-oportunitati-finantare-internationala"],"_links":{"self":[{"href":"https:\/\/uncjr.ro\/web\/wp-json\/wp\/v2\/posts\/3424","targetHints":{"allow":["GET"]}}],"collection":[{"href":"https:\/\/uncjr.ro\/web\/wp-json\/wp\/v2\/posts"}],"about":[{"href":"https:\/\/uncjr.ro\/web\/wp-json\/wp\/v2\/types\/post"}],"author":[{"embeddable":true,"href":"https:\/\/uncjr.ro\/web\/wp-json\/wp\/v2\/users\/2"}],"replies":[{"embeddable":true,"href":"https:\/\/uncjr.ro\/web\/wp-json\/wp\/v2\/comments?post=3424"}],"version-history":[{"count":1,"href":"https:\/\/uncjr.ro\/web\/wp-json\/wp\/v2\/posts\/3424\/revisions"}],"predecessor-version":[{"id":3426,"href":"https:\/\/uncjr.ro\/web\/wp-json\/wp\/v2\/posts\/3424\/revisions\/3426"}],"wp:featuredmedia":[{"embeddable":true,"href":"https:\/\/uncjr.ro\/web\/wp-json\/wp\/v2\/media\/3425"}],"wp:attachment":[{"href":"https:\/\/uncjr.ro\/web\/wp-json\/wp\/v2\/media?parent=3424"}],"wp:term":[{"taxonomy":"category","embeddable":true,"href":"https:\/\/uncjr.ro\/web\/wp-json\/wp\/v2\/categories?post=3424"},{"taxonomy":"post_tag","embeddable":true,"href":"https:\/\/uncjr.ro\/web\/wp-json\/wp\/v2\/tags?post=3424"}],"curies":[{"name":"wp","href":"https:\/\/api.w.org\/{rel}","templated":true}]}}