{"id":3413,"date":"2022-05-03T15:12:55","date_gmt":"2022-05-03T13:12:55","guid":{"rendered":"https:\/\/uncjr.ro\/web\/?p=3413"},"modified":"2022-05-03T15:15:56","modified_gmt":"2022-05-03T13:15:56","slug":"uncjr-va-invita-sa-participati-la-conferinta-politica-in-sistem-hibrid-organizata-de-cepli","status":"publish","type":"post","link":"https:\/\/uncjr.ro\/web\/uncjr-va-invita-sa-participati-la-conferinta-politica-in-sistem-hibrid-organizata-de-cepli\/","title":{"rendered":"UNCJR v\u0103 invit\u0103 s\u0103 participa\u021bi la conferin\u021ba politic\u0103 \u00een sistem hibrid organizat\u0103 de CEPLI"},"content":{"rendered":"\n<p class=\"text-content-justify\">Uniunea Na\u0163ional\u0103 a Consiliilor Jude\u0163ene din Rom\u00e2nia, al\u0103turi de partenerii s\u0103i din Confedera\u0163ia European\u0103 a Autorit\u0103\u0163ilor Locale de nivel Intermediar (CEPLI) \u2013 asocia\u0163iile similare din Belgia, Fran\u0163a, Germania, Italia, Polonia \u015fi Spania \u015fi re\u0163elele europene Arc Latin \u015fi Partenalia &#8211; v\u0103 invit\u0103 s\u0103 participa\u0163i la conferin\u0163a politic\u0103 \u201eAbilitarea autorit\u0103\u0163ilor locale de nivel intermediar&nbsp;pentru o mai bun\u0103 rezilien\u0163\u0103&nbsp;teritorial\u0103\u201d.<\/p>\n\n\n\n<p class=\"text-content-justify\">Evenimentul va avea loc \u00een sistem hibrid, la Cracovia (Polonia) \u015fi \u00een online, la&nbsp;<strong>17 mai 2022<\/strong>.<\/p>\n\n\n\n<p class=\"text-content-justify\">Data limit\u0103 pentru inregistrare difer\u0103 \u00een func\u0163ie de tipul de participare: 12 mai 2022, pentru prezen\u0163a \u00een persoan\u0103, \u015fi 16 mai 2022 (12:00 CET), pentru participan\u0163ii \u00een sistem virtual.<\/p>\n\n\n\n<p>Formularul pentru \u00eenregistrare este disponibil pe pagina de <a href=\"https:\/\/cepli.eu\/\" data-type=\"URL\" data-id=\"https:\/\/cepli.eu\/\" target=\"_blank\" rel=\"noreferrer noopener\">web a CEP<\/a>LI. <\/p>\n\n\n\n<p class=\"text-content-justify\">Fiecare participant \u00eenscris pentru online va primi in ziua precedent\u0103 conferin\u0163ei informa\u0163iile necesare pentru conectarea la eveniment.<\/p>\n\n\n\n<p class=\"text-content-justify\">\u00a0Anul acesta, CEPLI propune ca aceast\u0103 dezbatere s\u0103 fie\u00a0dedicat\u0103\u00a0rezilien\u0163ei teritoriale, \u00eentr-o\u00a0abordare integrat\u0103 care are \u00een vedere un management de prevenire a oric\u0103rui tip de criz\u0103, \u015foc sau risc cu impact vital pentru colectivit\u0103\u0163ile teritoriale \u015fi cet\u0103\u0163eni.<\/p>\n\n\n\n<p class=\"text-content-justify\">Ca \u00een fiecare an de la \u00eenfiintarea CEPLI, conferin\u0163a politic\u0103 pe care membrii confedera\u0163iei o organizeaz\u0103 pune \u00een dezbatere un subiect de actualitate care are un impact major la nivel local \u015fi regional, cu scopul de a reuni exemple de bun\u0103 practic\u0103, idei \u015fi perspective utile at\u00e2t pentru ale\u015fii locali care reprezint\u0103 jude\u0163ele, provinciile, departamentele \u015fi alte administra\u0163ii similare din Europa, c\u00e2t si pentru responsabilii de la nivel european \u015fi reprezentan\u0163ii mediului academic.<\/p>\n\n\n\n<p class=\"text-content-justify\">Programul conferin\u0163ei \u00een limba rom\u00e2n\u0103 se reg\u0103se\u0219te <a href=\"https:\/\/uncjr.ro\/web\/wp-content\/uploads\/propunere-agenda-Conferinta-Politica-a-CEPLI-17-mai-2022-ro-1.docx\" data-type=\"URL\" data-id=\"https:\/\/uncjr.ro\/web\/wp-content\/uploads\/propunere-agenda-Conferinta-Politica-a-CEPLI-17-mai-2022-ro-1.docx\" target=\"_blank\" rel=\"noreferrer noopener\">aici.<\/a> \u00cent\u00e2lnirea se va \u00eencheia cu o declara\u0163ie politic\u0103 a membrilor confedera\u0163iei, care va fi adresat\u0103 institu\u0163iilor europene.<\/p>\n\n\n\n<figure class=\"wp-block-image size-full\"><a href=\"https:\/\/cepli.eu\/\" target=\"_blank\" rel=\"noopener\"><img loading=\"lazy\" decoding=\"async\" width=\"720\" height=\"480\" src=\"https:\/\/uncjr.ro\/web\/wp-content\/uploads\/cepli-conferinta-politica.jpg\" alt=\"\" class=\"wp-image-3414\" srcset=\"https:\/\/uncjr.ro\/web\/wp-content\/uploads\/cepli-conferinta-politica.jpg 720w, https:\/\/uncjr.ro\/web\/wp-content\/uploads\/cepli-conferinta-politica-480x320.jpg 480w\" sizes=\"(min-width: 0px) and (max-width: 480px) 480px, (min-width: 481px) 720px, 100vw\" \/><\/a><\/figure>\n\n\n\n<p><\/p>\n","protected":false},"excerpt":{"rendered":"<p>Uniunea Na\u0163ional\u0103 a Consiliilor Jude\u0163ene din Rom\u00e2nia, al\u0103turi de partenerii s\u0103i din Confedera\u0163ia European\u0103 a Autorit\u0103\u0163ilor Locale de nivel Intermediar (CEPLI) \u2013 asocia\u0163iile similare din Belgia, Fran\u0163a, Germania, Italia, Polonia \u015fi Spania \u015fi re\u0163elele europene Arc Latin \u015fi Partenalia &#8211; v\u0103 invit\u0103 s\u0103 participa\u0163i la conferin\u0163a politic\u0103 \u201eAbilitarea autorit\u0103\u0163ilor locale de nivel intermediar&nbsp;pentru o mai [&hellip;]<\/p>\n","protected":false},"author":2,"featured_media":3415,"comment_status":"closed","ping_status":"closed","sticky":false,"template":"","format":"standard","meta":{"_et_pb_use_builder":"","_et_pb_old_content":"","_et_gb_content_width":"","footnotes":""},"categories":[14],"tags":[],"class_list":["post-3413","post","type-post","status-publish","format-standard","has-post-thumbnail","hentry","category-evenimente"],"_links":{"self":[{"href":"https:\/\/uncjr.ro\/web\/wp-json\/wp\/v2\/posts\/3413","targetHints":{"allow":["GET"]}}],"collection":[{"href":"https:\/\/uncjr.ro\/web\/wp-json\/wp\/v2\/posts"}],"about":[{"href":"https:\/\/uncjr.ro\/web\/wp-json\/wp\/v2\/types\/post"}],"author":[{"embeddable":true,"href":"https:\/\/uncjr.ro\/web\/wp-json\/wp\/v2\/users\/2"}],"replies":[{"embeddable":true,"href":"https:\/\/uncjr.ro\/web\/wp-json\/wp\/v2\/comments?post=3413"}],"version-history":[{"count":2,"href":"https:\/\/uncjr.ro\/web\/wp-json\/wp\/v2\/posts\/3413\/revisions"}],"predecessor-version":[{"id":3422,"href":"https:\/\/uncjr.ro\/web\/wp-json\/wp\/v2\/posts\/3413\/revisions\/3422"}],"wp:featuredmedia":[{"embeddable":true,"href":"https:\/\/uncjr.ro\/web\/wp-json\/wp\/v2\/media\/3415"}],"wp:attachment":[{"href":"https:\/\/uncjr.ro\/web\/wp-json\/wp\/v2\/media?parent=3413"}],"wp:term":[{"taxonomy":"category","embeddable":true,"href":"https:\/\/uncjr.ro\/web\/wp-json\/wp\/v2\/categories?post=3413"},{"taxonomy":"post_tag","embeddable":true,"href":"https:\/\/uncjr.ro\/web\/wp-json\/wp\/v2\/tags?post=3413"}],"curies":[{"name":"wp","href":"https:\/\/api.w.org\/{rel}","templated":true}]}}