{"id":3397,"date":"2022-04-07T09:43:21","date_gmt":"2022-04-07T07:43:21","guid":{"rendered":"https:\/\/uncjr.ro\/web\/?p=3397"},"modified":"2022-04-07T09:43:23","modified_gmt":"2022-04-07T07:43:23","slug":"apel-special-pentru-candidaturi-pentru-sprijinirea-proiectelor-in-cadrul-campaniei-pentru-tineret-2022-a-consiliului-europei-democratie-aici-democratie-acum","status":"publish","type":"post","link":"https:\/\/uncjr.ro\/web\/apel-special-pentru-candidaturi-pentru-sprijinirea-proiectelor-in-cadrul-campaniei-pentru-tineret-2022-a-consiliului-europei-democratie-aici-democratie-acum\/","title":{"rendered":"Apel special pentru candidaturi pentru sprijinirea proiectelor \u00een cadrul campaniei pentru tineret 2022 a Consiliului Europei &#8222;Democra\u0163ie, aici. Democra\u0163ie, acum&#8221;"},"content":{"rendered":"\n<p class=\"text-content-justify\"><strong>Funda\u0163ia European\u0103 pentru Tineret (EYF, acronim \u00een englez\u0103), entitate a Consiliului Europei,&nbsp; dore\u0219te s\u0103 sprijine organiza\u021biile de tineret care caut\u0103 finan\u021bare pentru a organiza activit\u0103\u021bi \u00een cadrul campaniei pentru tineret din 2022 \u201eDemocracy Here. Democracy Now\u201d.<\/strong><\/p>\n\n\n\n<p class=\"text-content-justify\"><strong>Termenul limit\u0103 pentru depunerea cererilor de grant este 16 mai 2022.<\/strong><\/p>\n\n\n\n<p class=\"text-content-justify\">Organiza\u021biile de tineret pot depune:<\/p>\n\n\n\n<ul class=\"text-content-justify wp-block-list\"><li>cereri de finan\u0163are pentru activit\u0103\u021bi-pilot care urmeaz\u0103 s\u0103 fie implementate de organiza\u021biile de tineret locale \u0219i na\u021bionale ca parte a campaniei.<\/li><li>cereri de finan\u0163are pentru activit\u0103\u021bi interna\u021bionale care urmeaz\u0103 s\u0103 fie implementate \u00een 2022 de c\u0103tre organiza\u021biile interna\u021bionale de tineret sau organiza\u021biile na\u021bionale de tineret cu al\u0163i parteneri de campanie.<\/li><\/ul>\n\n\n\n<p><strong>Se va acorda prioritate:<\/strong><\/p>\n\n\n\n<p class=\"text-content-justify\">&#8211; solicit\u0103rilor privind activit\u0103\u021bi ce urmeaz\u0103 s\u0103 fie implementate \u00een intervalul de timp stabilit, a\u0219a cum este indicat \u00een calendarul tematic al campaniei;<\/p>\n\n\n\n<p class=\"text-content-justify\">&#8211; solicit\u0103rilor pentru activit\u0103\u021bi de sensibilizare sau educa\u021bionale, cum ar fi campanii de sensibilizare, dezbateri \u0219i \u00eent\u00e2lniri cu p\u0103r\u021bile interesate din politica de tineret (func\u021bionari publici \u0219i reprezentan\u021bi ale\u0219i ai autorit\u0103\u021bilor locale, regionale \u0219i na\u021bionale), ateliere \u0219i seminarii pentru tineret.<\/p>\n\n\n\n<p class=\"text-content-justify\">Condi\u0163ii:<\/p>\n\n\n\n<p class=\"text-content-justify\">Pentru a fi eligibil\u0103 pentru finan\u021bare EYF, cererea trebuie s\u0103 se refere la activit\u0103\u021bi care:<\/p>\n\n\n\n<p class=\"text-content-justify\">&#8211; sunt organizate \u00een cadrul campaniei pentru tineret 2022;<\/p>\n\n\n\n<p class=\"text-content-justify\">&#8211; se desf\u0103\u0219oar\u0103 \u00eentr-un stat membru al Consiliului Europei;<\/p>\n\n\n\n<p class=\"text-content-justify\">&#8211; au o leg\u0103tur\u0103 clar\u0103 cu una sau mai multe dintre temele cheie ale campaniei:&nbsp;<strong>revitalizarea democra\u021biei, participarea semnificativ\u0103 a tinerilor \u0219i digitalizarea<\/strong>;<\/p>\n\n\n\n<p class=\"text-content-justify\">&#8211; \u00eencep \u00eenainte de octombrie 2022, cu un termen de execu\u021bie de maximum \u0219ase luni.<\/p>\n\n\n\n<p class=\"text-content-justify\">Pentru aceast\u0103 cerere special\u0103 de candidaturi, se pot depune oric\u00e2nd cereri de grant \u00eenainte de&nbsp;<strong>16 mai 2022<\/strong>, dar cererile vor fi evaluate numai dup\u0103 aceast\u0103 dat\u0103. EYF \u00ee\u0219i propune s\u0103 comunice rezultatul cererii \u00een termen de \u0219ase-opt s\u0103pt\u0103m\u00e2ni dup\u0103 16 mai, a\u015fadar,&nbsp;proiectele ar trebui s\u0103 aib\u0103 data de \u00eencepere nu mai devreme de \u00eenceputul lunii iulie 2022.<\/p>\n\n\n\n<p class=\"text-content-justify\">Numai organiza\u021biile \u00eenregistrate la EYF pot depune cereri. Instruc\u021biunile \u0219i criteriile de \u00eenregistrare sunt disponibile&nbsp;<a href=\"https:\/\/www.coe.int\/fr\/web\/european-youth-foundation\/registration1\" target=\"_blank\" rel=\"noreferrer noopener\">aici<\/a>.<\/p>\n\n\n\n<p class=\"text-content-justify\"><strong>Cum se depune o cerere?<\/strong><\/p>\n\n\n\n<p class=\"text-content-justify\">Informa\u021bii despre procedura de aplicare \u0219i criteriile pentru ambele categorii se reg\u0103sesc pe pagina de web a FET:<\/p>\n\n\n\n<ul class=\"text-content-justify wp-block-list\"><li>pentru cererile de grant destinate activit\u0103\u0163ilor-pilot &#8211; <a rel=\"noreferrer noopener\" href=\"https:\/\/www.coe.int\/en\/web\/european-youth-foundation\/pilot-activity\" target=\"_blank\">Ce este o activitate pilot<\/a><\/li><li>pentru cererile de granturi pentru activit\u0103\u021bi interna\u021bionale pute\u021bi accesa pagina <a href=\"https:\/\/www.coe.int\/en\/web\/european-youth-foundation\/international-activity\" data-type=\"URL\" data-id=\"https:\/\/www.coe.int\/en\/web\/european-youth-foundation\/international-activity\" target=\"_blank\" rel=\"noreferrer noopener\">aici<\/a>.<\/li><\/ul>\n","protected":false},"excerpt":{"rendered":"<p>Funda\u0163ia European\u0103 pentru Tineret (EYF, acronim \u00een englez\u0103), entitate a Consiliului Europei,&nbsp; dore\u0219te s\u0103 sprijine organiza\u021biile de tineret care caut\u0103 finan\u021bare pentru a organiza activit\u0103\u021bi \u00een cadrul campaniei pentru tineret din 2022 \u201eDemocracy Here. Democracy Now\u201d. Termenul limit\u0103 pentru depunerea cererilor de grant este 16 mai 2022. Organiza\u021biile de tineret pot depune: cereri de finan\u0163are [&hellip;]<\/p>\n","protected":false},"author":2,"featured_media":3398,"comment_status":"closed","ping_status":"closed","sticky":false,"template":"","format":"standard","meta":{"_et_pb_use_builder":"","_et_pb_old_content":"","_et_gb_content_width":"","footnotes":""},"categories":[19],"tags":[],"class_list":["post-3397","post","type-post","status-publish","format-standard","has-post-thumbnail","hentry","category-oportunitati-finantare-internationala"],"_links":{"self":[{"href":"https:\/\/uncjr.ro\/web\/wp-json\/wp\/v2\/posts\/3397","targetHints":{"allow":["GET"]}}],"collection":[{"href":"https:\/\/uncjr.ro\/web\/wp-json\/wp\/v2\/posts"}],"about":[{"href":"https:\/\/uncjr.ro\/web\/wp-json\/wp\/v2\/types\/post"}],"author":[{"embeddable":true,"href":"https:\/\/uncjr.ro\/web\/wp-json\/wp\/v2\/users\/2"}],"replies":[{"embeddable":true,"href":"https:\/\/uncjr.ro\/web\/wp-json\/wp\/v2\/comments?post=3397"}],"version-history":[{"count":1,"href":"https:\/\/uncjr.ro\/web\/wp-json\/wp\/v2\/posts\/3397\/revisions"}],"predecessor-version":[{"id":3399,"href":"https:\/\/uncjr.ro\/web\/wp-json\/wp\/v2\/posts\/3397\/revisions\/3399"}],"wp:featuredmedia":[{"embeddable":true,"href":"https:\/\/uncjr.ro\/web\/wp-json\/wp\/v2\/media\/3398"}],"wp:attachment":[{"href":"https:\/\/uncjr.ro\/web\/wp-json\/wp\/v2\/media?parent=3397"}],"wp:term":[{"taxonomy":"category","embeddable":true,"href":"https:\/\/uncjr.ro\/web\/wp-json\/wp\/v2\/categories?post=3397"},{"taxonomy":"post_tag","embeddable":true,"href":"https:\/\/uncjr.ro\/web\/wp-json\/wp\/v2\/tags?post=3397"}],"curies":[{"name":"wp","href":"https:\/\/api.w.org\/{rel}","templated":true}]}}