{"id":3392,"date":"2022-04-06T15:41:24","date_gmt":"2022-04-06T13:41:24","guid":{"rendered":"https:\/\/uncjr.ro\/web\/?p=3392"},"modified":"2025-01-27T15:38:38","modified_gmt":"2025-01-27T13:38:38","slug":"participarea-uncjr-la-conferinta-de-inchidere-a-proiectului-instrumente-de-sistematizare-a-legislatiei-de-monitorizare-si-de-evaluare-in-administratia-publica","status":"publish","type":"post","link":"https:\/\/uncjr.ro\/web\/participarea-uncjr-la-conferinta-de-inchidere-a-proiectului-instrumente-de-sistematizare-a-legislatiei-de-monitorizare-si-de-evaluare-in-administratia-publica\/","title":{"rendered":"Participarea UNCJR la conferin\u021ba de \u00eenchidere a proiectului \u201eInstrumente de sistematizare a legisla\u021biei de monitorizare \u0219i de evaluare \u00een administra\u021bia public\u0103\u201d"},"content":{"rendered":"\n<p class=\"text-content-justify\">Echipa Uniunii Na\u021bionale a Consiliilor Jude\u021bene din Rom\u00e2nia (UNCJR)&nbsp; a participat ast\u0103zi, 6 aprilie 2022, la conferin\u021ba de \u00eenchidere a proiectului \u201eInstrumente de sistematizare a legisla\u021biei de monitorizare \u0219i de evaluare \u00een administra\u021bia public\u0103\u201d implementat de Ministerul Dezvolt\u0103rii, Lucr\u0103rilor Publice \u0219i Administra\u021biei (MDLPA) finan\u021bat prin Programul Opera\u021bional Capacitate Administrativ\u0103 (POCA).<\/p>\n\n\n\n<p class=\"text-content-justify\">Reprezentan\u021bii UNCJR \u0219i a celorlalte structuri asociative din administra\u021bia public\u0103 local\u0103, Asocia\u021bia Municipiilor din Rom\u00e2nia (AMR), Asocia\u021bia Ora\u0219elor din Rom\u00e2nia (AOR) \u0219i Asocia\u021bia Comunelor din Rom\u00e2nia (ACoR) au f\u0103cut parte din grupul de lucru, al\u0103turi de reprezentan\u021bi ai mediului academic \u0219i ONG-urilor, particip\u00e2nd la toate atelierele de lucru.<\/p>\n\n\n\n<p class=\"text-content-justify\">\u00cempreun\u0103 am supus dezbaterii probleme din practica administra\u021biei publice locale, contribuind la elaborarea unui proiect de act normativ simplu, clar \u0219i concis care s\u0103 determine performan\u021b\u0103 \u00een administra\u021bia public\u0103, transparen\u021b\u0103 \u0219i servicii publice de calitate. Administra\u021bia public\u0103 local\u0103 este cea mai apropiat\u0103 de cet\u0103\u021beni, cunosc\u00e2nd cel mai bine nevoile \u0219i dorin\u021bele acestora.<\/p>\n\n\n\n<p class=\"text-content-justify\">Scopul proiectului a fost elaborarea unui proiect de cod de procedur\u0103 administrativ\u0103. Acesta reprezint\u0103 cadrul normativ general pentru activit\u0103\u021bile administrative de la nivelul autorit\u0103\u021bilor \u0219i instutu\u021biilor publice at\u00e2t centrale c\u00e2t \u0219i locale. Codul de procedur\u0103 administrativ\u0103 va fi un instrument pentru administra\u021bia public\u0103, va veni \u00een ajutorul celor care iau decizii, form\u00e2nd un set de reguli cadru care s\u0103 asigure transparen\u021ba administra\u021biei, stabilirea unor mecanisme de control administrativ sau judiciar u\u0219or accesibile.<\/p>\n\n\n\n<p>Rezultatele proiectului:<\/p>\n\n\n\n<ol type=\"1\" class=\"text-content-justify wp-block-list\"><li>Planul integrat pentru simplificarea procedurilor administrative aplicabile cet\u0103\u021benilor<\/li><li>Planul de ac\u021biuni pentru implementarea etapizat\u0103 a managementului calit\u0103\u021bii \u00een autorit\u0103\u021bi \u0219i institu\u021bii publice 2016-2020<\/li><li>Codul de procedur\u0103 administrativ<\/li><\/ol>\n\n\n\n<p class=\"text-content-justify\">\u00cen cadrul proiectului men\u021bionat mai sus, la sesiunea \u201eManagementul calt\u0103\u021bii \u00een administra\u021bia public\u0103\u201d, unde au fost prezentate proiecte de succes \u0219i bune practici au fost premiate 11 institu\u021bii publice, din care zece sunt din adimistra\u021bia public\u0103 local\u0103, respectiv \u0219ase Consilii Jude\u021bene (Arad, Arge\u0219, Dolj, Ialomi\u021ba, Neam\u021b \u0219i Teleorman).<\/p>\n\n\n\n<p><\/p>\n\n\n\n<figure class=\"wp-block-gallery has-nested-images columns-default is-cropped wp-block-gallery-1 is-layout-flex wp-block-gallery-is-layout-flex\">\n<figure class=\"wp-block-image size-large\"><img loading=\"lazy\" decoding=\"async\" width=\"720\" height=\"480\" data-id=\"3395\" src=\"https:\/\/uncjr.ro\/web\/wp-content\/uploads\/Untitled-design-2-3.jpg\" alt=\"\" class=\"wp-image-3395\" srcset=\"https:\/\/uncjr.ro\/web\/wp-content\/uploads\/Untitled-design-2-3.jpg 720w, https:\/\/uncjr.ro\/web\/wp-content\/uploads\/Untitled-design-2-3-480x320.jpg 480w\" sizes=\"(min-width: 0px) and (max-width: 480px) 480px, (min-width: 481px) 720px, 100vw\" \/><\/figure>\n<\/figure>\n","protected":false},"excerpt":{"rendered":"<p>Echipa Uniunii Na\u021bionale a Consiliilor Jude\u021bene din Rom\u00e2nia (UNCJR)&nbsp; a participat ast\u0103zi, 6 aprilie 2022, la conferin\u021ba de \u00eenchidere a proiectului \u201eInstrumente de sistematizare a legisla\u021biei de monitorizare \u0219i de evaluare \u00een administra\u021bia public\u0103\u201d implementat de Ministerul Dezvolt\u0103rii, Lucr\u0103rilor Publice \u0219i Administra\u021biei (MDLPA) finan\u021bat prin Programul Opera\u021bional Capacitate Administrativ\u0103 (POCA). Reprezentan\u021bii UNCJR \u0219i a celorlalte [&hellip;]<\/p>\n","protected":false},"author":2,"featured_media":3393,"comment_status":"closed","ping_status":"closed","sticky":false,"template":"","format":"standard","meta":{"_et_pb_use_builder":"","_et_pb_old_content":"","_et_gb_content_width":"","footnotes":""},"categories":[14],"tags":[],"class_list":["post-3392","post","type-post","status-publish","format-standard","has-post-thumbnail","hentry","category-evenimente"],"_links":{"self":[{"href":"https:\/\/uncjr.ro\/web\/wp-json\/wp\/v2\/posts\/3392","targetHints":{"allow":["GET"]}}],"collection":[{"href":"https:\/\/uncjr.ro\/web\/wp-json\/wp\/v2\/posts"}],"about":[{"href":"https:\/\/uncjr.ro\/web\/wp-json\/wp\/v2\/types\/post"}],"author":[{"embeddable":true,"href":"https:\/\/uncjr.ro\/web\/wp-json\/wp\/v2\/users\/2"}],"replies":[{"embeddable":true,"href":"https:\/\/uncjr.ro\/web\/wp-json\/wp\/v2\/comments?post=3392"}],"version-history":[{"count":2,"href":"https:\/\/uncjr.ro\/web\/wp-json\/wp\/v2\/posts\/3392\/revisions"}],"predecessor-version":[{"id":3396,"href":"https:\/\/uncjr.ro\/web\/wp-json\/wp\/v2\/posts\/3392\/revisions\/3396"}],"wp:featuredmedia":[{"embeddable":true,"href":"https:\/\/uncjr.ro\/web\/wp-json\/wp\/v2\/media\/3393"}],"wp:attachment":[{"href":"https:\/\/uncjr.ro\/web\/wp-json\/wp\/v2\/media?parent=3392"}],"wp:term":[{"taxonomy":"category","embeddable":true,"href":"https:\/\/uncjr.ro\/web\/wp-json\/wp\/v2\/categories?post=3392"},{"taxonomy":"post_tag","embeddable":true,"href":"https:\/\/uncjr.ro\/web\/wp-json\/wp\/v2\/tags?post=3392"}],"curies":[{"name":"wp","href":"https:\/\/api.w.org\/{rel}","templated":true}]}}