{"id":3383,"date":"2022-04-06T08:58:44","date_gmt":"2022-04-06T06:58:44","guid":{"rendered":"https:\/\/uncjr.ro\/web\/?p=3383"},"modified":"2025-01-27T15:37:15","modified_gmt":"2025-01-27T13:37:15","slug":"participarea-uncjr-la-intrunirea-adunarii-generala-a-asociatiei-oraselor","status":"publish","type":"post","link":"https:\/\/uncjr.ro\/web\/participarea-uncjr-la-intrunirea-adunarii-generala-a-asociatiei-oraselor\/","title":{"rendered":"Participarea UNCJR la \u00eentrunirea Adun\u0103rii General\u0103 a Asocia\u021biei Ora\u0219elor"},"content":{"rendered":"\n<p class=\"text-content-justify\">Pre\u0219edintele Uniunii Na\u021bionale a Consiliilor Jude\u021bene din Rom\u00e2nia (UNCJR), Adrian-Ioan Ve\u0219tea a participat mar\u021bi, 5 aprilie 2022, la \u00eentrunirea Adun\u0103rii Generale a Asocia\u021biei Ora\u0219elor din Rom\u00e2nia (AOR), ce a avut loc la Sala \u201eNicolae Iorga\u201d de la Palatul Parlamentului.<\/p>\n\n\n\n<p class=\"text-content-justify\">Pre\u0219edintele UNCJR a \u021binut un discurs \u00een fa\u021ba celor peste o sut\u0103 de primari de ora\u0219e prezen\u021bi, accentul fiind pus pe necesitatea cooper\u0103rii \u00eentre autorit\u0103\u021bile publice locale \u0219i partenerii guvernamentali. Doar printr-o colaborare eficient\u0103 se pot materializa programele de dezvoltare locale de care fiecare unitate administrativ teritorial\u0103 are nevoie.<\/p>\n\n\n\n<p>\u201eI-am asigurat pe colegii primari de ora\u015fe din \u00eentreaga \u0163ar\u0103 c\u0103 UNCJR \u015fi AOR vor colabora \u015fi pe mai departe al\u0103turi de structurile asociative ale municipiilor \u015fi comunelor, \u015fi vor p\u0103stra un dialog viu \u015fi constructiv cu Guvernul condus de premierul Nicolae Ciuc\u0103, cel care de fiecare dat\u0103 ne-a consultat \u00een chestiuni legislative, ne-a ascultat problemele \u015fi a manifestat o deschidere total\u0103 fa\u0163\u0103 de toate subiectele pe care le-am adus \u00een aten\u0163ia sa. F\u0103r\u0103 aceast\u0103 rela\u0163ie de colaborare \u015fi parteneriat, dezvoltarea \u015fi modernizarea Rom\u00e2niei nu se pot realiza.<\/p>\n\n\n\n<p>Din postura de pre\u015fedinte de consiliu jude\u0163ean \u00een\u0163eleg c\u00e2t de important este parteneriatul pe care orice autoritate public\u0103 local\u0103 trebuie s\u0103-l aib\u0103 at\u00e2t cu administra\u0163ia public\u0103 jude\u0163ean\u0103, de la care poate beneficia de cofinan\u0163\u0103ri pentru anumite proiecte punctuale, c\u00e2t \u015fi cu autorit\u0103\u0163ile guvernamentale, av\u00e2nd \u00een vedere c\u0103 sunt multe oportunit\u0103\u0163i \u015fi solu\u0163ii de finan\u0163are gestionate prin ministerele de resort\u201d a men\u021bionat pre\u0219edintele UNCJR, Adrian-Ioan Ve\u0219tea.<\/p>\n\n\n\n<p><\/p>\n\n\n\n<figure class=\"wp-block-video\"><video height=\"480\" style=\"aspect-ratio: 576 \/ 480;\" width=\"576\" controls src=\"https:\/\/uncjr.ro\/web\/wp-content\/uploads\/96e76a35-6c1f-4cae-88cd-890d29c434f9-4.mp4\"><\/video><\/figure>\n\n\n\n<figure class=\"wp-block-gallery has-nested-images columns-default is-cropped wp-block-gallery-1 is-layout-flex wp-block-gallery-is-layout-flex\">\n<figure class=\"wp-block-image size-large\"><img loading=\"lazy\" decoding=\"async\" width=\"1024\" height=\"600\" data-id=\"3386\" src=\"https:\/\/uncjr.ro\/web\/wp-content\/uploads\/AG-AMR-2-1024x600.jpg\" alt=\"\" class=\"wp-image-3386\" srcset=\"https:\/\/uncjr.ro\/web\/wp-content\/uploads\/AG-AMR-2-1024x600.jpg 1024w, https:\/\/uncjr.ro\/web\/wp-content\/uploads\/AG-AMR-2-980x574.jpg 980w, https:\/\/uncjr.ro\/web\/wp-content\/uploads\/AG-AMR-2-480x281.jpg 480w\" sizes=\"(min-width: 0px) and (max-width: 480px) 480px, (min-width: 481px) and (max-width: 980px) 980px, (min-width: 981px) 1024px, 100vw\" \/><\/figure>\n\n\n\n<figure class=\"wp-block-image size-large\"><img loading=\"lazy\" decoding=\"async\" width=\"1024\" height=\"730\" data-id=\"3385\" src=\"https:\/\/uncjr.ro\/web\/wp-content\/uploads\/ag-AMR-1024x730.jpg\" alt=\"\" class=\"wp-image-3385\" srcset=\"https:\/\/uncjr.ro\/web\/wp-content\/uploads\/ag-AMR-1024x730.jpg 1024w, https:\/\/uncjr.ro\/web\/wp-content\/uploads\/ag-AMR-980x699.jpg 980w, https:\/\/uncjr.ro\/web\/wp-content\/uploads\/ag-AMR-480x342.jpg 480w\" sizes=\"(min-width: 0px) and (max-width: 480px) 480px, (min-width: 481px) and (max-width: 980px) 980px, (min-width: 981px) 1024px, 100vw\" \/><\/figure>\n<\/figure>\n","protected":false},"excerpt":{"rendered":"<p>Pre\u0219edintele Uniunii Na\u021bionale a Consiliilor Jude\u021bene din Rom\u00e2nia (UNCJR), Adrian-Ioan Ve\u0219tea a participat mar\u021bi, 5 aprilie 2022, la \u00eentrunirea Adun\u0103rii Generale a Asocia\u021biei Ora\u0219elor din Rom\u00e2nia (AOR), ce a avut loc la Sala \u201eNicolae Iorga\u201d de la Palatul Parlamentului. Pre\u0219edintele UNCJR a \u021binut un discurs \u00een fa\u021ba celor peste o sut\u0103 de primari de ora\u0219e [&hellip;]<\/p>\n","protected":false},"author":2,"featured_media":3384,"comment_status":"closed","ping_status":"closed","sticky":false,"template":"","format":"standard","meta":{"_et_pb_use_builder":"","_et_pb_old_content":"","_et_gb_content_width":"","footnotes":""},"categories":[14],"tags":[],"class_list":["post-3383","post","type-post","status-publish","format-standard","has-post-thumbnail","hentry","category-evenimente"],"_links":{"self":[{"href":"https:\/\/uncjr.ro\/web\/wp-json\/wp\/v2\/posts\/3383","targetHints":{"allow":["GET"]}}],"collection":[{"href":"https:\/\/uncjr.ro\/web\/wp-json\/wp\/v2\/posts"}],"about":[{"href":"https:\/\/uncjr.ro\/web\/wp-json\/wp\/v2\/types\/post"}],"author":[{"embeddable":true,"href":"https:\/\/uncjr.ro\/web\/wp-json\/wp\/v2\/users\/2"}],"replies":[{"embeddable":true,"href":"https:\/\/uncjr.ro\/web\/wp-json\/wp\/v2\/comments?post=3383"}],"version-history":[{"count":2,"href":"https:\/\/uncjr.ro\/web\/wp-json\/wp\/v2\/posts\/3383\/revisions"}],"predecessor-version":[{"id":3390,"href":"https:\/\/uncjr.ro\/web\/wp-json\/wp\/v2\/posts\/3383\/revisions\/3390"}],"wp:featuredmedia":[{"embeddable":true,"href":"https:\/\/uncjr.ro\/web\/wp-json\/wp\/v2\/media\/3384"}],"wp:attachment":[{"href":"https:\/\/uncjr.ro\/web\/wp-json\/wp\/v2\/media?parent=3383"}],"wp:term":[{"taxonomy":"category","embeddable":true,"href":"https:\/\/uncjr.ro\/web\/wp-json\/wp\/v2\/categories?post=3383"},{"taxonomy":"post_tag","embeddable":true,"href":"https:\/\/uncjr.ro\/web\/wp-json\/wp\/v2\/tags?post=3383"}],"curies":[{"name":"wp","href":"https:\/\/api.w.org\/{rel}","templated":true}]}}