{"id":3366,"date":"2022-04-01T09:00:40","date_gmt":"2022-04-01T07:00:40","guid":{"rendered":"https:\/\/uncjr.ro\/web\/?p=3366"},"modified":"2022-04-01T09:00:41","modified_gmt":"2022-04-01T07:00:41","slug":"cor-a-lansat-noua-platforma-digitala-pentru-a-raspunde-crizei-umanitare-din-ucraina","status":"publish","type":"post","link":"https:\/\/uncjr.ro\/web\/cor-a-lansat-noua-platforma-digitala-pentru-a-raspunde-crizei-umanitare-din-ucraina\/","title":{"rendered":"CoR a lansat noua platform\u0103 digital\u0103 pentru a r\u0103spunde crizei umanitare din Ucraina"},"content":{"rendered":"\n<p class=\"text-content-justify\">Comitetul European al Regiunilor (CoR) a lansat joi, 30 martie 2022, noua platform\u0103 digital\u0103 de sprijin pentru regiuni \u0219i ora\u0219e &#8211;<a rel=\"noreferrer noopener\" href=\"https:\/\/cor.europa.eu\/en\/engage\/Pages\/Help-Ukraine-Info-Support-Hub-for-Regions-and-Cities.aspx?utm_source=SharedLink&amp;utm_medium=ShortURL&amp;utm_campaign=Info-Hub\" data-type=\"URL\" data-id=\"https:\/\/cor.europa.eu\/en\/engage\/Pages\/Help-Ukraine-Info-Support-Hub-for-Regions-and-Cities.aspx?utm_source=SharedLink&amp;utm_medium=ShortURL&amp;utm_campaign=Info-Hub\" target=\"_blank\"> Info-Support Hub for Regions and Cities<\/a>, ca ini\u021biativ\u0103 a <a rel=\"noreferrer noopener\" href=\"https:\/\/cor.europa.eu\/en\/our-work\/Pages\/Ukraine.aspx\" data-type=\"URL\" data-id=\"https:\/\/cor.europa.eu\/en\/our-work\/Pages\/Ukraine.aspx\" target=\"_blank\">Grupului s\u0103u de lucru privind Ucraina<\/a>. Platforma ofer\u0103 sprijin concret, informa\u021bii despre drepturi \u0219i fonduri \u0219i consultan\u0163\u0103 pentru regiunile, jude\u0163ele, ora\u0219ele \u0219i p\u0103r\u021bile interesate din Uniunea European\u0103 (UE).<\/p>\n\n\n\n<p class=\"text-content-justify\"><br>Grpul de lucru privind Ucraina a fost \u00eenfiin\u021bat \u00een aprilie 2020 de c\u0103tre Biroul Comitetului European al Regiunilor (CoR). Acesta are obiectivul de a oferi spijin politic \u0219i tehnici pentru a ajuta la ob\u021binerea unei bune guvern\u0103ri \u0219i consolidarea democra\u021biei locale. Aceast\u0103 ini\u021biativ\u0103 vine drept o continuarea a fostului grup operativ din Ucraina create \u00een 2015.<\/p>\n\n\n\n<p class=\"text-content-justify\"><br>CoR dore\u015fte s\u0103 sprijine eforturile autorit\u0103\u021bilor locale \u0219i regionale ale UE pentru a r\u0103spunde crizei umanitare, \u00een special pentru acele administra\u0163ii cople\u0219ite de primirea persoanelor care fug din calea r\u0103zboiului. Unul dintre instrumentele-cheie ale acestei platforme este <a href=\"https:\/\/cor.europa.eu\/en\/engage\/Pages\/Help-Ukraine-refugees.aspx\" data-type=\"URL\" data-id=\"https:\/\/cor.europa.eu\/en\/engage\/Pages\/Help-Ukraine-refugees.aspx\" target=\"_blank\" rel=\"noreferrer noopener\">baza de date digital\u0103<\/a> care pune \u00een rela\u0163ie de coresponden\u0163\u0103 nevoile \u0219i ofertele de asisten\u021b\u0103.<\/p>\n\n\n\n<p class=\"text-content-justify\"><br>Dac\u0103 sunte\u021bi o autoritate local\u0103, jude\u0163ean\u0103 sau regional\u0103 din UE care este dispus\u0103 s\u0103 ofere sprijin sau sunte\u021bi o autoritate care are nevoie de sprijin, v\u0103 rug\u0103m s\u0103 contacta\u021bi echipa care gestioneaz\u0103 ini\u0163iativa la adresa SupportUkraine@cor.europa.eu. Membri \u0219i partenerii care doresc s\u0103 ajute popoprul ucrainean sau s\u0103 ofere suport ora\u0219elor europene care primesc refugia\u021bi pot completa <a href=\"https:\/\/ec.europa.eu\/eusurvey\/runner\/47a53729-82d6-9c15-c4a3-9f0d438cb8f2\" data-type=\"URL\" data-id=\"https:\/\/ec.europa.eu\/eusurvey\/runner\/47a53729-82d6-9c15-c4a3-9f0d438cb8f2\" target=\"_blank\" rel=\"noreferrer noopener\">acest formular <\/a>indic\u00e2nd tipul de ajutor pe care sunt dispu\u0219i s\u0103 \u00eel ofere.<\/p>\n\n\n\n<p class=\"text-content-justify\"><br>\u00cen cadrul \u00eent\u00e2lnirii Grupului de lucru pentru Ucraina al CoR din 30 martie 2022 \u0219i \u00een prezen\u021ba lui Vitali Klitschko, primarul ora\u0219ului Kiev \u0219i \u0219eful Asocia\u021biei ora\u0219elor din Ucraina, c\u0103ruia i s-a acordat calitatea de membru de onoare al CoR, a fost adoptat\u0103 o <a rel=\"noreferrer noopener\" href=\"https:\/\/webapi2016.cor.europa.eu\/v1\/documents\/COR-2022-01781-00-00-TCD-REF-EN.docx\/pdf\" target=\"_blank\">declara\u021bie de solidaritate<\/a>, reiter\u00e2ndu-se angajamentul membrilor CoR, lideri locali care lupt\u0103 pentru valorile \u0219i pentru democra\u021bia european\u0103, de a construi pun\u021bi cu Ucraina.<\/p>\n\n\n\n<p class=\"text-content-justify\"><em>Comitetul European al Regiunilor (European Committee of the Regions \u2013 CoR) este instan\u0163a european\u0103 cu rol consultativ, ce reprezint\u0103 vocea autorit\u0103\u0163ilor locale \u00een Uniunea European\u0103. \u00cenfiin\u0163at \u00een anul 1994, \u00een baza Tratatului de la Maastricht, CoR este un organism complementar celor trei institu\u0163ii comunitare (Consiliul Uniunii Europene, Comisia European\u0103, Parlamentul European), av\u00e2nd rolul de a reprezenta interesele colectivit\u0103\u0163ilor locale \u015fi regionale \u015fi de a asigura participarea acestora la procesul de integrare european\u0103.<\/em><\/p>\n","protected":false},"excerpt":{"rendered":"<p>Comitetul European al Regiunilor (CoR) a lansat joi, 30 martie 2022, noua platform\u0103 digital\u0103 de sprijin pentru regiuni \u0219i ora\u0219e &#8211; Info-Support Hub for Regions and Cities, ca ini\u021biativ\u0103 a Grupului s\u0103u de lucru privind Ucraina. Platforma ofer\u0103 sprijin concret, informa\u021bii despre drepturi \u0219i fonduri \u0219i consultan\u0163\u0103 pentru regiunile, jude\u0163ele, ora\u0219ele \u0219i p\u0103r\u021bile interesate din [&hellip;]<\/p>\n","protected":false},"author":2,"featured_media":3367,"comment_status":"closed","ping_status":"closed","sticky":false,"template":"","format":"standard","meta":{"_et_pb_use_builder":"","_et_pb_old_content":"","_et_gb_content_width":"","footnotes":""},"categories":[19],"tags":[],"class_list":["post-3366","post","type-post","status-publish","format-standard","has-post-thumbnail","hentry","category-oportunitati-finantare-internationala"],"_links":{"self":[{"href":"https:\/\/uncjr.ro\/web\/wp-json\/wp\/v2\/posts\/3366","targetHints":{"allow":["GET"]}}],"collection":[{"href":"https:\/\/uncjr.ro\/web\/wp-json\/wp\/v2\/posts"}],"about":[{"href":"https:\/\/uncjr.ro\/web\/wp-json\/wp\/v2\/types\/post"}],"author":[{"embeddable":true,"href":"https:\/\/uncjr.ro\/web\/wp-json\/wp\/v2\/users\/2"}],"replies":[{"embeddable":true,"href":"https:\/\/uncjr.ro\/web\/wp-json\/wp\/v2\/comments?post=3366"}],"version-history":[{"count":1,"href":"https:\/\/uncjr.ro\/web\/wp-json\/wp\/v2\/posts\/3366\/revisions"}],"predecessor-version":[{"id":3368,"href":"https:\/\/uncjr.ro\/web\/wp-json\/wp\/v2\/posts\/3366\/revisions\/3368"}],"wp:featuredmedia":[{"embeddable":true,"href":"https:\/\/uncjr.ro\/web\/wp-json\/wp\/v2\/media\/3367"}],"wp:attachment":[{"href":"https:\/\/uncjr.ro\/web\/wp-json\/wp\/v2\/media?parent=3366"}],"wp:term":[{"taxonomy":"category","embeddable":true,"href":"https:\/\/uncjr.ro\/web\/wp-json\/wp\/v2\/categories?post=3366"},{"taxonomy":"post_tag","embeddable":true,"href":"https:\/\/uncjr.ro\/web\/wp-json\/wp\/v2\/tags?post=3366"}],"curies":[{"name":"wp","href":"https:\/\/api.w.org\/{rel}","templated":true}]}}