{"id":3312,"date":"2022-03-25T18:49:14","date_gmt":"2022-03-25T16:49:14","guid":{"rendered":"https:\/\/uncjr.ro\/web\/?p=3312"},"modified":"2025-01-27T15:37:03","modified_gmt":"2025-01-27T13:37:03","slug":"6-consilii-judetene-au-fost-premiate-de-mdlpa","status":"publish","type":"post","link":"https:\/\/uncjr.ro\/web\/6-consilii-judetene-au-fost-premiate-de-mdlpa\/","title":{"rendered":"6 Consilii Jude\u021bene premiate de MDLPA"},"content":{"rendered":"\n<p class=\"text-content-justify\">Mai multe Consilii Jude\u021bene au fost premiate \u00een urma proiectului european \u201eInstrumente de sistematizare a legisla\u021biei, de monitorizare \u0219i de evaluare \u00een administra\u021bia public\u0103\u201d \u00een cadrul Conferin\u021bei pentru promovarea managementului calit\u0103\u021bii \u00een administra\u021bia public\u0103 din data de 24 martie 2022, organizat\u0103 la Bucure\u0219ti de c\u0103tre Ministerul Dezvolt\u0103rii, Lucr\u0103rilor Publice \u0219i Administra\u021biei (MDLPA). Proiectul este cofinan\u021bat din Fondul Social European prin Programul Opera\u021bional Capacitate Administrativ\u0103 2014-2020.<\/p>\n\n\n\n<p class=\"text-content-justify\">Proiectul a fost compus din \u0219ase domenii, iar Consiliul jude\u021bean Arad \u0219i Neam\u021b a fost premiat \u00een domeniul I: \u201eManagementul calit\u0103\u021bii \u2013 instrument de \u00eembun\u0103t\u0103\u021bire continua\u201d.<\/p>\n\n\n\n<p class=\"text-content-justify\"><br>Consiliul Jude\u021bean Dolj a fost premiat \u00een domeniul II: \u201eServicii publice de calitate \u00een context pandemic \u2013 mai aproape, mai rapid, mai bine!\u201d pentru simplificarea procedurilor prin eficientizare \u0219i digitalizare (SPED).<\/p>\n\n\n\n<p class=\"text-content-justify\"><br>\u00cen cadrul domeniului III: \u201eManagement institu\u021bional eficient \u2013 simplificare, eficien\u021b\u0103 \u0219i atractivitate\u201d, au fost premiate patru Consilii Jude\u021bene, Consiliul Jude\u021bean Arge\u0219 pentru \u201eImplementarea setului de indicatori de performan\u021b\u0103 pe activit\u0103\u021bi \u0219i procese la nivelul Consiliului Jude\u021bean Arge\u0219\u201d, Consiliul Jude\u021bean Ialomi\u021ba pentru \u201eDerularea exerci\u021biului de autoevaluare \u00een sistem on &#8211; line la Consiliul Jude\u021bean Ialomi\u021ba\u201d, \u0219i Consiliul Jude\u021bean Teleorman pentru \u201eImplementarea sistemului de management al calit\u0103\u021bii, respectiv al Procesului de certificare a calit\u0103\u021bii serviciilor ISO 9001, pentru serviciile publice oferite c\u0103tre cet\u0103\u021beni\u201d.<\/p>\n\n\n\n<p class=\"text-content-justify\"><strong>CJ Arad<\/strong><br>Exemplul de bun\u0103 practic\u0103, pentru care a fost premiat Consiliul Jude\u021bean Arad (CJ Arad) face referire la gestionarea documentelor \u00eencep\u00e2nd din ianuarie 2020 c\u00e2nd s-a implementat un modul intern de management al calit\u0103\u021bii documentelor ce faciliteaz\u0103 accesul tuturor angaja\u021bilor la documentele de lucru (cereri, diverse tipizate etc.) ce asigur\u0103 un circuit rapid \u0219i eficient a documentelor \u00eentre structuri. Prim implementarea acestui modul s-a asigurat accesul la documente mult mai eficient, activitatea se desf\u0103\u0219oar\u0103 f\u0103r\u0103 risip\u0103 de resurse materiale \u00eentr-un timp mult mai scurt. Transparen\u021ba decizional\u0103 este un factor cheie pentru orice institu\u021bie public\u0103, iar prin acest modul informa\u021biile esen\u021biale ajung mult mai rapid la cet\u0103\u021beni. Consiliul Jude\u021bean Arad a realizate sesiuni de formare a personalului, precum \u0219i o campanie de informare \u00een nou\u0103 ora\u0219e din jude\u021b, \u00een vederea cre\u0219terii gradului de con\u0219tientizare \u0219i promov\u0103rii sistemului de management al calit\u0103\u021bii.<\/p>\n\n\n\n<p class=\"text-content-justify\"><br><strong>CJ Neam\u021b<\/strong><br>\u00cen perioada octombrie 2018 \u2013 februarie 2020 Consiliul Jude\u021bean Neam\u021b a fost beneficiarul proiectului European \u201eIMCAD &#8211; Implementarea managementului calit\u0103\u0163ii &#8211; administra\u0163ie durabil finan\u021bat prin Programul Opera\u021bional Capacitate Administrativ\u0103 2014- 2020\u201d. Obiectul general al proiectul a vizat consolidarea capacit\u0103\u021bii administrative de gestionare a serviciilor publice furnizate la nivelul consiliului jude\u021bean prin implementarea \u0219i utilizarea sistemelor unitare de management al calit\u0103\u021bii CAF (Cadru Comun de autoevaluare a modului de func\u021bionare a institu\u021biilor publice) \u0219i ISO. Mai mult, CJ Neam\u021b a realizat \u0219i un sistem de management al calit\u0103\u021bii (SMC), un proces de promovare \u0219i con\u0219tientizare eficient\u0103 a beneficiilor oferite de proiect, dar \u0219i instruirea angaja\u021bilor \u00een domeniul managementul calit\u0103\u021bii. Toate aceste demersuri au dus la cre\u0219terea calit\u0103\u021bii serviciilor publice oferite, sporirea satisfac\u021biei cet\u0103\u021benilor \u0219i apropierea de ace\u0219tia, eficientizarea procedurilor \u0219i proceselor \u00een lucru cu cet\u0103\u021benii, dar \u0219i premierea Consiliului \u00een cadrul conferin\u021bei din 24 martie 2022 pentru acest exemplu de bune practice.<\/p>\n\n\n\n<p class=\"text-content-justify\"><br><strong>CJ Dolj<\/strong><br>Pentru proiectul \u201dSPED &#8211; Simplificarea Procedurilor prin Eficientizare \u0219i Digitalizare\u201d implementat \u00een anul 2021, Consiliul Jude\u021bean Dolj a fost premiat, fiind un exemplu de bun\u0103 practic\u0103 privind digitalizarea \u0219i reducerea birocra\u021biei. Proiectul a avut ca obiectiv general facilitarea accesului cet\u0103\u021benilor la serviciile publice, oferindu-le posibilitatea acestora de a depune \u0219i ob\u021bine online o serie de documente. Consiliului Jude\u021bean Dolj \u0219i-a \u00eembun\u0103t\u0103\u021bi serviciile oferite cet\u0103\u021benilor, transpun\u00e2nd \u00een practic\u0103 m\u0103surile derivate din Strategia pentru Consolidarea Administra\u021biei Publice 2014 \u2013 2020 \u0219i Planul integrat pentru simplificarea procedurilor administrative aplicabile cet\u0103\u021benilor, \u00een corela\u021bie cu Strategia na\u021bional\u0103 privind Agenda Digital\u0103 pentru Rom\u00e2nia 2020. Concret CJ Dolj a deschis un portal web pe care cet\u0103\u021benii \u00eel pot accesa 24\/24 pentru a depune \u0219i ob\u021bine documente online disponibil pe orice dispozitiv.<\/p>\n\n\n\n<p class=\"text-content-justify\"><strong>CJ Arge\u0219<\/strong><br>\u00cen perioada 2018-2019 Consiliul Jude\u021bean Arge\u0219 a derulat proiectul \u201cCertificarea activit\u0103\u021bilor Consiliului Jude\u021bean Arge\u0219 \u0219i dezvoltarea abilit\u0103\u021bilor personalului, \u00een concordan\u021b\u0103 cu prevederile SCAP\u201d din cadrul proiectului european \u201eStrategia pentru consolidarea administra\u021biei publice 2014-2020 (SCAP)\u201d ce a implicat tranzi\u021bia de la abordarea secven\u021bial\u0103 la abordarea procesual\u0103 privind implementarea sistemului integrat de management al calit\u0103\u021bii \u0219i performan\u021be. \u00cen derularea proiectul s-au identificat indicatorii de performan\u021b\u0103 a activit\u0103\u021bilor \u0219i s-au eviden\u021biat punctele unde este necesar\u0103 interven\u021bia \u00een vederea eficientiz\u0103rii. CJ Arge\u0219 a a avut ca rezultat, pe l\u00e2ng\u0103 metodologii, rapoarte, proceduri, set de indicatori de performan\u021b\u0103 \u0219i realizarea Metodologia de Monitorizare a implement\u0103rii sistemului integrat al managementului calit\u0103\u021bii \u0219i performan\u021bei, fiind un exemplu de bun\u0103 practic\u0103 ce a fost premiat.<\/p>\n\n\n\n<p class=\"text-content-justify\"><strong>CJ<\/strong> <strong>Ialomi\u021ba<br><\/strong>Exemplul de bun\u0103 practic\u0103 pentru carea fost permiat Consiliul Jude\u021bean Ialomi\u021ba face referire la exerci\u021biul de evaluare efectuat \u00een cadrul proiectul \u201eImplementarea Cadrului Comun de Autoevaluare. Garan\u021bia unei administra\u021bii eficiente \u00een slujba cet\u0103\u021beanului\u201d, activitatea desf\u0103\u0219urat\u0103 \u00een februarie 2019 prive\u0219te modalitatea de aplicare a instrumentului CAF. Acest proiect s-a bazat pe r\u0103spunsurile angaja\u021bilor \u00een urma c\u0103rora s-a \u00eentocmit planul de \u00eembun\u0103t\u0103\u021bire c\u00e2t mai aproape de nevoile \u0219i viziunile func\u021bionarilor din consiliul jude\u021bean, duc\u00e2nd la o cre\u0219tere a calit\u0103\u021bii serviciilor \u00een vederea satisfacerii cerin\u021belor \u0219i a\u0219tept\u0103rilor popula\u021biei.<\/p>\n\n\n\n<p class=\"text-content-justify\"><strong>CJ Teleorman<\/strong><br>Pentru a fi c\u00e2t mai aproape de a\u0219tept\u0103rile \u0219i nevoile cet\u0103\u021benilor, Consiliul Jude\u021bean Teleorman a demarat \u00een aprilie 2020 proiectul \u201eSistem de Management al Calit\u0103\u021bii, \u00een conformitate cu cerin\u021bele standardului SR EN ISO 9001:2015\u201d, fiind un exemplu de bun\u0103 practic\u0103 ce le-a adus \u0219i premierea de c\u0103tre MDLPA. Prin acest proiect CJ Teleorman a reu\u0219it, printre altele, s\u0103: eficientizeze activit\u0103\u021bile interne, \u00eembun\u0103t\u0103\u021beasc\u0103 procesul de coordonare \u0219i comunicare, reduc\u0103 termenul de solu\u021bionare a peti\u021biilor, creasc\u0103 gradul de satisfac\u021bie al cet\u0103\u021benilor\/clien\u021bilor.<\/p>\n\n\n\n<figure class=\"wp-block-gallery has-nested-images columns-default is-cropped wp-block-gallery-1 is-layout-flex wp-block-gallery-is-layout-flex\">\n<figure class=\"wp-block-image size-large\"><img loading=\"lazy\" decoding=\"async\" width=\"1024\" height=\"683\" data-id=\"3324\" src=\"https:\/\/uncjr.ro\/web\/wp-content\/uploads\/IMG_6053-1-1024x683.jpg\" alt=\"\" class=\"wp-image-3324\" srcset=\"https:\/\/uncjr.ro\/web\/wp-content\/uploads\/IMG_6053-1-980x653.jpg 980w, https:\/\/uncjr.ro\/web\/wp-content\/uploads\/IMG_6053-1-480x320.jpg 480w\" sizes=\"(min-width: 0px) and (max-width: 480px) 480px, (min-width: 481px) and (max-width: 980px) 980px, (min-width: 981px) 1024px, 100vw\" \/><\/figure>\n<figcaption class=\"blocks-gallery-caption\">Credit foto: MDLPA<\/figcaption><\/figure>\n","protected":false},"excerpt":{"rendered":"<p>Mai multe Consilii Jude\u021bene au fost premiate \u00een urma proiectului european \u201eInstrumente de sistematizare a legisla\u021biei, de monitorizare \u0219i de evaluare \u00een administra\u021bia public\u0103\u201d \u00een cadrul Conferin\u021bei pentru promovarea managementului calit\u0103\u021bii \u00een administra\u021bia public\u0103 din data de 24 martie 2022, organizat\u0103 la Bucure\u0219ti de c\u0103tre Ministerul Dezvolt\u0103rii, Lucr\u0103rilor Publice \u0219i Administra\u021biei (MDLPA). Proiectul este cofinan\u021bat [&hellip;]<\/p>\n","protected":false},"author":2,"featured_media":3325,"comment_status":"closed","ping_status":"closed","sticky":false,"template":"","format":"standard","meta":{"_et_pb_use_builder":"","_et_pb_old_content":"","_et_gb_content_width":"","footnotes":""},"categories":[14],"tags":[],"class_list":["post-3312","post","type-post","status-publish","format-standard","has-post-thumbnail","hentry","category-evenimente"],"_links":{"self":[{"href":"https:\/\/uncjr.ro\/web\/wp-json\/wp\/v2\/posts\/3312","targetHints":{"allow":["GET"]}}],"collection":[{"href":"https:\/\/uncjr.ro\/web\/wp-json\/wp\/v2\/posts"}],"about":[{"href":"https:\/\/uncjr.ro\/web\/wp-json\/wp\/v2\/types\/post"}],"author":[{"embeddable":true,"href":"https:\/\/uncjr.ro\/web\/wp-json\/wp\/v2\/users\/2"}],"replies":[{"embeddable":true,"href":"https:\/\/uncjr.ro\/web\/wp-json\/wp\/v2\/comments?post=3312"}],"version-history":[{"count":2,"href":"https:\/\/uncjr.ro\/web\/wp-json\/wp\/v2\/posts\/3312\/revisions"}],"predecessor-version":[{"id":3328,"href":"https:\/\/uncjr.ro\/web\/wp-json\/wp\/v2\/posts\/3312\/revisions\/3328"}],"wp:featuredmedia":[{"embeddable":true,"href":"https:\/\/uncjr.ro\/web\/wp-json\/wp\/v2\/media\/3325"}],"wp:attachment":[{"href":"https:\/\/uncjr.ro\/web\/wp-json\/wp\/v2\/media?parent=3312"}],"wp:term":[{"taxonomy":"category","embeddable":true,"href":"https:\/\/uncjr.ro\/web\/wp-json\/wp\/v2\/categories?post=3312"},{"taxonomy":"post_tag","embeddable":true,"href":"https:\/\/uncjr.ro\/web\/wp-json\/wp\/v2\/tags?post=3312"}],"curies":[{"name":"wp","href":"https:\/\/api.w.org\/{rel}","templated":true}]}}