{"id":3197,"date":"2022-03-07T10:35:28","date_gmt":"2022-03-07T08:35:28","guid":{"rendered":"https:\/\/uncjr.ro\/web\/?p=3197"},"modified":"2022-03-17T11:40:48","modified_gmt":"2022-03-17T09:40:48","slug":"tulcea-ajuta-ucraina","status":"publish","type":"post","link":"https:\/\/uncjr.ro\/web\/tulcea-ajuta-ucraina\/","title":{"rendered":"Tulcea ajut\u0103 Ucraina"},"content":{"rendered":"\n<p class=\"text-content-justify\">\u00cenc\u0103 de la debutul conflictului militar, tulcenii \u0219i-au manifestat pe deplin solidaritatea \u0219i sprijinul necontenit pentru vecinii ucraineni de peste Dun\u0103re.<\/p>\n\n\n\n<p class=\"text-content-justify\">\u00cen ceea ce prive\u0219te Consiliul Jude\u021bean Tulcea, exist\u0103 o rela\u021bie de prietenie \u0219i de bun\u0103 colaborare administrativ\u0103 cu regiunea Odessa \u0219i o \u00eenfr\u0103\u021bire cu ora\u0219ul Ismail din Ucraina, al\u0103turi de care s-au derulat multiple proiecte transfrontaliere \u00een beneficiul ambelor comunit\u0103\u021bi.<\/p>\n\n\n\n<p class=\"text-content-justify\">Fiind situat la grani\u021ba dintre Rom\u00e2nia \u0219i Ucraina, \u00eentreg jude\u021bul Tulcea depune eforturi extraordinare pentru gestionarea situa\u021biei refugia\u021bilor, epicentrul fiind punctul vamal de trecere cu bacul dintre Isaccea \u0219i Orlovka.<\/p>\n\n\n\n<p class=\"text-content-justify\">Parteneriatul dintre Consiliul Jude\u021bean Tulcea, Institu\u021bia Prefectului &#8211; Jude\u021bul Tulcea \u0219i Asocia\u021bia Comunelor din Rom\u00e2nia &#8211; filiala Tulcea are rezultate extraordinare coordon\u00e2nd transmiterea convoaielor umanitare c\u0103tre regiunea Odessa, \u00een func\u021bie de solicit\u0103rile primite de la ace\u0219tia.<br>De asemenea, Consiliul Jude\u021bean Tulcea \u00eentreprinde eforturi substan\u021biale pentru gestionarea ajutoarelor primite, redirec\u021bion\u00e2nd c\u0103tre ucrainenii care trec grani\u021ba alimente, haine, medicamente \u0219i pentru punctul vamal corturi echipate complet, inclusiv cu sisteme de \u00eenc\u0103lzire.<br>\u00cen consecin\u021b\u0103, \u0219i institu\u021biile subordonate Consiliului Jude\u021bean Tulcea au \u00eentreprins demersuri pentru a asigura refugia\u021bilor cazare, transport \u0219i pentru a acorda servicii medicale \u0219i mese calde.<\/p>\n\n\n\n<p class=\"text-content-justify\"><br>Pe l\u00e2ng\u0103 aceste eforturi, pre\u0219edintele Horia Teodorescu a ini\u021biat demersuri pentru a aduce un z\u00e2mbet pe chipul copiilor ucraineni care ajung \u00een Tulcea \u0219i poate, pre\u021b de c\u00e2teva clipe, pot uita de tragedia de acas\u0103, organiz\u00e2nd prin intermediul institu\u021biilor subordonate o serie de activit\u0103\u021bi pentru precum ateliere de quilling, colorat, pictur\u0103, IT (utilizarea imprimantei 3D). De asemenea, copiii sunt invita\u021bi s\u0103 viziteze \u0219i muzeele tulcene, \u00een special Centrul Eco-Turistic \u201eDelta Dun\u0103rii\u201d, inclusiv s\u0103 participe la piese de teatru organizate la Centrul Cultural \u201eJean Bart\u201c.<\/p>\n\n\n\n<blockquote class=\"wp-block-quote text-content-justify is-layout-flow wp-block-quote-is-layout-flow\"><p>\u201eSunt m\u00e2ndru de tulceni, de Tulcea, pentru umanitatea \u0219i bun\u0103tatea dovedit\u0103 de to\u021bi \u00een aceste zile, \u00een care Ucraina are nevoie mai mult ca oric\u00e2nd de sprijinul nostru.<br>\u00cen completarea demersurilor principale \u00eentreprinse de Consiliul Jude\u021bean Tulcea, cu ajutorul doamnei ministru Gabriela Firea sprijinim procesul de ob\u021binere a documentelor oficiale prin Ambasada Ucrainei din Rom\u00e2nia.<br>\u00cen plus, avem nevoie de m\u0103suri pentru urgentarea accesului vamal \u0219i depunem eforturi deosebite de sprijin pentru familiile de refugia\u021bi ajunse \u00een jude\u021bul Tulcea. Pentru noi, copiii din Ucraina \u0219i mamele acestora sunt principala prioritate. Pe aceast\u0103 cale, a\u0219 vrea s\u0103 mul\u021bumesc tuturor Consiliilor Jude\u021bene, prim\u0103riilor, societ\u0103\u021bilor comerciale, ONG-urilor \u0219i oamenilor inimo\u0219i care au s\u0103rit \u00een ajutorul acestor suflete nevinovate. Toate acestea \u00eemi dau speran\u021b\u0103 c\u0103 oric\u00e2t de grele ar fi vremurile ce urmeaz\u0103, vom fi um\u0103r la um\u0103r pentru un viitor al p\u0103cii.\u201d<\/p><p><\/p><cite>A declarat Horia Teodorescu, pre\u0219edintele Consiliului Jude\u021bean Tulcea.<\/cite><\/blockquote>\n\n\n\n<figure class=\"wp-block-gallery has-nested-images columns-4 is-cropped wp-block-gallery-1 is-layout-flex wp-block-gallery-is-layout-flex\">\n<figure class=\"wp-block-image size-large\"><img loading=\"lazy\" decoding=\"async\" width=\"1024\" height=\"768\" data-id=\"3199\" src=\"https:\/\/uncjr.ro\/web\/wp-content\/uploads\/WhatsApp-Image-2022-03-04-at-14.58.22.jpeg\" alt=\"\" class=\"wp-image-3199\" srcset=\"https:\/\/uncjr.ro\/web\/wp-content\/uploads\/WhatsApp-Image-2022-03-04-at-14.58.22.jpeg 1024w, https:\/\/uncjr.ro\/web\/wp-content\/uploads\/WhatsApp-Image-2022-03-04-at-14.58.22-980x735.jpeg 980w, https:\/\/uncjr.ro\/web\/wp-content\/uploads\/WhatsApp-Image-2022-03-04-at-14.58.22-480x360.jpeg 480w\" sizes=\"(min-width: 0px) and (max-width: 480px) 480px, (min-width: 481px) and (max-width: 980px) 980px, (min-width: 981px) 1024px, 100vw\" \/><\/figure>\n\n\n\n<figure class=\"wp-block-image size-large\"><img loading=\"lazy\" decoding=\"async\" width=\"1024\" height=\"1024\" data-id=\"3202\" src=\"https:\/\/uncjr.ro\/web\/wp-content\/uploads\/275298021_423164186279350_8005056371488484039_n-1024x1024.jpg\" alt=\"\" class=\"wp-image-3202\" srcset=\"https:\/\/uncjr.ro\/web\/wp-content\/uploads\/275298021_423164186279350_8005056371488484039_n-980x980.jpg 980w, https:\/\/uncjr.ro\/web\/wp-content\/uploads\/275298021_423164186279350_8005056371488484039_n-480x480.jpg 480w\" sizes=\"(min-width: 0px) and (max-width: 480px) 480px, (min-width: 481px) and (max-width: 980px) 980px, (min-width: 981px) 1024px, 100vw\" \/><\/figure>\n\n\n\n<figure class=\"wp-block-image size-large\"><img loading=\"lazy\" decoding=\"async\" width=\"1024\" height=\"1024\" data-id=\"3204\" src=\"https:\/\/uncjr.ro\/web\/wp-content\/uploads\/275226605_423164169612685_8134285400452255494_n-1024x1024.jpg\" alt=\"\" class=\"wp-image-3204\" srcset=\"https:\/\/uncjr.ro\/web\/wp-content\/uploads\/275226605_423164169612685_8134285400452255494_n-980x980.jpg 980w, https:\/\/uncjr.ro\/web\/wp-content\/uploads\/275226605_423164169612685_8134285400452255494_n-480x480.jpg 480w\" sizes=\"(min-width: 0px) and (max-width: 480px) 480px, (min-width: 481px) and (max-width: 980px) 980px, (min-width: 981px) 1024px, 100vw\" \/><\/figure>\n\n\n\n<figure class=\"wp-block-image size-large\"><img loading=\"lazy\" decoding=\"async\" width=\"1024\" height=\"768\" data-id=\"3201\" src=\"https:\/\/uncjr.ro\/web\/wp-content\/uploads\/275189456_423164229612679_5180166892513945022_n-1024x768.jpg\" alt=\"\" class=\"wp-image-3201\" srcset=\"https:\/\/uncjr.ro\/web\/wp-content\/uploads\/275189456_423164229612679_5180166892513945022_n-980x735.jpg 980w, https:\/\/uncjr.ro\/web\/wp-content\/uploads\/275189456_423164229612679_5180166892513945022_n-480x360.jpg 480w\" sizes=\"(min-width: 0px) and (max-width: 480px) 480px, (min-width: 481px) and (max-width: 980px) 980px, (min-width: 981px) 1024px, 100vw\" \/><\/figure>\n\n\n\n<figure class=\"wp-block-image size-large\"><img loading=\"lazy\" decoding=\"async\" width=\"1024\" height=\"1024\" data-id=\"3205\" src=\"https:\/\/uncjr.ro\/web\/wp-content\/uploads\/275065629_421829649746137_3645399387266982221_n-1024x1024.jpg\" alt=\"\" class=\"wp-image-3205\" srcset=\"https:\/\/uncjr.ro\/web\/wp-content\/uploads\/275065629_421829649746137_3645399387266982221_n-980x980.jpg 980w, https:\/\/uncjr.ro\/web\/wp-content\/uploads\/275065629_421829649746137_3645399387266982221_n-480x480.jpg 480w\" sizes=\"(min-width: 0px) and (max-width: 480px) 480px, (min-width: 481px) and (max-width: 980px) 980px, (min-width: 981px) 1024px, 100vw\" \/><\/figure>\n\n\n\n<figure class=\"wp-block-image size-large\"><img loading=\"lazy\" decoding=\"async\" width=\"1024\" height=\"1024\" data-id=\"3203\" src=\"https:\/\/uncjr.ro\/web\/wp-content\/uploads\/274887522_421166553145780_7258164804048859543_n-1024x1024.jpg\" alt=\"\" class=\"wp-image-3203\" srcset=\"https:\/\/uncjr.ro\/web\/wp-content\/uploads\/274887522_421166553145780_7258164804048859543_n-980x980.jpg 980w, https:\/\/uncjr.ro\/web\/wp-content\/uploads\/274887522_421166553145780_7258164804048859543_n-480x480.jpg 480w\" sizes=\"(min-width: 0px) and (max-width: 480px) 480px, (min-width: 481px) and (max-width: 980px) 980px, (min-width: 981px) 1024px, 100vw\" \/><\/figure>\n\n\n\n<figure class=\"wp-block-image size-large\"><img loading=\"lazy\" decoding=\"async\" width=\"1024\" height=\"1024\" data-id=\"3200\" src=\"https:\/\/uncjr.ro\/web\/wp-content\/uploads\/274765892_421166539812448_5580853491176734276_n-1024x1024.jpg\" alt=\"\" class=\"wp-image-3200\" srcset=\"https:\/\/uncjr.ro\/web\/wp-content\/uploads\/274765892_421166539812448_5580853491176734276_n-980x980.jpg 980w, https:\/\/uncjr.ro\/web\/wp-content\/uploads\/274765892_421166539812448_5580853491176734276_n-480x480.jpg 480w\" sizes=\"(min-width: 0px) and (max-width: 480px) 480px, (min-width: 481px) and (max-width: 980px) 980px, (min-width: 981px) 1024px, 100vw\" \/><\/figure>\n<figcaption class=\"blocks-gallery-caption\">Credit foto: Consiliul Jude\u021bean Tulcea<\/figcaption><\/figure>\n\n\n\n<p><\/p>\n","protected":false},"excerpt":{"rendered":"<p>\u00cenc\u0103 de la debutul conflictului militar, tulcenii \u0219i-au manifestat pe deplin solidaritatea \u0219i sprijinul necontenit pentru vecinii ucraineni de peste Dun\u0103re. \u00cen ceea ce prive\u0219te Consiliul Jude\u021bean Tulcea, exist\u0103 o rela\u021bie de prietenie \u0219i de bun\u0103 colaborare administrativ\u0103 cu regiunea Odessa \u0219i o \u00eenfr\u0103\u021bire cu ora\u0219ul Ismail din Ucraina, al\u0103turi de care s-au derulat multiple [&hellip;]<\/p>\n","protected":false},"author":2,"featured_media":3198,"comment_status":"closed","ping_status":"closed","sticky":false,"template":"","format":"standard","meta":{"_et_pb_use_builder":"","_et_pb_old_content":"","_et_gb_content_width":"","footnotes":""},"categories":[22],"tags":[],"class_list":["post-3197","post","type-post","status-publish","format-standard","has-post-thumbnail","hentry","category-solidaritate-cu-ucraina"],"_links":{"self":[{"href":"https:\/\/uncjr.ro\/web\/wp-json\/wp\/v2\/posts\/3197","targetHints":{"allow":["GET"]}}],"collection":[{"href":"https:\/\/uncjr.ro\/web\/wp-json\/wp\/v2\/posts"}],"about":[{"href":"https:\/\/uncjr.ro\/web\/wp-json\/wp\/v2\/types\/post"}],"author":[{"embeddable":true,"href":"https:\/\/uncjr.ro\/web\/wp-json\/wp\/v2\/users\/2"}],"replies":[{"embeddable":true,"href":"https:\/\/uncjr.ro\/web\/wp-json\/wp\/v2\/comments?post=3197"}],"version-history":[{"count":2,"href":"https:\/\/uncjr.ro\/web\/wp-json\/wp\/v2\/posts\/3197\/revisions"}],"predecessor-version":[{"id":3290,"href":"https:\/\/uncjr.ro\/web\/wp-json\/wp\/v2\/posts\/3197\/revisions\/3290"}],"wp:featuredmedia":[{"embeddable":true,"href":"https:\/\/uncjr.ro\/web\/wp-json\/wp\/v2\/media\/3198"}],"wp:attachment":[{"href":"https:\/\/uncjr.ro\/web\/wp-json\/wp\/v2\/media?parent=3197"}],"wp:term":[{"taxonomy":"category","embeddable":true,"href":"https:\/\/uncjr.ro\/web\/wp-json\/wp\/v2\/categories?post=3197"},{"taxonomy":"post_tag","embeddable":true,"href":"https:\/\/uncjr.ro\/web\/wp-json\/wp\/v2\/tags?post=3197"}],"curies":[{"name":"wp","href":"https:\/\/api.w.org\/{rel}","templated":true}]}}