{"id":3138,"date":"2022-03-04T09:33:11","date_gmt":"2022-03-04T07:33:11","guid":{"rendered":"https:\/\/uncjr.ro\/web\/?p=3138"},"modified":"2022-03-17T11:39:59","modified_gmt":"2022-03-17T09:39:59","slug":"solidaritate-cu-ucraina-de-la-brasov","status":"publish","type":"post","link":"https:\/\/uncjr.ro\/web\/solidaritate-cu-ucraina-de-la-brasov\/","title":{"rendered":"Solidaritate cu Ucraina, de la Bra\u015fov"},"content":{"rendered":"\n<p class=\"text-content-justify\">Adrian-Ioan Ve\u0219tea, pre\u015fedintele Consiliului Jude\u0163ean Bra\u015fov, a convocat  vineri, 4 martie 2022, o \u015fedin\u0163\u0103 extraordinar\u0103 a forului deliberativ jude\u0163ean \u00een cadrul c\u0103reia s-a propus un proiect de hot\u0103r\u00e2re privind alocarea unor fonduri, sub form\u0103 de dona\u021bie, c\u0103tre filiala Bra\u015fov a Societ\u0103\u0163ii Na\u0163ionale de Cruce Ro\u0219ie, care s\u0103 fie utilizate pentru ajutorarea popula\u021biei din Ucraina \u0219i a celor care se refugiaz\u0103 de acolo din cauza r\u0103zboiului. Ale\u015fii forului deliberativ jude\u0163ean au aprobat proiectul de hot\u0103r\u00e2re, \u00een unanimitate privind alocarea sumei de 200.000 de lei. <\/p>\n\n\n\n<p class=\"text-content-justify\">\u00cen plus, pentru a veni \u00een sprijinul Crucii Ro\u0219ii Bra\u015fov care p\u00e2n\u0103 \u00een data de 11 martie str\u00e2nge dona\u0163ii de strict\u0103 necesitate pentru Ucraina, Consiliul Jude\u021bean Bra\u0219ov pune la dispozi\u021bie un spa\u021biu de depozitare cu o suprafa\u021b\u0103 de 1.000 mp, situat \u00een Parcul industrial Metrom.<\/p>\n\n\n\n<blockquote class=\"wp-block-quote text-content-justify is-layout-flow wp-block-quote-is-layout-flow\"><p>\u201eAm stabilit modul \u00een care ne vom organiza \u00een perioada urm\u0103toare, astfel \u00eenc\u00e2t toate bunurile colectate s\u0103 fie depozitate \u00een cele mai bune condi\u021bii \u0219i s\u0103 ajung\u0103 rapid la oamenii afla\u021bi \u00een suferin\u021b\u0103. \u00cemi doresc ca ini\u0163iativa Consiliului Jude\u021bean Bra\u0219ov de alocare de fonduri pentru Crucea Ro\u0219ie Rom\u00e2n\u0103 s\u0103 fie preluat\u0103 la nivelul c\u00e2t mai multor consilii jude\u0163ene din \u0163ar\u0103 \u015fi astfel s\u0103 putem contribui c\u00e2t mai substan\u0163ial la ajutorarea vecinilor no\u0219tri afecta\u0163i de r\u0103zboi. Nu putem r\u0103m\u00e2ne indiferen\u0163i la suferin\u0163a oamenilor, de aceea \u00eei \u00eendemn pe to\u021bi bra\u0219ovenii s\u0103 se al\u0103ture oric\u0103ror ini\u0163iative care \u00ee\u015fi propun s\u0103 aduc\u0103 un strop de alinare \u00een sufletele celor care fug din calea r\u0103zboiului\u201d<\/p><cite>Declar\u0103 pre\u0219edintele C.J.Bra\u0219ov.<\/cite><\/blockquote>\n\n\n\n<p class=\"text-content-justify\">\u00cen calitate de pre\u0219edinte al Uniunii Na\u021bionale a Consiliilor Jude\u021bene din Rom\u00e2nia, Adrian Ioan Ve\u0219tea a propus acestui for, precum \u0219i omologilor s\u0103i din celelalte jude\u021be, s\u0103 procedeze \u00een mod similar, av\u00e2nd \u00een vedere c\u0103, potrivit HG nr. 557\/2016, Crucea Ro\u0219ie Rom\u00e2n\u0103 este o organiza\u021bie umanitar\u0103 cu rol de sprijin secundar \u00een asigurarea caz\u0103rii persoanelor evacuate sau refugiate, asigurarea apei potabile \u0219i hranei pentru persoanele afectate sau evacuate, asigurarea \u0219i distribuirea ajutoarelor, organizarea primirii \u0219i distribu\u021biei ajutoarelor umanitare de urgen\u021b\u0103.<\/p>\n\n\n\n<p class=\"text-content-justify\">Persoanele sau companiile care doresc s\u0103 doneze sume de bani pentru campania umanitar\u0103 de ajutorare a Ucrainei o pot face prin intermediul paginii de internet a Crucii Ro\u0219ii Rom\u00e2ne: <a href=\"https:\/\/l.facebook.com\/l.php?u=http%3A%2F%2Fwww.crucearosie.ro%2F%3Ffbclid%3DIwAR3hK0W51T9UuGB5R5DDvg114L1Crz9cZjXm5NOQDd96_64J_u_0mCoGQj8&amp;h=AT0-KWImmvPuxfWF5xO09uTTdo_tCyizhDL-4r-dLMCzzun_70CBqvbZHJJglqyQTzrEW9gvFBb9egB-hHe4tRQwtZs3Xdh1Bn-B17UGPY8NZATmWPWLwq95MXiws0DpjrW-&amp;__tn__=-UK-R&amp;c%5b0%5d=AT3HpjSxXuvkeAZ1U1V4m7eEa67Da2EABrvEF4VNSWmr49pqpQnlRP46sx6i3Nr1bJIlu2N0f576rNUoLCvkHkdHXw0XN-K19FcJYFY1TpVU4b5GmACheDw3K1cPpoh5hbHy8ERBVhZSL3AjhhxiO2tSfLYqhGkcxIoq-qTK2OLbuQ\" target=\"_blank\" rel=\"noreferrer noopener\">www.crucearosie.ro<\/a> sau direct \u00een conturile campaniei deschise la BRD Agen\u021bia Pia\u021ba Roman\u0103:<\/p>\n\n\n\n<p>RO76BRDE410SV07590484100 (Lei)<\/p>\n\n\n\n<p>RO12BRDE410SV31714694100 (Euro)<\/p>\n\n\n\n<p>RO88BRDE410SV36413794100 (USD).<\/p>\n\n\n\n<p><\/p>\n\n\n\n<p class=\"text-content-justify\">Pentru alte disponibilit\u0103\u021bi de sprijin \u00een afara produselor enumerate mai sus, persoanele \u0219i organiza\u021biile se pot \u00eenscrie pe platforma guvernamental\u0103 \u201e\u00cempreun\u0103 ajut\u0103m mai mult\u201d, accesibil\u0103 aici: <a href=\"https:\/\/l.facebook.com\/l.php?u=https%3A%2F%2Fbit.ly%2F3K1mb3s%3Ffbclid%3DIwAR2fZa-obD0s-GMS4pE0EuOPwS0qRXoBIzmMIILcI1X9o11p72C521A7fcs&amp;h=AT3Kgx7lnxTeSOUCQfyrZg45o6iYizQ4nZq9c7b-ZxcHCtbLbU4z0ZMFINQxnOWqpbT0enlEQihcTnlOgYEARqAUQgKd5bTb94KitrcrrMEAmxiEO9zkgD00cKMZKIhq6HEw&amp;__tn__=-UK-R&amp;c%5b0%5d=AT3HpjSxXuvkeAZ1U1V4m7eEa67Da2EABrvEF4VNSWmr49pqpQnlRP46sx6i3Nr1bJIlu2N0f576rNUoLCvkHkdHXw0XN-K19FcJYFY1TpVU4b5GmACheDw3K1cPpoh5hbHy8ERBVhZSL3AjhhxiO2tSfLYqhGkcxIoq-qTK2OLbuQ\" target=\"_blank\" rel=\"noreferrer noopener\">https:\/\/bit.ly\/3K1mb3s<\/a><\/p>\n\n\n\n<p><strong>Salvatorii montani, al\u0103turi de refugia\u0163i<\/strong><\/p>\n\n\n\n<p class=\"text-content-justify\">Serviciul Public Jude\u0163ean Salvamont Bra\u0219ov \u00eempreun\u0103 cu ASV Rom\u00e2nia \u0219i Asocia\u021bia Bartolomeu Avantgarden s-a al\u0103turat campaniei umanitare organizate de Biserica Sfanta Treime Tocile din Bra\u015fov. Joi, 3 martie, salvatorii montani bra\u015foveni \u00eempreun\u0103 cu membrii #ASVRom\u00e2nia au \u00eenc\u0103rcat \u00een tirul special venit din Ucraina mai multe pachete cu haine, p\u0103turi \u0219i alimente. Toate coletele vor ajunge la sutele de rom\u00e2ni bucovineni \u0219i ucrainieni refugia\u021bi (femei \u0219i copii), g\u0103zdui\u021bi la \u0219coala rom\u00e2neasc\u0103 pe care protopopul Vasile Covalciuc a construit-o \u00een Raionul Storojine\u021b, Regiunea Cern\u0103u\u021bi &#8211; Ucraina.<\/p>\n\n\n\n<p><\/p>\n\n\n\n<p><strong>DGASPC Bra\u015fov se implic\u0103<\/strong><\/p>\n\n\n\n<p class=\"text-content-justify\">\u00cen contextul dificil cauzat de ac\u021biunile militare \u00een desf\u0103\u0219urare \u00een Ucraina, conducerea Direc\u021biei Generale de Asisten\u021b\u0103 Social\u0103 \u0219i Protec\u021bia Copilului Bra\u0219ov anun\u0163\u0103 c\u0103 institu\u0163ia este preg\u0103tit\u0103 s\u0103 pun\u0103 la dispozi\u021bia copiilor proveni\u021bi din zona de conflict, \u00een cazul \u00een care va fi nevoie, locuri de cazare \u00een centrele reziden\u021biale. La nivelul centrelor apar\u021bin\u00e2nd DGASPC Bra\u0219ov sunt disponibile, la acest moment, aproximativ 50 de locuri, institu\u021bia urm\u00e2nd s\u0103 asigure servicii de cazare \u0219i mas\u0103, servicii socio-medicale \u0219i materiale igienico-sanitare.<\/p>\n\n\n\n<p class=\"text-content-justify\">26 de copii institu\u021bionaliza\u021bi \u00een dou\u0103 case de tip familial din Ucraina, \u00eempreun\u0103 cu doi \u00eenso\u021bitori \u0219i copii acestora au ajuns vineri, 4 martie, la Bra\u0219ov. Persoanele au fost preluate de c\u0103tre Direc\u021bia General\u0103 de Asisten\u021b\u0103 Social\u0103 \u0219i Protec\u021bia Copilului Bra\u0219ov \u0219i cazate \u00eentr-un serviciu social de tip reziden\u021bial din subordinea institu\u021biei. Copiii au v\u00e2rste cuprinse \u00eentre 3 \u0219i 15 ani, sunt s\u0103n\u0103to\u0219i \u0219i au ajuns \u00een siguran\u021b\u0103 la Bra\u0219ov.<\/p>\n\n\n\n<p class=\"text-content-justify\">DGASPC Bra\u0219ov pune la dispozi\u021bia grupului din Ucraina un voluntar vorbitor de limb\u0103 rus\u0103 \u0219i ucrainean\u0103. De asemenea, unul dintre \u00eenso\u021bitorii copiilor este vorbitor de limba rom\u00e2n\u0103.<\/p>\n\n\n\n<p class=\"text-content-justify\">Copiii au ajuns la DGASPC Bra\u0219ov prin intermediul Autorit\u0103\u021bii Na\u021bionale pentru Protec\u021bia Drepturilor Copilului \u0219i Adop\u021bii. Ei vor beneficia de servicii de cazare \u0219i mas\u0103, servicii socio-psiho-medicale \u0219i materiale igienico-sanitare.<\/p>\n\n\n\n<p><strong>Apel pentru donarea de s\u00e2nge<\/strong><\/p>\n\n\n\n<p class=\"text-content-justify\">Adrian-Ioan Ve\u015ftea, pre\u015fedintele Consiliului Jude\u0163ean Bra\u015fov \u015fi al Uniunii Na\u0163ionale a Consiliilor Jude\u0163ene din Rom\u00e2nia, sus\u0163ine ajutorarea pe toate c\u0103ile a vecinilor no\u015ftri ucraineni, greu \u00eencerca\u0163i de un r\u0103zboi nedrept.<\/p>\n\n\n\n<blockquote class=\"wp-block-quote text-content-justify is-layout-flow wp-block-quote-is-layout-flow\"><p>\u201e\u00cen semn de solidaritate cu suferin\u0163ele poporului ucrainean, joi, 3 martie, am donat s\u00e2nge. Cred cu t\u0103rie c\u0103 prin gestul meu, o via\u0163\u0103 de om, fie el militar sau civil, va fi salvat\u0103. \u00cen aceste momente dificile, adresez un apel tuturor concet\u0103\u0163enilor no\u015ftri care pot dona s\u00e2nge, s\u0103 nu ezite s\u0103 vin\u0103 la Centrul de Transfuzie Sanguin\u0103 Bra\u015fov \u015fi s\u0103 fac\u0103 acest gest salvator pentru semenii no\u015ftri afla\u0163i \u00een suferin\u0163\u0103\u201d<\/p><cite>A spus pre\u015fedintele CJ Bra\u0219ov \u0219i al UNCJR.<\/cite><\/blockquote>\n\n\n\n<p>\u00cempreun\u0103 reu\u0219im s\u0103 \u00eei ajut\u0103m pe cei mai pu\u021bin noroco\u0219i \u0219i s\u0103 le oferim bucurie \u0219i speran\u021b\u0103! Implic\u0103-te \u0219i tu! Doneaz\u0103!<\/p>\n\n\n\n<figure class=\"wp-block-gallery has-nested-images columns-2 is-cropped wp-block-gallery-1 is-layout-flex wp-block-gallery-is-layout-flex\">\n<figure class=\"wp-block-image size-large\"><img loading=\"lazy\" decoding=\"async\" width=\"1024\" height=\"768\" data-id=\"3144\" src=\"https:\/\/uncjr.ro\/web\/wp-content\/uploads\/275138294_4887212351366173_7968201304818890043_n-1024x768.jpg\" alt=\"\" class=\"wp-image-3144\" srcset=\"https:\/\/uncjr.ro\/web\/wp-content\/uploads\/275138294_4887212351366173_7968201304818890043_n-980x735.jpg 980w, https:\/\/uncjr.ro\/web\/wp-content\/uploads\/275138294_4887212351366173_7968201304818890043_n-480x360.jpg 480w\" sizes=\"(min-width: 0px) and (max-width: 480px) 480px, (min-width: 481px) and (max-width: 980px) 980px, (min-width: 981px) 1024px, 100vw\" \/><\/figure>\n\n\n\n<figure class=\"wp-block-image size-large\"><img loading=\"lazy\" decoding=\"async\" width=\"1024\" height=\"768\" data-id=\"3142\" src=\"https:\/\/uncjr.ro\/web\/wp-content\/uploads\/274773400_4887211654699576_3930051653207390492_n.jpg\" alt=\"\" class=\"wp-image-3142\" srcset=\"https:\/\/uncjr.ro\/web\/wp-content\/uploads\/274773400_4887211654699576_3930051653207390492_n.jpg 1024w, https:\/\/uncjr.ro\/web\/wp-content\/uploads\/274773400_4887211654699576_3930051653207390492_n-980x735.jpg 980w, https:\/\/uncjr.ro\/web\/wp-content\/uploads\/274773400_4887211654699576_3930051653207390492_n-480x360.jpg 480w\" sizes=\"(min-width: 0px) and (max-width: 480px) 480px, (min-width: 481px) and (max-width: 980px) 980px, (min-width: 981px) 1024px, 100vw\" \/><\/figure>\n\n\n\n<figure class=\"wp-block-image size-large\"><img loading=\"lazy\" decoding=\"async\" width=\"1024\" height=\"769\" data-id=\"3143\" src=\"https:\/\/uncjr.ro\/web\/wp-content\/uploads\/274567093_4887212104699531_3076224270839988213_n-1024x769.jpg\" alt=\"\" class=\"wp-image-3143\" srcset=\"https:\/\/uncjr.ro\/web\/wp-content\/uploads\/274567093_4887212104699531_3076224270839988213_n-980x736.jpg 980w, https:\/\/uncjr.ro\/web\/wp-content\/uploads\/274567093_4887212104699531_3076224270839988213_n-480x361.jpg 480w\" sizes=\"(min-width: 0px) and (max-width: 480px) 480px, (min-width: 481px) and (max-width: 980px) 980px, (min-width: 981px) 1024px, 100vw\" \/><\/figure>\n\n\n\n<figure class=\"wp-block-image size-large\"><img loading=\"lazy\" decoding=\"async\" width=\"1024\" height=\"768\" data-id=\"3187\" src=\"https:\/\/uncjr.ro\/web\/wp-content\/uploads\/sange-1024x768.jpg\" alt=\"\" class=\"wp-image-3187\" srcset=\"https:\/\/uncjr.ro\/web\/wp-content\/uploads\/sange-980x735.jpg 980w, https:\/\/uncjr.ro\/web\/wp-content\/uploads\/sange-480x360.jpg 480w\" sizes=\"(min-width: 0px) and (max-width: 480px) 480px, (min-width: 481px) and (max-width: 980px) 980px, (min-width: 981px) 1024px, 100vw\" \/><\/figure>\n<figcaption class=\"blocks-gallery-caption\">Credit foto: Cosiliul Jude\u021bean Bra\u0219ov<\/figcaption><\/figure>\n","protected":false},"excerpt":{"rendered":"<p>Adrian-Ioan Ve\u0219tea, pre\u015fedintele Consiliului Jude\u0163ean Bra\u015fov, a convocat vineri, 4 martie 2022, o \u015fedin\u0163\u0103 extraordinar\u0103 a forului deliberativ jude\u0163ean \u00een cadrul c\u0103reia s-a propus un proiect de hot\u0103r\u00e2re privind alocarea unor fonduri, sub form\u0103 de dona\u021bie, c\u0103tre filiala Bra\u015fov a Societ\u0103\u0163ii Na\u0163ionale de Cruce Ro\u0219ie, care s\u0103 fie utilizate pentru ajutorarea popula\u021biei din Ucraina \u0219i [&hellip;]<\/p>\n","protected":false},"author":2,"featured_media":3139,"comment_status":"closed","ping_status":"closed","sticky":false,"template":"","format":"standard","meta":{"_et_pb_use_builder":"","_et_pb_old_content":"","_et_gb_content_width":"","footnotes":""},"categories":[22],"tags":[],"class_list":["post-3138","post","type-post","status-publish","format-standard","has-post-thumbnail","hentry","category-solidaritate-cu-ucraina"],"_links":{"self":[{"href":"https:\/\/uncjr.ro\/web\/wp-json\/wp\/v2\/posts\/3138","targetHints":{"allow":["GET"]}}],"collection":[{"href":"https:\/\/uncjr.ro\/web\/wp-json\/wp\/v2\/posts"}],"about":[{"href":"https:\/\/uncjr.ro\/web\/wp-json\/wp\/v2\/types\/post"}],"author":[{"embeddable":true,"href":"https:\/\/uncjr.ro\/web\/wp-json\/wp\/v2\/users\/2"}],"replies":[{"embeddable":true,"href":"https:\/\/uncjr.ro\/web\/wp-json\/wp\/v2\/comments?post=3138"}],"version-history":[{"count":2,"href":"https:\/\/uncjr.ro\/web\/wp-json\/wp\/v2\/posts\/3138\/revisions"}],"predecessor-version":[{"id":3289,"href":"https:\/\/uncjr.ro\/web\/wp-json\/wp\/v2\/posts\/3138\/revisions\/3289"}],"wp:featuredmedia":[{"embeddable":true,"href":"https:\/\/uncjr.ro\/web\/wp-json\/wp\/v2\/media\/3139"}],"wp:attachment":[{"href":"https:\/\/uncjr.ro\/web\/wp-json\/wp\/v2\/media?parent=3138"}],"wp:term":[{"taxonomy":"category","embeddable":true,"href":"https:\/\/uncjr.ro\/web\/wp-json\/wp\/v2\/categories?post=3138"},{"taxonomy":"post_tag","embeddable":true,"href":"https:\/\/uncjr.ro\/web\/wp-json\/wp\/v2\/tags?post=3138"}],"curies":[{"name":"wp","href":"https:\/\/api.w.org\/{rel}","templated":true}]}}