{"id":3133,"date":"2022-03-04T09:22:09","date_gmt":"2022-03-04T07:22:09","guid":{"rendered":"https:\/\/uncjr.ro\/web\/?p=3133"},"modified":"2022-03-17T11:39:13","modified_gmt":"2022-03-17T09:39:13","slug":"alaturi-de-ucraina-c-j-ilfov","status":"publish","type":"post","link":"https:\/\/uncjr.ro\/web\/alaturi-de-ucraina-c-j-ilfov\/","title":{"rendered":"Al\u0103turi de Ucraina &#8211; C.J. Ilfov"},"content":{"rendered":"\n<p class=\"text-content-justify\" id=\"block-531e2007-8093-4c04-b38f-7a8538d64b98\"><br>Consiliul Jude\u021bean Ilfov a adoptat luni, 28 febuarie 2022, \u00een \u0219edin\u021b\u0103 ordinar\u0103, proiectul de hot\u0103r\u00e2re privind participarea institu\u021biei la finan\u021barea \u0219i realizarea \u00een comun a proiectului de interes jude\u021bean ,,Cooperarea privind cre\u0219terea capacit\u0103\u021bii opera\u021bionale la nivelul jude\u021bului Ilfov \u00een vederea asigur\u0103rii eficiente \u0219i unitare a asisten\u021bei umanitare adecvate pentru persoanele din Ucraina refugiate\/intrare pe teritoriul jude\u021bului Ilfov.\u201d<\/p>\n\n\n\n<p class=\"text-content-justify\" id=\"block-6c2e4cc6-6cba-4a42-9bfa-ac28f332defa\"><br>\u00cen vederea realiz\u0103rii acestui proiect, s-au aprobat prin hot\u0103r\u00e2re de consiliu, alocarea sumei de 1.000.000 lei, din fondul de rezerv\u0103 al Consiliului Jude\u021bean Ilfov, prev\u0103zut \u00een bugetul pe anul 2022, precum \u0219i \u00eencheierea unor acorduri de cooperare \u00eentre Jude\u021bul Ilfov \u2013 Consiliul Jude\u021bean, Direc\u021bia General\u0103 pentru Asisten\u021b\u0103 Social\u0103 \u0219i Protec\u021bia Copilului Ilfov (DGASPC Ilfov), Spitalul de Obstetric\u0103 \u2013 Ginecologie Buftea cu unele unit\u0103\u021bi administrativ \u2013 teritoriale din jude\u021bul Ilfov.<\/p>\n\n\n\n<p id=\"block-c0ed879a-2783-4ac9-8543-72a97cd7f39f\"><br>Banii aloca\u021bi acestui proiect vor fi folosi\u021bi pentru a pune la dispozi\u021bia refugia\u021bilor hran\u0103, \u00eembr\u0103c\u0103minte, medicamente, precum \u0219i transport.<\/p>\n\n\n\n<p class=\"text-content-justify\" id=\"block-7e818709-3f05-4e85-b400-70c89c9a6e7c\"><br>De asemenea, proiectul presupune cazare \u0219i servicii medicale gratuite. Astfel, 50 de spa\u021bii apar\u021bin\u00e2nd Consiliului Jude\u021bean Ilfov vor fi puse la dispozi\u021bia refugia\u021bilor, iar persoanele care solicit\u0103 asisten\u021b\u0103 medical\u0103 vor fi direc\u021bionate c\u0103tre Spitalul Buftea pentru \u00eengrijiri.<\/p>\n\n\n\n<p class=\"text-content-justify\" id=\"block-70aa8b9a-38d4-4d68-b780-e2825e5a0fd7\"><br>0742.545.368 este num\u0103rul de telefon la care pot apela persoanele ce intr\u0103 \u00een \u021bar\u0103 din Ucraina \u0219i au nevoie de cazare \u0219i de ajutor.<\/p>\n\n\n\n<blockquote class=\"wp-block-quote text-content-justify is-layout-flow wp-block-quote-is-layout-flow\"><p><br>\u201eFacem tot ce putem pentru refugia\u021bii din Ucraina. Le asigur\u0103m toate condi\u021biile \u0219i m\u0103 bucur c\u0103 azi am reu\u0219it s\u0103 le aducem \u0219i z\u00e2mbetul pe buze. C\u00e2inii demonstreaz\u0103 \u0219i de data aceasta c\u0103 sunt cei mai buni prieteni ai omului. Le mul\u021bumim pentru r\u0103spunsul prompt celor de la Animal Society. C\u0103\u021beii lor fac minuni.\u201d.<\/p><cite>a declarat Hubert Thuma, pre\u0219edintele CJ Ilfov<\/cite><\/blockquote>\n\n\n\n<p class=\"text-content-justify\" id=\"block-a2450641-1286-4c60-8126-a6461aa9bb32\"><br>Prin aceste demersuri, Consiliul Jude\u021bean Ilfov se al\u0103tur\u0103 efortului na\u021bional de sprijinire \u0219i ajutorare a refugia\u021bilor veni\u021bi din Ucraina.<\/p>\n\n\n\n<p><\/p>\n\n\n\n<figure class=\"wp-block-gallery has-nested-images columns-4 is-cropped wp-block-gallery-1 is-layout-flex wp-block-gallery-is-layout-flex\">\n<figure class=\"wp-block-image size-large\"><img loading=\"lazy\" decoding=\"async\" width=\"150\" height=\"150\" data-id=\"3261\" src=\"https:\/\/uncjr.ro\/web\/wp-content\/uploads\/if-2-1.jpg\" alt=\"\" class=\"wp-image-3261\"\/><\/figure>\n\n\n\n<figure class=\"wp-block-image size-large\"><img loading=\"lazy\" decoding=\"async\" width=\"150\" height=\"150\" data-id=\"3259\" src=\"https:\/\/uncjr.ro\/web\/wp-content\/uploads\/if-3-1.jpg\" alt=\"\" class=\"wp-image-3259\"\/><\/figure>\n\n\n\n<figure class=\"wp-block-image size-large\"><img loading=\"lazy\" decoding=\"async\" width=\"150\" height=\"150\" data-id=\"3260\" src=\"https:\/\/uncjr.ro\/web\/wp-content\/uploads\/if-4-1.jpg\" alt=\"\" class=\"wp-image-3260\"\/><\/figure>\n\n\n\n<figure class=\"wp-block-image size-large\"><img loading=\"lazy\" decoding=\"async\" width=\"225\" height=\"300\" data-id=\"3266\" src=\"https:\/\/uncjr.ro\/web\/wp-content\/uploads\/if-5.jpg\" alt=\"\" class=\"wp-image-3266\"\/><\/figure>\n\n\n\n<figure class=\"wp-block-image size-large\"><img loading=\"lazy\" decoding=\"async\" width=\"225\" height=\"300\" data-id=\"3264\" src=\"https:\/\/uncjr.ro\/web\/wp-content\/uploads\/if-6.jpg\" alt=\"\" class=\"wp-image-3264\"\/><\/figure>\n\n\n\n<figure class=\"wp-block-image size-large\"><img loading=\"lazy\" decoding=\"async\" width=\"300\" height=\"225\" data-id=\"3263\" src=\"https:\/\/uncjr.ro\/web\/wp-content\/uploads\/if-1.jpg\" alt=\"\" class=\"wp-image-3263\"\/><\/figure>\n\n\n\n<figure class=\"wp-block-image size-large\"><img loading=\"lazy\" decoding=\"async\" width=\"225\" height=\"300\" data-id=\"3262\" src=\"https:\/\/uncjr.ro\/web\/wp-content\/uploads\/if1-1.jpg\" alt=\"\" class=\"wp-image-3262\"\/><\/figure>\n\n\n\n<figure class=\"wp-block-image size-large\"><img loading=\"lazy\" decoding=\"async\" width=\"150\" height=\"150\" data-id=\"3265\" src=\"https:\/\/uncjr.ro\/web\/wp-content\/uploads\/if7.jpg\" alt=\"\" class=\"wp-image-3265\"\/><\/figure>\n<figcaption class=\"blocks-gallery-caption\">Credit foto: Consiliul Jude\u021bean Ilfov<\/figcaption><\/figure>\n","protected":false},"excerpt":{"rendered":"<p>Consiliul Jude\u021bean Ilfov a adoptat luni, 28 febuarie 2022, \u00een \u0219edin\u021b\u0103 ordinar\u0103, proiectul de hot\u0103r\u00e2re privind participarea institu\u021biei la finan\u021barea \u0219i realizarea \u00een comun a proiectului de interes jude\u021bean ,,Cooperarea privind cre\u0219terea capacit\u0103\u021bii opera\u021bionale la nivelul jude\u021bului Ilfov \u00een vederea asigur\u0103rii eficiente \u0219i unitare a asisten\u021bei umanitare adecvate pentru persoanele din Ucraina refugiate\/intrare pe teritoriul [&hellip;]<\/p>\n","protected":false},"author":2,"featured_media":3134,"comment_status":"closed","ping_status":"closed","sticky":false,"template":"","format":"standard","meta":{"_et_pb_use_builder":"","_et_pb_old_content":"","_et_gb_content_width":"","footnotes":""},"categories":[22],"tags":[],"class_list":["post-3133","post","type-post","status-publish","format-standard","has-post-thumbnail","hentry","category-solidaritate-cu-ucraina"],"_links":{"self":[{"href":"https:\/\/uncjr.ro\/web\/wp-json\/wp\/v2\/posts\/3133","targetHints":{"allow":["GET"]}}],"collection":[{"href":"https:\/\/uncjr.ro\/web\/wp-json\/wp\/v2\/posts"}],"about":[{"href":"https:\/\/uncjr.ro\/web\/wp-json\/wp\/v2\/types\/post"}],"author":[{"embeddable":true,"href":"https:\/\/uncjr.ro\/web\/wp-json\/wp\/v2\/users\/2"}],"replies":[{"embeddable":true,"href":"https:\/\/uncjr.ro\/web\/wp-json\/wp\/v2\/comments?post=3133"}],"version-history":[{"count":2,"href":"https:\/\/uncjr.ro\/web\/wp-json\/wp\/v2\/posts\/3133\/revisions"}],"predecessor-version":[{"id":3288,"href":"https:\/\/uncjr.ro\/web\/wp-json\/wp\/v2\/posts\/3133\/revisions\/3288"}],"wp:featuredmedia":[{"embeddable":true,"href":"https:\/\/uncjr.ro\/web\/wp-json\/wp\/v2\/media\/3134"}],"wp:attachment":[{"href":"https:\/\/uncjr.ro\/web\/wp-json\/wp\/v2\/media?parent=3133"}],"wp:term":[{"taxonomy":"category","embeddable":true,"href":"https:\/\/uncjr.ro\/web\/wp-json\/wp\/v2\/categories?post=3133"},{"taxonomy":"post_tag","embeddable":true,"href":"https:\/\/uncjr.ro\/web\/wp-json\/wp\/v2\/tags?post=3133"}],"curies":[{"name":"wp","href":"https:\/\/api.w.org\/{rel}","templated":true}]}}