{"id":3077,"date":"2022-03-03T10:51:14","date_gmt":"2022-03-03T08:51:14","guid":{"rendered":"https:\/\/uncjr.ro\/web\/?p=3077"},"modified":"2022-03-03T14:12:29","modified_gmt":"2022-03-03T12:12:29","slug":"alaturi-de-ucraina-c-j-covasna","status":"publish","type":"post","link":"https:\/\/uncjr.ro\/web\/alaturi-de-ucraina-c-j-covasna\/","title":{"rendered":"Al\u0103turi de Ucraina &#8211; C.J. Covasna"},"content":{"rendered":"\n<h3 class=\"wp-block-heading\">84 de locuri de cazare pentru mamele cu copii din Ucraina, puse la dispozi\u021bie de Consiliul Jude\u021bean Covasna.<\/h3>\n\n\n\n<p class=\"text-content-justify\">\u201e\u00cen contextul r\u0103zboiului din Ucraina, care a for\u021bat un num\u0103r foarte mare de civili s\u0103 lase \u00een urm\u0103 tot ce a \u00eensemnat p\u00e2n\u0103 acum c\u00e2teva zile via\u021ba lor \u0219i s\u0103 se refugieze peste grani\u021bele \u021b\u0103rii, venind \u00een Rom\u00e2nia, Consiliul Jude\u021bean Covasna s-a mobilizat pentru a se al\u0103tura efortului de \u00eentrajutorare depus de societatea civil\u0103 \u0219i de autorit\u0103\u021bile din \u021bar\u0103.<\/p>\n\n\n\n<p class=\"text-content-justify\">Au fost identificate 84 de locuri de cazare pe care Consiliul Jude\u021bean Covasna le va pune la dispozi\u021bia refugia\u021bilor, \u00een special a mamelor cu copii. O contribu\u021bie important\u0103 \u00een cadrul acestui demers o are Direc\u0163ia General\u0103 de Asisten\u0163\u0103 Social\u0103 \u015fi Protec\u0163ia Copilului Covasna, institu\u021bie care va asigura cazarea mamelor ucrainence \u00een centrele de reziden\u021b\u0103 pe care le are \u00een subordine\u201d, Consiliul Jude\u021bean Covasna<\/p>\n\n\n\n<figure class=\"wp-block-image size-full\"><img loading=\"lazy\" decoding=\"async\" width=\"720\" height=\"480\" src=\"https:\/\/uncjr.ro\/web\/wp-content\/uploads\/Alaturi-de-Ucraina-2.jpg\" alt=\"\" class=\"wp-image-3078\" srcset=\"https:\/\/uncjr.ro\/web\/wp-content\/uploads\/Alaturi-de-Ucraina-2.jpg 720w, https:\/\/uncjr.ro\/web\/wp-content\/uploads\/Alaturi-de-Ucraina-2-480x320.jpg 480w\" sizes=\"(min-width: 0px) and (max-width: 480px) 480px, (min-width: 481px) 720px, 100vw\" \/><\/figure>\n","protected":false},"excerpt":{"rendered":"<p>84 de locuri de cazare pentru mamele cu copii din Ucraina, puse la dispozi\u021bie de Consiliul Jude\u021bean Covasna. \u201e\u00cen contextul r\u0103zboiului din Ucraina, care a for\u021bat un num\u0103r foarte mare de civili s\u0103 lase \u00een urm\u0103 tot ce a \u00eensemnat p\u00e2n\u0103 acum c\u00e2teva zile via\u021ba lor \u0219i s\u0103 se refugieze peste grani\u021bele \u021b\u0103rii, venind \u00een [&hellip;]<\/p>\n","protected":false},"author":2,"featured_media":3078,"comment_status":"closed","ping_status":"closed","sticky":false,"template":"","format":"standard","meta":{"_et_pb_use_builder":"","_et_pb_old_content":"","_et_gb_content_width":"","footnotes":""},"categories":[22],"tags":[],"class_list":["post-3077","post","type-post","status-publish","format-standard","has-post-thumbnail","hentry","category-solidaritate-cu-ucraina"],"_links":{"self":[{"href":"https:\/\/uncjr.ro\/web\/wp-json\/wp\/v2\/posts\/3077","targetHints":{"allow":["GET"]}}],"collection":[{"href":"https:\/\/uncjr.ro\/web\/wp-json\/wp\/v2\/posts"}],"about":[{"href":"https:\/\/uncjr.ro\/web\/wp-json\/wp\/v2\/types\/post"}],"author":[{"embeddable":true,"href":"https:\/\/uncjr.ro\/web\/wp-json\/wp\/v2\/users\/2"}],"replies":[{"embeddable":true,"href":"https:\/\/uncjr.ro\/web\/wp-json\/wp\/v2\/comments?post=3077"}],"version-history":[{"count":2,"href":"https:\/\/uncjr.ro\/web\/wp-json\/wp\/v2\/posts\/3077\/revisions"}],"predecessor-version":[{"id":3105,"href":"https:\/\/uncjr.ro\/web\/wp-json\/wp\/v2\/posts\/3077\/revisions\/3105"}],"wp:featuredmedia":[{"embeddable":true,"href":"https:\/\/uncjr.ro\/web\/wp-json\/wp\/v2\/media\/3078"}],"wp:attachment":[{"href":"https:\/\/uncjr.ro\/web\/wp-json\/wp\/v2\/media?parent=3077"}],"wp:term":[{"taxonomy":"category","embeddable":true,"href":"https:\/\/uncjr.ro\/web\/wp-json\/wp\/v2\/categories?post=3077"},{"taxonomy":"post_tag","embeddable":true,"href":"https:\/\/uncjr.ro\/web\/wp-json\/wp\/v2\/tags?post=3077"}],"curies":[{"name":"wp","href":"https:\/\/api.w.org\/{rel}","templated":true}]}}