{"id":2976,"date":"2022-02-08T09:36:23","date_gmt":"2022-02-08T07:36:23","guid":{"rendered":"https:\/\/uncjr.ro\/web\/?p=2976"},"modified":"2022-02-08T09:36:24","modified_gmt":"2022-02-08T07:36:24","slug":"saptamana-europeana-a-regiunilor-si-oraselor-din-2022","status":"publish","type":"post","link":"https:\/\/uncjr.ro\/web\/saptamana-europeana-a-regiunilor-si-oraselor-din-2022\/","title":{"rendered":"\u201eS\u0103pt\u0103m\u00e2na European\u0103 a regiunilor \u0219i ora\u0219elor\u201d din 2022"},"content":{"rendered":"\n<p><strong>Comitetul European al Regiunilor (CoR) \u015fi Comisia European\u0103 au lansat la 3 februarie 2022 c<\/strong><strong>ea de-a 20-a edi\u0163ie a evenimentului \u201e<u>S\u0103pt\u0103m\u00e2na european\u0103 a regiunilor \u015fi oraselor<\/u>\u201d(EWRC), manifestare declarat\u0103 cel mai mare eveniment institu\u0163ional la nivel european (17.000 de participan\u0163i anul trecut \u015fi 300 de reuniuni), care se va desf\u0103\u015fura \u00een perioada&nbsp;<u>10 &#8211; 13 octombrie 2022<\/u>.<\/strong><\/p>\n\n\n\n<p>Edi\u0163ia 2022 este o edi\u0163ie aniversar\u0103, conceput\u0103 \u00een jurul a&nbsp;<strong>patru priorit\u0103\u0163i tematice<\/strong>&nbsp;identificate printr-un sondaj public online. Cele patru tematici decise prin vot de participan\u0163ii la sondaj sunt:<\/p>\n\n\n\n<ol class=\"wp-block-list\" type=\"1\"><li><em>Tranzi\u0163ia verde<\/em>;<\/li><li><em>Coeziunea teritorial\u0103;<\/em><\/li><li><em>Tranzi\u0163ia digital\u0103 \u015fi<\/em><\/li><li><em>Implicarea\/responsabilizarea tineretului (Anul 2022, anul european al tineretului).<\/em><\/li><\/ol>\n\n\n\n<p>Tipurile de evenimente la care se poate depune o candidatur\u0103:<\/p>\n\n\n\n<ul class=\"wp-block-list\"><li>sesiuni de informare;<\/li><li>dezbateri sub forma \u00eent\u00e2lnirilor \u00eentreb\u0103ri\/r\u0103spunsuri;<\/li><li>laboratoare participative;<\/li><li>ateliere \u015fi mese rotunde;<\/li><li>expozi\u0163ii, etc.<\/li><\/ul>\n\n\n\n<p><strong>NOU<\/strong>: Ca parte a&nbsp;<strong>programului aniversar pentru cea de-a 20-a aniversare a #EURegionsWeek<\/strong>, anul acesta, solicitan\u021bii sunt invita\u021bi s\u0103 prezinte propuneri care se potrivesc cu urm\u0103toarele formate descrise mai jos.<\/p>\n\n\n\n<p>Evenimentele pot fi:<\/p>\n\n\n\n<p><strong>M\u0103rturie la a 20-a aniversare<\/strong><\/p>\n\n\n\n<p>\u00b7&nbsp;durata: 15 minute<\/p>\n\n\n\n<p>\u00b7&nbsp;1 orator care \u00eemp\u0103rt\u0103\u0219e\u0219te o experien\u021b\u0103\/poveste concret\u0103 cu o privire \u00een urm\u0103 fa\u0163\u0103 de cei 20 de ani de #EURegionsWeek \u0219i\/sau fa\u0163\u0103 de dezvoltarea politicii de coeziune \u0219i impactul concret asupra teritoriilor UE \u015fi a calit\u0103\u021bii vie\u021bii cet\u0103\u021benilor.<\/p>\n\n\n\n<p>\u00b7&nbsp;Format: interviu live sau pre\u00eenregistrat. Data, locul \u0219i intervalul orar de confirmat de c\u0103tre organizatori \u00een func\u021bie de situa\u021bia COVID.<\/p>\n\n\n\n<p><strong>Atelier la nivel \u00eenalt la a 20-a aniversare<\/strong><\/p>\n\n\n\n<p>\u00b7&nbsp;Durata: 90 minute<\/p>\n\n\n\n<p>\u00b7&nbsp;4 vorbitori \u0219i 1 moderator<\/p>\n\n\n\n<p>Panelul ar trebui s\u0103 fie compus din cel pu\u021bin un vorbitor de nivel \u00eenalt din urm\u0103toarele categorii (aplica\u0163iile ar trebui s\u0103 men\u021bioneze numele \u0219i\/sau calificarea vorbitorilor):<\/p>\n\n\n\n<p>o \u015feful statului\/guvernului, ministru sau secretar de stat,<\/p>\n\n\n\n<p>o pre\u0219edinte \u0219i vicepre\u0219edinte al institu\u021biilor europene,<\/p>\n\n\n\n<p>o comisar european,<\/p>\n\n\n\n<p>o secretar general, director general \u0219i director al institu\u021biilor europene,<\/p>\n\n\n\n<p>o pre\u0219edinte de comisie din cadrul Parlamentului European, Comitetului European al<\/p>\n\n\n\n<p>Regiunilor \u0219i Comitetului European Economic \u0219i Social<\/p>\n\n\n\n<p>o pre\u0219edinte de regiune \u0219i pre\u0219edinte al Adun\u0103rii Parlamentului Na\u021bional\/Regional,<\/p>\n\n\n\n<p>o pre\u0219edinte al unei organiza\u021bii interna\u021bionale\/europene sau al asocia\u021biilor europene care se ocup\u0103 cu probleme locale \u0219i regionale,<\/p>\n\n\n\n<p>o Ambasador\/Reprezentant permanent.<\/p>\n\n\n\n<p>\u00b7&nbsp;Scopul principal: promovarea unei dezbateri politice la nivel \u00eenalt, prezent\u00e2nd experien\u021be \u0219i bune practici legate de punerea \u00een aplicare a politicii de coeziune, cu accent pe tranzi\u021bia ecologic\u0103 \u0219i digital\u0103 \u0219i despre tineret \u0219i perspectiva sa \u00een viitor.&nbsp;<\/p>\n\n\n\n<p><strong><u>Termenul-limit\u0103 pentru depunerea tuturor candidaturilor: 31 martie 2022<\/u><\/strong>; Rezultatele selec\u0163iei vor fi comunicate la 16 mai 2022, iar o prim\u0103 reuniune a participan\u0163ilor va fi organizat\u0103 de c\u0103tre cele dou\u0103 institu\u0163ii europene la 31 mai 2022.<\/p>\n\n\n\n<p>Cine este eligibil \u015fi cum se poate participa:<\/p>\n\n\n\n<ul class=\"wp-block-list\"><li>sunt invitate s\u0103-\u015fi prezinte candidatura pentru participare administra\u0163iile na\u0163ionale\/centrale care au rol de autoritate de management, institu\u0163iile europene (mai ales membrii CoR \u015fi cei ai Parlamentului European), administra\u0163iile locale, jude\u0163ene \u015fi regionale, asocia\u0163iile lor, structurile de tip GECT, universit\u0103\u0163ile, mass-media, companiile, alte entit\u0103\u0163i publice \u015fi private, etc.; &nbsp;\u0163\u0103rile eligibile \u2013 statele membre, \u0163\u0103ri ter\u0163e participante la programe ale UE.<\/li><li>se poate participa \u00een dou\u0103 feluri:<\/li><\/ul>\n\n\n\n<p>a) prin organizarea unor parteneriate regionale \u015fi\/sau<\/p>\n\n\n\n<p>&nbsp;b) individual, ca entitate considerat\u0103 partener al evenimentului, prin organizarea oric\u0103rui tip de activitate din cele enumerate mai sus \u015fi \u00een ghidul participantului.<\/p>\n\n\n\n<p><strong>Important<\/strong>:&nbsp;Regiunile \u015fi ora\u015fele care caut\u0103 parteneri cu care doresc s\u0103 colaboreze, pot utiliza&nbsp;<a href=\"https:\/\/ec.europa.eu\/eusurvey\/runner\/PartnersearchSurvey2022\" target=\"_blank\" rel=\"noreferrer noopener\">instrumentul de c\u0103utare a partenerilor<\/a>&nbsp;p\u00e2n\u0103 cel mai t\u00e2rziu la 25 februarie 2022.<\/p>\n\n\n\n<p>Evenimentele sunt programate a avea loc \u00een online, dar nu este exclus\u0103 posibilitatea unei particip\u0103ri fizice, \u00een func\u0163ie de condi\u0163iile sanitare.<\/p>\n\n\n\n<p>Condi\u0163iile pentru eligibilitatea unui parteneriat regional, \u00een calitate de organizator al unei dezbateri sunt:<\/p>\n\n\n\n<p>&#8211; parteneriatul trebuie s\u0103 fie constituit din&nbsp;minimum patru \u015fi maximum opt parteneri&nbsp;(jude\u0163e\/ora\u015fe\/regiuni implicate \u00een managementul\/implementarea fondurilor structurale \u015fi de investi\u0163ii) \u015fi s\u0103 reprezinte cel pu\u0163in trei state participante din care cel pu\u0163in unul trebuie s\u0103 fie membru al UE;<\/p>\n\n\n\n<p>&#8211; prioritate la evaluare vor avea evenimentele la care participa membri ai Comitetului European al Regiunilor;<\/p>\n\n\n\n<p>&#8211; minimum 50 de participan\u0163i (\u00eenscrieri la sf\u00e2r\u015fitul lunii septembrie) sunt necesari pentru validarea evenimentului respectiv;<\/p>\n\n\n\n<p>&#8211; parteneriatele trebuie s\u0103 aibe cel pu\u0163in o entitate dintr-un stat membru al UE care s\u0103 participe.<\/p>\n\n\n\n<p>Pentru un eveniment individual al unui partener, consor\u0163iul poate fi alc\u0103tuit din maximum \u0219ase parteneri din statele eligibile.<\/p>\n\n\n\n<p>Partenerii selecta\u021bi sunt \u00eencuraja\u021bi cu t\u0103rie s\u0103 asigure incluziunea, de exemplu prin implicarea tinerilor, a societ\u0103\u021bii civile \u0219i a minorit\u0103\u021bilor.<\/p>\n\n\n\n<p>Contact direct pentru detalii sau nelamuriri:<\/p>\n\n\n\n<p>Comitetul European al Regiunilor:&nbsp;<a href=\"mailto:EURegionsWeek@cor.europa.eu\" target=\"_blank\" rel=\"noreferrer noopener\">EURegionsWeek@cor.europa.eu<\/a><\/p>\n\n\n\n<p>Comisia European\u0103&nbsp;:&nbsp;<a href=\"mailto:EURegionsWeek@ec.europa.eu\" target=\"_blank\" rel=\"noreferrer noopener\">EURegionsWeek@ec.europa.eu<\/a><br>Secretariat:&nbsp;<a href=\"mailto:partners@euregionsweek.eu\" target=\"_blank\" rel=\"noreferrer noopener\">partners@euregionsweek.eu<\/a><\/p>\n\n\n\n<p><strong>De notat c\u0103, \u00een afara evenimentelor oficiale, pot fi organizate \u015fi evenimente colaterale numite \u201eside event\u201d\/evenimente locale (depunerea aplica\u0163iilor: 31 mai 2022, \u00eenchiderea aplica\u0163iilor: 15 iulie 2022).<\/strong><\/p>\n\n\n\n<p>Toate detaliile de participare pentru organizarea unui eveniment se reg\u0103sesc la adresa:&nbsp;<a href=\"https:\/\/europa.eu\/regions-and-cities\/partners\" target=\"_blank\" rel=\"noreferrer noopener\">https:\/\/europa.eu\/regions-and-cities\/partners<\/a><\/p>\n","protected":false},"excerpt":{"rendered":"<p>Comitetul European al Regiunilor (CoR) \u015fi Comisia European\u0103 au lansat la 3 februarie 2022 cea de-a 20-a edi\u0163ie a evenimentului \u201eS\u0103pt\u0103m\u00e2na european\u0103 a regiunilor \u015fi oraselor\u201d(EWRC), manifestare declarat\u0103 cel mai mare eveniment institu\u0163ional la nivel european (17.000 de participan\u0163i anul trecut \u015fi 300 de reuniuni), care se va desf\u0103\u015fura \u00een perioada&nbsp;10 &#8211; 13 octombrie 2022. [&hellip;]<\/p>\n","protected":false},"author":2,"featured_media":2977,"comment_status":"closed","ping_status":"closed","sticky":false,"template":"","format":"standard","meta":{"_et_pb_use_builder":"","_et_pb_old_content":"","_et_gb_content_width":"","footnotes":""},"categories":[14],"tags":[],"class_list":["post-2976","post","type-post","status-publish","format-standard","has-post-thumbnail","hentry","category-evenimente"],"_links":{"self":[{"href":"https:\/\/uncjr.ro\/web\/wp-json\/wp\/v2\/posts\/2976","targetHints":{"allow":["GET"]}}],"collection":[{"href":"https:\/\/uncjr.ro\/web\/wp-json\/wp\/v2\/posts"}],"about":[{"href":"https:\/\/uncjr.ro\/web\/wp-json\/wp\/v2\/types\/post"}],"author":[{"embeddable":true,"href":"https:\/\/uncjr.ro\/web\/wp-json\/wp\/v2\/users\/2"}],"replies":[{"embeddable":true,"href":"https:\/\/uncjr.ro\/web\/wp-json\/wp\/v2\/comments?post=2976"}],"version-history":[{"count":1,"href":"https:\/\/uncjr.ro\/web\/wp-json\/wp\/v2\/posts\/2976\/revisions"}],"predecessor-version":[{"id":2978,"href":"https:\/\/uncjr.ro\/web\/wp-json\/wp\/v2\/posts\/2976\/revisions\/2978"}],"wp:featuredmedia":[{"embeddable":true,"href":"https:\/\/uncjr.ro\/web\/wp-json\/wp\/v2\/media\/2977"}],"wp:attachment":[{"href":"https:\/\/uncjr.ro\/web\/wp-json\/wp\/v2\/media?parent=2976"}],"wp:term":[{"taxonomy":"category","embeddable":true,"href":"https:\/\/uncjr.ro\/web\/wp-json\/wp\/v2\/categories?post=2976"},{"taxonomy":"post_tag","embeddable":true,"href":"https:\/\/uncjr.ro\/web\/wp-json\/wp\/v2\/tags?post=2976"}],"curies":[{"name":"wp","href":"https:\/\/api.w.org\/{rel}","templated":true}]}}