{"id":2952,"date":"2022-02-07T10:00:59","date_gmt":"2022-02-07T08:00:59","guid":{"rendered":"https:\/\/uncjr.ro\/web\/?p=2952"},"modified":"2022-02-07T10:42:44","modified_gmt":"2022-02-07T08:42:44","slug":"cerere-de-finatare-pentru-programul-agrip","status":"publish","type":"post","link":"https:\/\/uncjr.ro\/web\/cerere-de-finatare-pentru-programul-agrip\/","title":{"rendered":"Cerere de finan\u021bare pentru programul AGRIP"},"content":{"rendered":"\n<p>Comisia European\u0103 a deschis&nbsp;<strong>cererea de propuneri de proiecte 2022 \u201ePrograme multina\u0163ionale<\/strong>&nbsp;\u2013&nbsp;<strong>promovarea produselor agricole<\/strong>.&nbsp;<strong>Granturi pentru ac\u0163iunile de informare \u015fi promovare referitoare la produsele agricole puse \u00een aplicare pe pia\u0163a intern\u0103 \u015fi \u00een \u0163\u0103rile ter\u0163e \u00een conformitate cu&nbsp;<a href=\"https:\/\/eur-lex.europa.eu\/legal-content\/RO\/TXT\/HTML\/?uri=CELEX:32014R1144&amp;from=EN\" target=\"_blank\" rel=\"noreferrer noopener\">Regulamentul (UE) nr. 1144\/2014<\/a>&nbsp;al Parlamentului European si al Consiliului<\/strong>\u201d.<\/p>\n\n\n\n<p>Programul de lucru pentru 2022 se axeaz\u0103 pe campanii care sunt \u00een concordan\u021b\u0103 cu ambi\u021biile&nbsp;<a rel=\"noreferrer noopener\" href=\"https:\/\/ec.europa.eu\/info\/strategy\/priorities-2019-2024\/european-green-deal_ro\" target=\"_blank\">Pactului verde european<\/a>&nbsp;\u0219i care sprijin\u0103 obiectivele strategiei \u201e<a rel=\"noreferrer noopener\" href=\"https:\/\/ec.europa.eu\/food\/horizontal-topics\/farm-fork-strategy_en\" target=\"_blank\">De la ferm\u0103 la consumator<\/a>\u201d, ale&nbsp;<a rel=\"noreferrer noopener\" href=\"https:\/\/ec.europa.eu\/health\/sites\/default\/files\/non_communicable_diseases\/docs\/eu_cancer-plan_ro.pdf\" target=\"_blank\">Planului european de combatere a cancerului<\/a>, ale&nbsp;<a rel=\"noreferrer noopener\" href=\"https:\/\/ec.europa.eu\/info\/food-farming-fisheries\/farming\/organic-farming\/organic-action-plan_en\" target=\"_blank\">Planului de ac\u021biune pentru dezvoltarea produc\u021biei ecologice<\/a>&nbsp;sau ale&nbsp;<a rel=\"noreferrer noopener\" href=\"https:\/\/ec.europa.eu\/commission\/presscorner\/detail\/ro\/ip_21_3297\" target=\"_blank\">Comunic\u0103rii<\/a>. Campaniile vor eviden\u021bia, de asemenea,&nbsp;<a rel=\"noreferrer noopener\" href=\"https:\/\/ec.europa.eu\/info\/food-farming-fisheries\/food-safety-and-quality_ro\" target=\"_blank\">standardele ridicate de siguran\u021b\u0103<\/a>&nbsp;ale produselor agroalimentare din UE, precum \u0219i diversitatea \u0219i caracterul tradi\u021bional al produselor sprijinite de&nbsp;<a rel=\"noreferrer noopener\" href=\"https:\/\/ec.europa.eu\/info\/food-farming-fisheries\/food-safety-and-quality\/certification\/quality-labels_ro\" target=\"_blank\">sistemele de calitate ale UE<\/a>.<\/p>\n\n\n\n<figure class=\"wp-block-table aligncenter\"><table><tbody><tr><td class=\"has-text-align-center\" data-align=\"center\"><strong>Buget<\/strong><\/td><td class=\"has-text-align-center\" data-align=\"center\"><strong>Data limit\u0103 de depunere a aplica\u021biilor<\/strong><\/td><td class=\"has-text-align-center\" data-align=\"center\"><strong>Beneficiari<\/strong><\/td><td class=\"has-text-align-center\" data-align=\"center\"><strong>Eligibilitate \u021b\u0103ri\/regiuni<\/strong><\/td><\/tr><tr><td class=\"has-text-align-center\" data-align=\"center\">82.400.000\u20ac <br>Cofinan\u0163are de 85% pentru Statele membre \u015fi de 80% pentru \u0163\u0103ri ter\u0163e<\/td><td class=\"has-text-align-center\" data-align=\"center\">21 aprilie 2022 (orele 17:00 la Bruxelles)<\/td><td class=\"has-text-align-center\" data-align=\"center\">\u2022 organiza\u021bii profesionale sau interprofesionale reprezentative pentru sectorul sau sectoarele \u00een cauz\u0103. <br>\u2022 organiza\u021bii profesionale sau interprofesionale care au ca obiectiv \u0219i activitate ac\u021biunile de informare \u0219i de promovare pentru produsele agricole \u0219i care au fost \u00eens\u0103rcinate de statele membre s\u0103 \u00eendeplineasc\u0103 o misiune de serviciu public \u00een acest sector ; <br>\u2022 organiza\u021bii de produc\u0103tori sau asocia\u021bii de organiza\u021bii de produc\u0103tori,<\/td><td class=\"has-text-align-center\" data-align=\"center\">Entit\u0103\u021bile cu sediul oficial \u00een statele membre ale UE<\/td><\/tr><\/tbody><\/table><\/figure>\n\n\n\n<p><strong>Obiectivele specifice:<\/strong><\/p>\n\n\n\n<p>&#8211; cre\u0219terea gradului de con\u0219tientizare a meritelor produselor agricole din Uniune \u0219i a standardelor ridicate aplicabile metodelor de produc\u021bie \u00een Uniune;<\/p>\n\n\n\n<p>&#8211; cre\u0219terea competitivit\u0103\u021bii \u0219i a consumului produselor agricole din Uniune \u0219i ale anumitor produse alimentare \u0219i cre\u0219terea renumelui lor at\u00e2t \u00een interiorul, c\u00e2t \u0219i \u00een exteriorul Uniunii;<\/p>\n\n\n\n<p>&#8211; cre\u0219terea gradului de con\u0219tientizare \u0219i de recunoa\u0219tere a sistemelor de calitate ale Uniunii;<\/p>\n\n\n\n<p>&#8211; cre\u0219terea cotei de pia\u021b\u0103 a produselor agricole din Uniune \u0219i a anumitor produse alimentare, \u00een special prin concentrarea asupra pie\u021belor din \u021b\u0103rile ter\u021be care au cel mai mare poten\u021bial de cre\u0219tere;<\/p>\n\n\n\n<p>&#8211; restabilirea condi\u021biilor normale de pe pia\u021b\u0103 \u00een eventualitatea unei tulbur\u0103ri grave a pie\u021bei, a pierderii \u00eencrederii consumatorilor sau a altor probleme specifice.<\/p>\n\n\n\n<p><strong>Ac\u021biuni eligibile concrete:<\/strong><\/p>\n\n\n\n<p>&#8211; gestionarea proiectului;<\/p>\n\n\n\n<p>&#8211; rela\u021bii publice (evenimente de pres\u0103, alte activit\u0103\u021bi de rela\u021bii cu publicul);<\/p>\n\n\n\n<p>&#8211; website, platforme de comunicare social\u0103 (mijloace de comunicare social\u0103 (creare de conturi, post\u0103ri periodice, aplica\u021bii mobile, platforme de e-learning, seminare online etc.);<\/p>\n\n\n\n<p>&#8211; publicitate (tip\u0103rituri, TV, radio, online, cinema, \u00een aer liber);<\/p>\n\n\n\n<p>&#8211; instrumente de comunicare (videclipuri, mape pentru pres\u0103, produse promo\u021bionale);<\/p>\n\n\n\n<p>&#8211; evenimente (standuri la t\u00e2rguri comerciale, seminarii, ateliere, reuniuni B2B, cursuri de formare pentru comer\u021b\/buc\u0103tari, activit\u0103\u021bi \u00een \u0219coli, s\u0103pt\u0103m\u00e2ni \u00een restaurante, sponsorizare de evenimente, vizite de studiu \u00een Europa);<\/p>\n\n\n\n<p>&#8211; promovare la punctul de desfacere (zile de degustare, alte categorii: publicitate la punctele de desfacere, promovare \u00een publica\u021bii ale comercian\u021bilor.<\/p>\n\n\n\n<p><strong>Informa\u021bii suplimentare:<\/strong><\/p>\n\n\n\n<p>&nbsp;&#8211; Organiza\u021bia care formuleaz\u0103 propunerea poate depune mai multe cereri pentru proiecte diferite \u00een cadrul aceleia\u0219i teme prioritare. Organiza\u021bia care formuleaz\u0103 propunerea poate depune, de asemenea, mai multe cereri pentru proiecte diferite \u00een cadrul diferitelor teme prioritare.<\/p>\n\n\n\n<p>-Spre deosebire de cererea pentru programe simple, consor\u021biul trebuie s\u0103 fie transna\u021bional, format din cel pu\u021bin 2 parteneri, din cel pu\u021bin 2 state membre ale UE, sau s\u0103 reprezinte una\/mai multe organiza\u021bii.<\/p>\n\n\n\n<p>&#8211; Data \u00eenceperii ac\u1e6diunilor de implementare: \u00een primele 6 luni ale anului 2023.<\/p>\n\n\n\n<p>&#8211; Proiectele se implementeaz\u0103 pe o perioad\u0103 de minimum 1 an \u0219i maximum 3 ani.<\/p>\n\n\n\n<p>&#8211; Propunerile pot fi depuse \u00een oricare dintre limbile oficiale ale Uniunii Europene. Solicitan\u021bii sunt \u00eencuraja\u021bi, totu\u0219i, s\u0103 \u00ee\u0219i depun\u0103 propunerile \u00een limba englez\u0103, pentru a facilita prelucrarea cererilor, inclusiv revizuirea lor de c\u0103tre exper\u021bi independen\u021bi care furnizeaz\u0103 contribu\u021bii tehnice \u00een cadrul evalu\u0103rii. \u00cen plus, ace\u0219tia trebuie s\u0103 ia \u00een considerare faptul c\u0103 limba de comunicare a REA este engleza.<\/p>\n","protected":false},"excerpt":{"rendered":"<p>Comisia European\u0103 a deschis&nbsp;cererea de propuneri de proiecte 2022 \u201ePrograme multina\u0163ionale&nbsp;\u2013&nbsp;promovarea produselor agricole.&nbsp;Granturi pentru ac\u0163iunile de informare \u015fi promovare referitoare la produsele agricole puse \u00een aplicare pe pia\u0163a intern\u0103 \u015fi \u00een \u0163\u0103rile ter\u0163e \u00een conformitate cu&nbsp;Regulamentul (UE) nr. 1144\/2014&nbsp;al Parlamentului European si al Consiliului\u201d. Programul de lucru pentru 2022 se axeaz\u0103 pe campanii care sunt [&hellip;]<\/p>\n","protected":false},"author":2,"featured_media":2968,"comment_status":"closed","ping_status":"closed","sticky":false,"template":"","format":"standard","meta":{"_et_pb_use_builder":"","_et_pb_old_content":"","_et_gb_content_width":"","footnotes":""},"categories":[19],"tags":[],"class_list":["post-2952","post","type-post","status-publish","format-standard","has-post-thumbnail","hentry","category-oportunitati-finantare-internationala"],"_links":{"self":[{"href":"https:\/\/uncjr.ro\/web\/wp-json\/wp\/v2\/posts\/2952","targetHints":{"allow":["GET"]}}],"collection":[{"href":"https:\/\/uncjr.ro\/web\/wp-json\/wp\/v2\/posts"}],"about":[{"href":"https:\/\/uncjr.ro\/web\/wp-json\/wp\/v2\/types\/post"}],"author":[{"embeddable":true,"href":"https:\/\/uncjr.ro\/web\/wp-json\/wp\/v2\/users\/2"}],"replies":[{"embeddable":true,"href":"https:\/\/uncjr.ro\/web\/wp-json\/wp\/v2\/comments?post=2952"}],"version-history":[{"count":2,"href":"https:\/\/uncjr.ro\/web\/wp-json\/wp\/v2\/posts\/2952\/revisions"}],"predecessor-version":[{"id":2973,"href":"https:\/\/uncjr.ro\/web\/wp-json\/wp\/v2\/posts\/2952\/revisions\/2973"}],"wp:featuredmedia":[{"embeddable":true,"href":"https:\/\/uncjr.ro\/web\/wp-json\/wp\/v2\/media\/2968"}],"wp:attachment":[{"href":"https:\/\/uncjr.ro\/web\/wp-json\/wp\/v2\/media?parent=2952"}],"wp:term":[{"taxonomy":"category","embeddable":true,"href":"https:\/\/uncjr.ro\/web\/wp-json\/wp\/v2\/categories?post=2952"},{"taxonomy":"post_tag","embeddable":true,"href":"https:\/\/uncjr.ro\/web\/wp-json\/wp\/v2\/tags?post=2952"}],"curies":[{"name":"wp","href":"https:\/\/api.w.org\/{rel}","templated":true}]}}