{"id":2787,"date":"2021-12-20T14:20:30","date_gmt":"2021-12-20T12:20:30","guid":{"rendered":"https:\/\/uncjr.ro\/web\/?p=2787"},"modified":"2022-02-08T09:21:57","modified_gmt":"2022-02-08T07:21:57","slug":"participare-la-salonul-expozisional-virtual-al-summitului-european-al-regiunilor-si-oraselor-de-la-marsilia-3-4-martie-2022","status":"publish","type":"post","link":"https:\/\/uncjr.ro\/web\/participare-la-salonul-expozisional-virtual-al-summitului-european-al-regiunilor-si-oraselor-de-la-marsilia-3-4-martie-2022\/","title":{"rendered":"Participare la Salonul expozi\u021bional virtual al Summitului european al regiunilor \u0219i ora\u0219elor de la Marsilia, 3-4 martie 2022"},"content":{"rendered":"\n<p><strong>Comitetul European al Regiunilor (CoR) a deschis pe 17 decembrie 2021, cererea de manifestare a interesului pentru autorit\u0103\u021bile locale, jude\u021bene \u015fi regionale care doresc s\u0103 participe la \u201eSalonul virtual\u201d al celei de-a 9-a edi\u021bii a&nbsp;<a rel=\"noreferrer noopener\" href=\"https:\/\/cor.europa.eu\/en\/summits\/2022\/Pages\/homepage.aspx\" target=\"_blank\">Summit-ului european al regiunilor \u015fi ora\u015felor care va avea loc la Marsilia<\/a><\/strong><strong>, \u00een perioada 3-4 martie 2022.<\/strong><\/p>\n\n\n\n<p>Data limit\u0103 pentru depunerea candidaturilor: 14 ianuarie 2022<\/p>\n\n\n\n<p>Temele acestei edi\u021bii sunt&nbsp;<strong>rezilien\u021ba<\/strong>&nbsp;\u015fi&nbsp;<strong>inovarea<\/strong>. \u00cen contextual actual, rezilien\u021ba \u0219i Inovarea exprim\u0103 cel mai bine flexibilitatea \u0219i ingeniozitatea de care autorit\u0103\u021bile locale \u015fi regionale au dat dovad\u0103 ca s\u0103-\u0219i ajute cet\u0103\u021benii \u00een multe aspecte, cum ar fi sprijinirea dezvolt\u0103rii practicilor democratice inovatoare, revitalizarea economiei locale, reorganizarea unei game de servicii c\u0103tre comunitate, instituirea mecanismelor de r\u0103spuns rapid la crizele de s\u0103n\u0103tate sau politici inovatoare de gestionare a fluxurilor migratorii.<\/p>\n\n\n\n<p>Pe de alt\u0103 parte, trebuie avut \u00een vedere c\u0103 summitul va analiza, de asemenea, democra\u021bia \u00een Uniunea European\u0103 \u0219i, \u00een contextul Anului European al Tineretului 2022,&nbsp;<strong><u>angajamentul tinerilor \u0219i valorile europene<\/u><\/strong>.<\/p>\n\n\n\n<p>Salonul virtual este o oportunitate pentru administra\u021biile locale \u015fi jude\u021bene de a-\u015fi prezenta proiectele \u0219i de a genera interes \u00een r\u00e2ndul celor interesa\u021bi de aceste tematici.&nbsp;<strong>Pentru a permite o vizibilitate maxim\u0103, expozi\u021bia va fi deschis\u0103 (<u>doar \u00een online<\/u>) \u00een perioada 18 februarie &#8211; 18 martie 2022.<\/strong><\/p>\n\n\n\n<p><\/p>\n\n\n\n<p>Format:<\/p>\n\n\n\n<p>Salonul virtual se va desf\u0103\u0219ura \u00een marja Summit-ului, ca parte a \u201ecentrului de conferin\u021be online\u201d, general propus pentru \u00eentregul eveniment. Acesta va fi accesibil tuturor printr-un hyperlink pe pagina de web a summitului CoR.&nbsp;Vor fi disponibile maxim 50 de standuri virtuale.<\/p>\n\n\n\n<p>Standurile expozi\u021bionale vor fi amenajate \u00eentr-un format\/spa\u021biu virtual 3D \u201e\u00een stil tradi\u021bional\u201d, unde participan\u021bii online se pot plimba pe aleile expozi\u021bionale \u0219i pot vizita diferitele standuri, pot citi \u0219i desc\u0103rca documenta\u021bia disponibil\u0103 despre proiectele expuse, pot viziona videoclipuri \u0219i pot depune c\u0103r\u021bi de vizit\u0103, dac\u0103 doresc s\u0103 fie contactati de expozan\u0163i.<\/p>\n\n\n\n<p>Standul virtual poate fi amenajat\/echipat cu:<\/p>\n\n\n\n<p>&#8211; 1 material video in format mp4 (durata nelimitata)&nbsp;;<\/p>\n\n\n\n<p>&#8211; 6 documente in format pdf (dimensiune nelimitata)&nbsp;;<\/p>\n\n\n\n<p>&#8211; 1 generic vizual pentru stand (op\u021bional) \u00een format png de \u00eenalt\u0103 defini\u021bie 2048&#215;1024 sau 1024x512px&nbsp;;<\/p>\n\n\n\n<p>&#8211; mai multe fi\u0219iere imagine (op\u021bional), dimensiune nespecific\u0103&nbsp;;<\/p>\n\n\n\n<p>&#8211; max. 3 link-uri hipertext.<\/p>\n\n\n\n<p><\/p>\n\n\n\n<p><strong>Important:<\/strong><\/p>\n\n\n\n<p>Cererile primite p\u00e2n\u0103 la 14 ianuarie 2022 vor fi examinate \u0219i confirmate sau respinse. Apoi, materialul expozi\u021bional propus de participan\u021bi trebuie s\u0103 ajung\u0103 la echipa tehnic\u0103 organizatoare p\u00e2n\u0103 cel mai t\u00e2rziu la 1 februarie 2022 pentru a fi \u00eenc\u0103rcat pe standurile virtuale.&nbsp;Este posibil ca acest interval de timp scurt s\u0103 nu permit\u0103 producerea unor noi materiale. Prin urmare, CoR invit\u0103&nbsp;viitorii participan\u021bi s\u0103 reutilizeze materiale relevante care exist\u0103 d\u00e9j\u00e0 \u00een baza lor de date.<\/p>\n\n\n\n<p>Eligibilitate&nbsp;:<\/p>\n\n\n\n<p>\u2022 membrii CoR;<\/p>\n\n\n\n<p>\u2022 autorit\u0103\u021bile municipale, locale \u0219i regionale ale statelor membre ale UE;<\/p>\n\n\n\n<p>\u2022 alte institu\u021bii \u0219i agen\u021bii europene;<\/p>\n\n\n\n<p>\u2022 asocia\u021bii \u0219i organiza\u021bii publice europene;<\/p>\n\n\n\n<p>\u2022 asocia\u021bii \u0219i organiza\u021bii publice regionale sau interna\u021bionale;<\/p>\n\n\n\n<p>\u2022 organiza\u021bii private care prezint\u0103 proiecte destinate autorit\u0103\u021bilor locale\/regionale.<\/p>\n\n\n\n<p>Formularul pentru depunerea candidaturii este disponibil \u00een englez\u0103 \u015fi francez\u0103 pe pagina de web&nbsp;:&nbsp;<a href=\"https:\/\/ec.europa.eu\/eusurvey\/runner\/Marseille_Summit_2022_Virtual_fair_application_form?_cldee=YWRyaWVubi5uYWd5QGNvci5ldXJvcGEuZXU%3d&amp;recipientid=contact-eeb66fd664bae8118113005056a043ea-c4201a56a2cc4d089162202e072bf452&amp;esid=39e81ad9-305f-ec11-8118-005056a043ea\" target=\"_blank\" rel=\"noreferrer noopener\">EUSurvey &#8211; Survey (europa.eu)<\/a>&nbsp;.<\/p>\n","protected":false},"excerpt":{"rendered":"<p>Comitetul European al Regiunilor (CoR) a deschis pe 17 decembrie 2021, cererea de manifestare a interesului pentru autorit\u0103\u021bile locale, jude\u021bene \u015fi regionale care doresc s\u0103 participe la \u201eSalonul virtual\u201d al celei de-a 9-a edi\u021bii a&nbsp;Summit-ului european al regiunilor \u015fi ora\u015felor care va avea loc la Marsilia, \u00een perioada 3-4 martie 2022. Data limit\u0103 pentru depunerea [&hellip;]<\/p>\n","protected":false},"author":2,"featured_media":2788,"comment_status":"closed","ping_status":"closed","sticky":false,"template":"","format":"standard","meta":{"_et_pb_use_builder":"","_et_pb_old_content":"","_et_gb_content_width":"","footnotes":""},"categories":[14],"tags":[],"class_list":["post-2787","post","type-post","status-publish","format-standard","has-post-thumbnail","hentry","category-evenimente"],"_links":{"self":[{"href":"https:\/\/uncjr.ro\/web\/wp-json\/wp\/v2\/posts\/2787","targetHints":{"allow":["GET"]}}],"collection":[{"href":"https:\/\/uncjr.ro\/web\/wp-json\/wp\/v2\/posts"}],"about":[{"href":"https:\/\/uncjr.ro\/web\/wp-json\/wp\/v2\/types\/post"}],"author":[{"embeddable":true,"href":"https:\/\/uncjr.ro\/web\/wp-json\/wp\/v2\/users\/2"}],"replies":[{"embeddable":true,"href":"https:\/\/uncjr.ro\/web\/wp-json\/wp\/v2\/comments?post=2787"}],"version-history":[{"count":2,"href":"https:\/\/uncjr.ro\/web\/wp-json\/wp\/v2\/posts\/2787\/revisions"}],"predecessor-version":[{"id":2974,"href":"https:\/\/uncjr.ro\/web\/wp-json\/wp\/v2\/posts\/2787\/revisions\/2974"}],"wp:featuredmedia":[{"embeddable":true,"href":"https:\/\/uncjr.ro\/web\/wp-json\/wp\/v2\/media\/2788"}],"wp:attachment":[{"href":"https:\/\/uncjr.ro\/web\/wp-json\/wp\/v2\/media?parent=2787"}],"wp:term":[{"taxonomy":"category","embeddable":true,"href":"https:\/\/uncjr.ro\/web\/wp-json\/wp\/v2\/categories?post=2787"},{"taxonomy":"post_tag","embeddable":true,"href":"https:\/\/uncjr.ro\/web\/wp-json\/wp\/v2\/tags?post=2787"}],"curies":[{"name":"wp","href":"https:\/\/api.w.org\/{rel}","templated":true}]}}