{"id":2762,"date":"2021-12-11T10:02:11","date_gmt":"2021-12-11T08:02:11","guid":{"rendered":"https:\/\/uncjr.ro\/web\/?p=2762"},"modified":"2022-03-03T15:06:39","modified_gmt":"2022-03-03T13:06:39","slug":"initiativa-uncjr-de-a-finanta-cj-din-fondul-de-rezerva-aprobata-de-guvern","status":"publish","type":"post","link":"https:\/\/uncjr.ro\/web\/initiativa-uncjr-de-a-finanta-cj-din-fondul-de-rezerva-aprobata-de-guvern\/","title":{"rendered":"Ini\u021biativa UNCJR de a finan\u021ba CJ din fondul de rezerva, aprobat\u0103 de Guvern"},"content":{"rendered":"\n<p class=\"text-content-justify\">&nbsp;Ini\u021biativa Uniunii Na\u021bionale a Consiliilor Jude\u021bene din Rom\u00e2nia (UNCJR), \u00een parteneriat cu Ministerul Dezvolt\u0103rii Lucr\u0103rilor Publice \u0219i Administra\u021biei (MDLPA) \u0219i \u00een urma discu\u021biilor purtate cu reprezentan\u021bii Guvernului de a finan\u021ba Consiliile Jude\u021bene (CJ) din Fondul de Rezerv\u0103 s-a adoptat&nbsp; vineri, 10 octombrie 2021, \u00een \u0219edin\u021ba de Guvern.<\/p>\n\n\n\n<p>Fiecare Consiliu Jude\u021bean va primi din fondul de rezerva suma de 6,5 milioane de lei. UNCJR, al\u0103turi de MDLPA au f\u0103cut aceast\u0103 solicitare ca necesitate a CJ pentru acoperirea costurilor cu privire la serviciile de asisten\u021b\u0103 social\u0103 \u0219i de protec\u021bie a copiilor.<\/p>\n\n\n\n<p class=\"text-content-justify\">\u201eApreciem faptul c\u0103 Guvernul Rom\u00e2niei, prin discu\u021biile purtate cu UNCJR \u0219i MDLPA, a \u00een\u021beles nevoia aloc\u0103rii de fonduri c\u0103tre Consiliile Jude\u021be cu privire la acoperirea serviciilor de asisten\u021b\u0103 social\u0103 \u0219i de protec\u021bie a copiilor.&nbsp; Prin urmare, Consiliile Jude\u021bene din Rom\u00e2nia vor avea o finan\u021bare, din Fondul de Rezerv\u0103 bugetar\u0103,&nbsp; de 266,5 de milioane de lei, sum\u0103 \u00eemp\u0103r\u021bit\u0103 \u00een mod egal, 6,5 milioane de lei pentru fiecare Consiliu Jude\u021bean\u201d, a declarat, pre\u0219edinte UNCJR \u0219i pre\u0219edinte al CJ Bra\u0219ov, Adrian-Ioan Ve\u0219tea.<\/p>\n\n\n\n<p><em>Uniunea Na\u0163ional\u0103 a Consiliilor Jude\u0163ene din Rom\u00e2nia (UNCJR), \u00eenfiin\u021bat\u0103 \u00een 1993, este o organiza\u0163ie neguvernamental\u0103, f\u0103r\u0103 scop lucrativ, ce reune\u015fte, toate consiliile jude\u0163ene din Rom\u00e2nia, ca autorit\u0103\u0163i ale administra\u0163iei publice locale. UNCJR are scopul de a promova dezvoltarea economico-social\u0103 durabil\u0103 \u015fi sustenabil\u0103 a unit\u0103\u0163ilor administrativ teritoriale.<\/em><\/p>\n\n\n\n<p>_____<\/p>\n\n\n\n<p>Pentru mai multe informa\u021bii, v\u0103 rug\u0103m contacta\u021bi:<\/p>\n\n\n\n<p>Adrian-Ioan Ve\u0219tea<\/p>\n\n\n\n<p>pre\u0219edinte UNCJR \/ pre\u0219edinte CJ Bra\u0219ov<\/p>\n\n\n\n<p>Tel. 0721 242 727<\/p>\n","protected":false},"excerpt":{"rendered":"<p>&nbsp;Ini\u021biativa Uniunii Na\u021bionale a Consiliilor Jude\u021bene din Rom\u00e2nia (UNCJR), \u00een parteneriat cu Ministerul Dezvolt\u0103rii Lucr\u0103rilor Publice \u0219i Administra\u021biei (MDLPA) \u0219i \u00een urma discu\u021biilor purtate cu reprezentan\u021bii Guvernului de a finan\u021ba Consiliile Jude\u021bene (CJ) din Fondul de Rezerv\u0103 s-a adoptat&nbsp; vineri, 10 octombrie 2021, \u00een \u0219edin\u021ba de Guvern. Fiecare Consiliu Jude\u021bean va primi din fondul de [&hellip;]<\/p>\n","protected":false},"author":2,"featured_media":166,"comment_status":"closed","ping_status":"closed","sticky":false,"template":"","format":"standard","meta":{"_et_pb_use_builder":"","_et_pb_old_content":"","_et_gb_content_width":"","footnotes":""},"categories":[6,5],"tags":[],"class_list":["post-2762","post","type-post","status-publish","format-standard","has-post-thumbnail","hentry","category-comunicat-de-presa","category-noutati"],"_links":{"self":[{"href":"https:\/\/uncjr.ro\/web\/wp-json\/wp\/v2\/posts\/2762","targetHints":{"allow":["GET"]}}],"collection":[{"href":"https:\/\/uncjr.ro\/web\/wp-json\/wp\/v2\/posts"}],"about":[{"href":"https:\/\/uncjr.ro\/web\/wp-json\/wp\/v2\/types\/post"}],"author":[{"embeddable":true,"href":"https:\/\/uncjr.ro\/web\/wp-json\/wp\/v2\/users\/2"}],"replies":[{"embeddable":true,"href":"https:\/\/uncjr.ro\/web\/wp-json\/wp\/v2\/comments?post=2762"}],"version-history":[{"count":2,"href":"https:\/\/uncjr.ro\/web\/wp-json\/wp\/v2\/posts\/2762\/revisions"}],"predecessor-version":[{"id":3123,"href":"https:\/\/uncjr.ro\/web\/wp-json\/wp\/v2\/posts\/2762\/revisions\/3123"}],"wp:featuredmedia":[{"embeddable":true,"href":"https:\/\/uncjr.ro\/web\/wp-json\/wp\/v2\/media\/166"}],"wp:attachment":[{"href":"https:\/\/uncjr.ro\/web\/wp-json\/wp\/v2\/media?parent=2762"}],"wp:term":[{"taxonomy":"category","embeddable":true,"href":"https:\/\/uncjr.ro\/web\/wp-json\/wp\/v2\/categories?post=2762"},{"taxonomy":"post_tag","embeddable":true,"href":"https:\/\/uncjr.ro\/web\/wp-json\/wp\/v2\/tags?post=2762"}],"curies":[{"name":"wp","href":"https:\/\/api.w.org\/{rel}","templated":true}]}}