{"id":2753,"date":"2021-12-10T10:14:32","date_gmt":"2021-12-10T08:14:32","guid":{"rendered":"https:\/\/uncjr.ro\/web\/?p=2753"},"modified":"2021-12-10T10:15:27","modified_gmt":"2021-12-10T08:15:27","slug":"cerere-de-finantare-pentru-programul-european-cerv","status":"publish","type":"post","link":"https:\/\/uncjr.ro\/web\/cerere-de-finantare-pentru-programul-european-cerv\/","title":{"rendered":"Cerere de finan\u021bare pentru programul european CERV"},"content":{"rendered":"\n<p><strong>Comisia European\u0103 a deschis recent cererea de propuneri de proiecte pentru 2022 a actualului program european CERV \u2013 Cet\u0103\u0163eni, Egalitate, Drepturi \u015fi Valori &#8211; pentru finan\u021b\u0103ri care au \u00een vedere \u00eenfr\u0103\u021biri de ora\u015fe \u015fi re\u021bele de ora\u015fe.<\/strong><\/p>\n\n\n\n<p>Programul promoveaz\u0103 schimburile \u00eentre oameni din diferite \u021b\u0103ri, consolideaz\u0103 \u00een\u021belegerea reciproc\u0103 \u0219i toleran\u021ba lor \u0219i le ofer\u0103 posibilitatea de a-\u0219i l\u0103rgi perspectiva \u0219i de a dezvolta un sentiment de apartenen\u021b\u0103 \u0219i identitate european\u0103 prin \u00eenfr\u0103\u021birea ora\u0219elor \u0219i re\u021bele de ora\u0219e. Programul ofer\u0103, men\u021bin\u00e2nd o abordare de jos \u00een sus, \u00een special re\u021belelor de ora\u0219e, o oportunitate de a se concentra pe priorit\u0103\u021bile UE.<\/p>\n\n\n\n<figure class=\"wp-block-table\"><table><tbody><tr><td class=\"has-text-align-center\" data-align=\"center\">Buget total<\/td><td class=\"has-text-align-center\" data-align=\"center\">Termenul limit\u0103 de depunere al aplica\u021biilor<\/td><td class=\"has-text-align-center\" data-align=\"center\">Beneficiari<\/td><td class=\"has-text-align-center\" data-align=\"center\">Eligibilitate \u021b\u0103ri\/regiuni<\/td><\/tr><tr><td class=\"has-text-align-center\" data-align=\"center\"><strong>11.000.000 \u20ac cofinan\u021bare de maximum<\/strong><br> 30.000 \u20ac pentru \u00eenfr\u0103\u021biri; pentru componenta re\u021bele de ora\u015fe, nu exist\u0103 limit\u0103 bugetar\u0103, fiind acordate sume forfetare<\/td><td class=\"has-text-align-center\" data-align=\"center\"><strong>24 martie 2022<\/strong> <br>ora 17:00 la Bruxelles<\/td><td class=\"has-text-align-center\" data-align=\"center\">Solicitan\u021bii (beneficiarii \u0219i entit\u0103\u021bile afiliate) trebuie: <br>&#8211; s\u0103 fie entit\u0103\u021bi publice sau private, <br>&#8211; s\u0103 fie un organism public sau o organiza\u021bie non-profit: ora\u0219e\/municipalit\u0103\u021bi \u0219i\/sau alte niveluri de autorit\u0103\u021bi locale \u015fi intermediare sau comitetele lor de \u00eenfr\u0103\u021bire sau alte organiza\u021bii non-profit care reprezint\u0103 autorit\u0103\u021bile locale sau intermediare.<\/td><td class=\"has-text-align-center\" data-align=\"center\">-state membre ale UE; <br>&#8211; programul este deschis \u015fi pentru \u0163\u0103ri ter\u0163e<\/td><\/tr><\/tbody><\/table><\/figure>\n\n\n\n<p>Cererea acoper\u0103 urm\u0103toarele componente\/subiecte:<\/p>\n\n\n\n<p>&#8211; CERV-2022-CITIZENS-TOWN-TT (Subiectul 1) &#8211; \u00cenfr\u0103\u021birea ora\u0219elor;<\/p>\n\n\n\n<p>&#8211; CERV-2022-CITIZENS-TOWN-NT (Subiectul 2) &#8211; Re\u021bele de ora\u0219e.<\/p>\n\n\n\n<p><\/p>\n\n\n\n<p><strong>Cererea sprijin\u0103 urm\u0103toarele ini\u021biative politice:<\/strong><\/p>\n\n\n\n<p>&#8211; Strategia pentru consolidarea aplic\u0103rii Cartei drepturilor fundamentale \u00een UE,<\/p>\n\n\n\n<p>&#8211; Raportul UE privind cet\u0103\u021benia,<\/p>\n\n\n\n<p>&#8211; Planul de ac\u021biune pentru democra\u021bia european\u0103,<\/p>\n\n\n\n<p>&#8211; Cadrul strategic al UE pentru romi privind egalitatea, incluziunea \u0219i participarea.<\/p>\n\n\n\n<p><\/p>\n\n\n\n<p><strong>CERV-2022-CITIZENS-TOWN-TT (Subiectul 1) &#8211; \u00cenfr\u0103\u021birea ora\u0219elor<\/strong><\/p>\n\n\n\n<p><strong>Obiective:<\/strong><\/p>\n\n\n\n<p>&#8211; s\u0103 promoveze schimburile \u00eentre cet\u0103\u021benii din diferite \u021b\u0103ri;<\/p>\n\n\n\n<p>&#8211; s\u0103 ofere cet\u0103\u021benilor posibilitatea de a descoperi diversitatea cultural\u0103 a Uniunii Europene \u0219i s\u0103-i fac\u0103 s\u0103 con\u0219tientizeze c\u0103 valorile europene \u0219i patrimoniul cultural constituie fundamentul unui viitor comun;<\/p>\n\n\n\n<p>&#8211; s\u0103 garanteze rela\u021bii pa\u0219nice \u00eentre europeni \u0219i s\u0103 asigure participarea activ\u0103 a acestora la nivel local;<\/p>\n\n\n\n<p>&#8211; s\u0103 consolideze \u00een\u021belegerea reciproc\u0103 \u0219i prietenia \u00eentre cet\u0103\u021benii europeni;<\/p>\n\n\n\n<p>&#8211; s\u0103 \u00eencurajeze cooperarea \u00eentre municipalit\u0103\u021bi \u0219i schimbul de bune practici;<\/p>\n\n\n\n<p>&#8211; s\u0103 sprijine o bun\u0103 guvernan\u021b\u0103 local\u0103 \u0219i consolidarea rolului autorit\u0103\u021bilor locale \u0219i regionale \u00een procesul de integrare european\u0103.<\/p>\n\n\n\n<p><\/p>\n\n\n\n<p><strong>Priorit\u0103\u021bi:<\/strong><\/p>\n\n\n\n<p>&#8211; cre\u0219terea gradului de con\u0219tientizare cu privire la bog\u0103\u021bia mediului cultural \u0219i lingvistic din Europa,<\/p>\n\n\n\n<p>&#8211; cre\u0219terea gradului de con\u0219tientizare a importan\u021bei consolid\u0103rii procesului de integrare european\u0103 bazat pe solidaritate,<\/p>\n\n\n\n<p>&#8211; promovarea sentimentului de apartenen\u021b\u0103 la Europa prin promovarea dezbaterii privind viitorul Europei, &#8211; reflec\u021bii privind impactul pandemiei COVID-19 asupra comunit\u0103\u021bilor locale.<\/p>\n\n\n\n<p><\/p>\n\n\n\n<p><strong>CERV-2022-CITIZENS-TOWN-NT (Subiectul 2) &#8211; Re\u021bele de ora\u0219e<\/strong><\/p>\n\n\n\n<p><strong>Obiective:<\/strong><\/p>\n\n\n\n<p>&#8211; s\u0103 promoveze schimburile \u00eentre cet\u0103\u021benii din diferite \u021b\u0103ri;<\/p>\n\n\n\n<p>&#8211; s\u0103 ofere cet\u0103\u021benilor posibilitatea de a descoperi diversitatea cultural\u0103 a Uniunii Europene \u0219i s\u0103-i fac\u0103 s\u0103 con\u0219tientizeze c\u0103 valorile europene \u0219i patrimoniul cultural constituie fundamentul unui viitor comun;<\/p>\n\n\n\n<p>&nbsp;&#8211; s\u0103 garanteze rela\u021bii pa\u0219nice \u00eentre europeni \u0219i s\u0103 asigure participarea activ\u0103 a acestora la nivel local;<\/p>\n\n\n\n<p>&#8211; s\u0103 consolideze \u00een\u021belegerea reciproc\u0103 \u0219i prietenia \u00eentre cet\u0103\u021benii europeni;<\/p>\n\n\n\n<p>&#8211; s\u0103 \u00eencurajeze cooperarea \u00eentre municipalit\u0103\u021bi \u0219i schimbul de bune practici;<\/p>\n\n\n\n<p>&#8211; s\u0103 sprijine o bun\u0103 guvernan\u021b\u0103 local\u0103 \u0219i consolidarea rolului autorit\u0103\u021bilor locale \u0219i regionale \u00een procesul de integrare european\u0103.<\/p>\n\n\n\n<p><\/p>\n\n\n\n<p><strong>Priorit\u0103\u021bi:<\/strong><\/p>\n\n\n\n<p>&#8211; consolidarea dimensiunii europene \u0219i democratice a procesului decizional al UE,<\/p>\n\n\n\n<p>&#8211; sprijinirea alegerilor libere \u0219i corecte \u00een Europa,<\/p>\n\n\n\n<p>&#8211; promovarea sentimentului de apartenen\u021b\u0103 la Europa prin promovarea dezbaterii asupra viitorului Europei,<\/p>\n\n\n\n<p>&#8211; reflec\u021bii privind impactul pandemiei COVID-19 asupra comunit\u0103\u021bilor locale.<\/p>\n\n\n\n<p><\/p>\n\n\n\n<p>Mai multe informa\u021bii despre program se pot consulta pe pagina oficial\u0103 a cererii, platforma <a href=\"https:\/\/ec.europa.eu\/info\/funding-tenders\/opportunities\/portal\/screen\/opportunities\/topic-details\/cerv-2022-citizens-town-nt;callCode=CERV-2022-CITIZENS-TOWN;freeTextSearchKeyword=;matchWholeText=true;typeCodes=1;statusCodes=31094501,31094502,31094503;programmePeriod=null;programCcm2Id=43251589;programDivisionCode=null;focusAreaCode=null;destination=null;mission=null;geographicalZonesCode=null;programmeDivisionProspect=null;startDateLte=null;startDateGte=null;crossCuttingPriorityCode=null;cpvCode=null;performanceOfDelivery=null;sortQuery=sortStatus;orderBy=asc;onlyTenders=false;topicListKey=callTopicSearchTableState\" data-type=\"URL\" data-id=\"https:\/\/ec.europa.eu\/info\/funding-tenders\/opportunities\/portal\/screen\/opportunities\/topic-details\/cerv-2022-citizens-town-nt;callCode=CERV-2022-CITIZENS-TOWN;freeTextSearchKeyword=;matchWholeText=true;typeCodes=1;statusCodes=31094501,31094502,31094503;programmePeriod=null;programCcm2Id=43251589;programDivisionCode=null;focusAreaCode=null;destination=null;mission=null;geographicalZonesCode=null;programmeDivisionProspect=null;startDateLte=null;startDateGte=null;crossCuttingPriorityCode=null;cpvCode=null;performanceOfDelivery=null;sortQuery=sortStatus;orderBy=asc;onlyTenders=false;topicListKey=callTopicSearchTableState\" target=\"_blank\" rel=\"noreferrer noopener\">\u201eFunding and Tenders Oppo<\/a>r<a href=\"https:\/\/ec.europa.eu\/info\/funding-tenders\/opportunities\/portal\/screen\/opportunities\/topic-details\/cerv-2022-citizens-town-nt;callCode=CERV-2022-CITIZENS-TOWN;freeTextSearchKeyword=;matchWholeText=true;typeCodes=1;statusCodes=31094501,31094502,31094503;programmePeriod=null;programCcm2Id=43251589;programDivisionCode=null;focusAreaCode=null;destination=null;mission=null;geographicalZonesCode=null;programmeDivisionProspect=null;startDateLte=null;startDateGte=null;crossCuttingPriorityCode=null;cpvCode=null;performanceOfDelivery=null;sortQuery=sortStatus;orderBy=asc;onlyTenders=false;topicListKey=callTopicSearchTableState\" data-type=\"URL\" data-id=\"https:\/\/ec.europa.eu\/info\/funding-tenders\/opportunities\/portal\/screen\/opportunities\/topic-details\/cerv-2022-citizens-town-nt;callCode=CERV-2022-CITIZENS-TOWN;freeTextSearchKeyword=;matchWholeText=true;typeCodes=1;statusCodes=31094501,31094502,31094503;programmePeriod=null;programCcm2Id=43251589;programDivisionCode=null;focusAreaCode=null;destination=null;mission=null;geographicalZonesCode=null;programmeDivisionProspect=null;startDateLte=null;startDateGte=null;crossCuttingPriorityCode=null;cpvCode=null;performanceOfDelivery=null;sortQuery=sortStatus;orderBy=asc;onlyTenders=false;topicListKey=callTopicSearchTableState\">tunities a CE\u201d<\/a>. Aceasta con\u021bine toate documentele oficiale \u015fi informa\u0163iile necesare unui viitor beneficiar, inclusiv platforma pentru c\u0103utare de parteneri.<\/p>\n\n\n\n<p><a href=\"https:\/\/ec.europa.eu\/info\/funding-tenders\/opportunities\/docs\/2021-2027\/cerv\/wp-call\/2022\/call-fiche_cerv-2022-citizens-town_en.pdf\" data-type=\"URL\" data-id=\"https:\/\/ec.europa.eu\/info\/funding-tenders\/opportunities\/docs\/2021-2027\/cerv\/wp-call\/2022\/call-fiche_cerv-2022-citizens-town_en.pdf\" target=\"_blank\" rel=\"noreferrer noopener\">Textul oficial al cererii.<\/a><\/p>\n","protected":false},"excerpt":{"rendered":"<p>Comisia European\u0103 a deschis recent cererea de propuneri de proiecte pentru 2022 a actualului program european CERV \u2013 Cet\u0103\u0163eni, Egalitate, Drepturi \u015fi Valori &#8211; pentru finan\u021b\u0103ri care au \u00een vedere \u00eenfr\u0103\u021biri de ora\u015fe \u015fi re\u021bele de ora\u015fe. Programul promoveaz\u0103 schimburile \u00eentre oameni din diferite \u021b\u0103ri, consolideaz\u0103 \u00een\u021belegerea reciproc\u0103 \u0219i toleran\u021ba lor \u0219i le ofer\u0103 posibilitatea [&hellip;]<\/p>\n","protected":false},"author":2,"featured_media":2754,"comment_status":"closed","ping_status":"closed","sticky":false,"template":"","format":"standard","meta":{"_et_pb_use_builder":"","_et_pb_old_content":"","_et_gb_content_width":"","footnotes":""},"categories":[19],"tags":[],"class_list":["post-2753","post","type-post","status-publish","format-standard","has-post-thumbnail","hentry","category-oportunitati-finantare-internationala"],"_links":{"self":[{"href":"https:\/\/uncjr.ro\/web\/wp-json\/wp\/v2\/posts\/2753","targetHints":{"allow":["GET"]}}],"collection":[{"href":"https:\/\/uncjr.ro\/web\/wp-json\/wp\/v2\/posts"}],"about":[{"href":"https:\/\/uncjr.ro\/web\/wp-json\/wp\/v2\/types\/post"}],"author":[{"embeddable":true,"href":"https:\/\/uncjr.ro\/web\/wp-json\/wp\/v2\/users\/2"}],"replies":[{"embeddable":true,"href":"https:\/\/uncjr.ro\/web\/wp-json\/wp\/v2\/comments?post=2753"}],"version-history":[{"count":2,"href":"https:\/\/uncjr.ro\/web\/wp-json\/wp\/v2\/posts\/2753\/revisions"}],"predecessor-version":[{"id":2756,"href":"https:\/\/uncjr.ro\/web\/wp-json\/wp\/v2\/posts\/2753\/revisions\/2756"}],"wp:featuredmedia":[{"embeddable":true,"href":"https:\/\/uncjr.ro\/web\/wp-json\/wp\/v2\/media\/2754"}],"wp:attachment":[{"href":"https:\/\/uncjr.ro\/web\/wp-json\/wp\/v2\/media?parent=2753"}],"wp:term":[{"taxonomy":"category","embeddable":true,"href":"https:\/\/uncjr.ro\/web\/wp-json\/wp\/v2\/categories?post=2753"},{"taxonomy":"post_tag","embeddable":true,"href":"https:\/\/uncjr.ro\/web\/wp-json\/wp\/v2\/tags?post=2753"}],"curies":[{"name":"wp","href":"https:\/\/api.w.org\/{rel}","templated":true}]}}