{"id":2747,"date":"2021-12-08T09:44:04","date_gmt":"2021-12-08T07:44:04","guid":{"rendered":"https:\/\/uncjr.ro\/web\/?p=2747"},"modified":"2021-12-08T09:44:58","modified_gmt":"2021-12-08T07:44:58","slug":"cerere-de-finantare-europeana-pentru-educatie-si-cultura","status":"publish","type":"post","link":"https:\/\/uncjr.ro\/web\/cerere-de-finantare-europeana-pentru-educatie-si-cultura\/","title":{"rendered":"Cerere de finan\u021bare european\u0103 pentru Educa\u021bie \u0219i Cultur\u0103"},"content":{"rendered":"\n<p><strong>Comisia European\u0103, prin mandat de gestiune direct\u0103 acordat Agen\u0163iei executive europene pentru Educa\u021bie \u015fi Cultur\u0103 de la Bruxelles (EACEA), a deschis la 30 noiembrie 2021 prima cerere de propuneri de proiecte a componentei \u00ab&nbsp;Memoria european\u0103&nbsp;\u00bb din cadrul programului european \u00ab&nbsp;Cet\u0103\u0163eni, Egalitate, Drepturi \u015fi Valori&nbsp;\u00bb (CERV) 2021-2027.<\/strong><\/p>\n\n\n\n<p>Obiectivul general al cererii&nbsp;este de a comemora evenimente definitorii din istoria european\u0103 modern\u0103, inclusiv cauzele \u0219i consecin\u021bele regimurilor autoritare \u0219i totalitare, dar \u0219i de a cre\u0219te gradul de con\u0219tientizare a cet\u0103\u021benilor europeni cu privire la istoria, cultura, mo\u0219tenirea cultural\u0103 \u0219i valorile lor comune, sporind, astfel, \u00een\u021belegerea acestora cu privire la Uniune, la originile, scopul, diversitatea \u0219i realiz\u0103rile acesteia, precum \u0219i a importan\u021bei \u00een\u021belegerii \u0219i toleran\u021bei reciproce.<\/p>\n\n\n\n<figure class=\"wp-block-table\"><table><tbody><tr><td class=\"has-text-align-center\" data-align=\"center\">Buget total orientativ<\/td><td class=\"has-text-align-center\" data-align=\"center\">Termen limit\u0103<\/td><td class=\"has-text-align-center\" data-align=\"center\">Beneficiari<\/td><td class=\"has-text-align-center\" data-align=\"center\">Eligibilitate \u021b\u0103ri\/regiuni<\/td><\/tr><tr><td class=\"has-text-align-center\" data-align=\"center\"><strong>8.000.000 \u20ac<\/strong> <br>Nu exist\u0103 un buget maxim acordat\/proiect, cererea prevede acordarea unor sume forfetare<\/td><td class=\"has-text-align-center\" data-align=\"center\"><strong>24 martie 2022<\/strong><br> (ora 17.00 la Bruxelles)<\/td><td class=\"has-text-align-center\" data-align=\"center\">entit\u0103\u0163i legal constituite (publice sau private), din \u0163\u0103ri participante la program, spre exemplu: autorit\u0103\u021bi publice locale\/regionale sau organiza\u021bii non-profit, inclusiv organiza\u021bii ale societ\u0103\u021bii civile, asocia\u021bii de supravie\u021buitori \u0219i organiza\u021bii culturale, de tineret, educa\u021bionale \u0219i de cercetare<\/td><td class=\"has-text-align-center\" data-align=\"center\">&#8211; state membre ale UE, &#8211; \u0163\u0103ri ter\u0163e care au semnat un acord interna\u021bional de cooperare cu Comisia European\u0103<\/td><\/tr><\/tbody><\/table><\/figure>\n\n\n\n<p><strong>Priorit\u0103\u021bi tematice ale cererii<\/strong>:<\/p>\n\n\n\n<p>Comemorarea, cercetarea \u0219i educarea privind crimele comise sub regimurile totalitare, \u00een special Holocaustul;<\/p>\n\n\n\n<p>\u201e<a rel=\"noreferrer noopener\" href=\"https:\/\/ec.europa.eu\/info\/publications\/new-eu-roma-strategic-framework-equality-inclusion-and-participation-full-package_ro\" data-type=\"URL\" data-id=\"https:\/\/ec.europa.eu\/info\/publications\/new-eu-roma-strategic-framework-equality-inclusion-and-participation-full-package_ro\" target=\"_blank\">Noul cadru strategic al UE privind romi; egalitate, incluziune \u0219i participare\u201d <\/a>\u0219i <a rel=\"noreferrer noopener\" href=\"https:\/\/romania.representation.ec.europa.eu\/news\/comisia-prezinta-prima-strategie-ue-privind-combaterea-antisemitismului-si-promovarea-vietii_ro\" data-type=\"URL\" data-id=\"https:\/\/romania.representation.ec.europa.eu\/news\/comisia-prezinta-prima-strategie-ue-privind-combaterea-antisemitismului-si-promovarea-vietii_ro\" target=\"_blank\">Strategia UE privind combaterea antisemitismului \u0219i promovarea vie\u021bii evreie\u0219ti <\/a>(2021-2030) ar trebui s\u0103 fie luate \u00een considerare de proiecte \u00een timpul implement\u0103rii lor.<\/p>\n\n\n\n<p><\/p>\n\n\n\n<p>Rezisten\u021b\u0103, tranzi\u021bie democratic\u0103 \u0219i consolidare democratic\u0103 \u00een UE. Tipuri de ac\u0163iuni finan\u0163ate Proiectele sunt de a\u0219teptat s\u0103:<\/p>\n\n\n\n<p>\u2022 includ\u0103 diferite tipuri de organiza\u021bii (autorit\u0103\u021bi publice, organiza\u021bii ale societ\u0103\u021bii civile, institute de cercetare \u0219i arhive, universit\u0103\u021bi, organiza\u021bii culturale, locuri memoriale \u0219i de \u00eenv\u0103\u021bare etc.) \u0219i urm\u0103resc s\u0103 stabileasc\u0103 o colaborare de durat\u0103 \u00eentre ace\u0219ti actori, \u00een special \u00eentre autorit\u0103\u021bi publice \u0219i institu\u021bii pentru cercetare, comemorare etc.;<\/p>\n\n\n\n<p>\u2022 dezvolte diferite tipuri de activit\u0103\u021bi (activit\u0103\u021bi de formare, publica\u021bii, instrumente online, cercetare, inclusiv cercetarea provenien\u021bei, educa\u021bie non-formal\u0103, dezbateri publice, expozi\u021bii, colectare \u0219i digitalizare de m\u0103rturii, ac\u021biuni inovatoare \u0219i creative etc.) \u0219i s\u0103 se asigure c\u0103 aceste activit\u0103\u021bi sunt accesibile femeilor \u0219i b\u0103rba\u021bilor \u00een condi\u021bii egale;<\/p>\n\n\n\n<p>&nbsp;\u2022 implice oameni din diferite grupuri \u021bint\u0103 \u0219i s\u0103 asigure reprezentarea echilibrat\u0103 (din punct de vedere al v\u00e2rstei, mediilor culturale \u0219i sociale etc.) cu un accent puternic pe multiplicatori (politicieni, oficial de stat, lideri de opinie etc.);<\/p>\n\n\n\n<p>\u2022 fie implementat, de preferin\u021b\u0103, la nivel transna\u021bional dac\u0103 adaug\u0103 valoare proiectului (implic\u00e2nd crearea \u0219i func\u021bionarea de parteneriate \u0219i re\u021bele transna\u021bionale);<\/p>\n\n\n\n<p>\u2022 \u00eemp\u0103rt\u0103\u0219easc\u0103 \u0219i s\u0103 promoveze memoria \u0219i mo\u0219tenirea \u00een leg\u0103tur\u0103 cu crimele comise de regimurile totalitare, precum \u0219i ac\u021biunile de reducere a denatur\u0103rii \u0219i neg\u0103rii;<\/p>\n\n\n\n<p>\u2022 promoveze o cultur\u0103 comun\u0103 de comemorare \u0219i \u00een\u021belegere reciproc\u0103 \u00eentre oameni din \u021b\u0103ri \u0219i medii diferite.<\/p>\n\n\n\n<p><strong>Surse de informare<\/strong>:<\/p>\n\n\n\n<p><a href=\"https:\/\/ec.europa.eu\/info\/funding-tenders\/opportunities\/docs\/2021-2027\/cerv\/wp-call\/2022\/call-fiche_cerv-2022-citizens-rem_en.pdf\" data-type=\"URL\" data-id=\"https:\/\/ec.europa.eu\/info\/funding-tenders\/opportunities\/docs\/2021-2027\/cerv\/wp-call\/2022\/call-fiche_cerv-2022-citizens-rem_en.pdf\">Textul c<\/a><a href=\"https:\/\/ec.europa.eu\/info\/funding-tenders\/opportunities\/docs\/2021-2027\/cerv\/wp-call\/2022\/call-fiche_cerv-2022-citizens-rem_en.pdf\" data-type=\"URL\" data-id=\"https:\/\/ec.europa.eu\/info\/funding-tenders\/opportunities\/docs\/2021-2027\/cerv\/wp-call\/2022\/call-fiche_cerv-2022-citizens-rem_en.pdf\" target=\"_blank\" rel=\"noreferrer noopener\">e<\/a><a href=\"https:\/\/ec.europa.eu\/info\/funding-tenders\/opportunities\/docs\/2021-2027\/cerv\/wp-call\/2022\/call-fiche_cerv-2022-citizens-rem_en.pdf\" data-type=\"URL\" data-id=\"https:\/\/ec.europa.eu\/info\/funding-tenders\/opportunities\/docs\/2021-2027\/cerv\/wp-call\/2022\/call-fiche_cerv-2022-citizens-rem_en.pdf\">rerii<\/a><\/p>\n\n\n\n<p><\/p>\n\n\n\n<p>Platforma oficial\u0103 pe care aplica\u0163ia poate fi depus\u0103: <a href=\"https:\/\/ec.europa.eu\/info\/funding-tenders\/opportunities\/portal\/screen\/opportunities\/topic-details\/cerv-2022-citizens-rem;callCode=null;freeTextSearchKeyword=european%20remembrance;matchWholeText=true;typeCodes=0,1,2;statusCodes=31094501,31094502,31094503;programmePeriod=null;programCcm2Id=null;programDivisionCode=null;focusAreaCode=null;destination=null;mission=null;geographicalZonesCode=null;programmeDivisionProspect=null;startDateLte=null;startDateGte=null;crossCuttingPriorityCode=null;cpvCode=null;performanceOfDelivery=null;sortQuery=sortStatus;orderBy=asc;onlyTenders=false;topicListKey=topicSearchTablePageState\" data-type=\"URL\" data-id=\"https:\/\/ec.europa.eu\/info\/funding-tenders\/opportunities\/portal\/screen\/opportunities\/topic-details\/cerv-2022-citizens-rem;callCode=null;freeTextSearchKeyword=european%20remembrance;matchWholeText=true;typeCodes=0,1,2;statusCodes=31094501,31094502,31094503;programmePeriod=null;programCcm2Id=null;programDivisionCode=null;focusAreaCode=null;destination=null;mission=null;geographicalZonesCode=null;programmeDivisionProspect=null;startDateLte=null;startDateGte=null;crossCuttingPriorityCode=null;cpvCode=null;performanceOfDelivery=null;sortQuery=sortStatus;orderBy=asc;onlyTenders=false;topicListKey=topicSearchTablePageState\" target=\"_blank\" rel=\"noreferrer noopener\">\u201eFunding and Tender Opportunities\u201d<\/a>; acest ghi\u015feu unic european ofer\u0103 toate informa\u0163iile despre prezenta cerere, inclusiv o platforma pentru c\u0103utarea de parteneri.<\/p>\n","protected":false},"excerpt":{"rendered":"<p>Comisia European\u0103, prin mandat de gestiune direct\u0103 acordat Agen\u0163iei executive europene pentru Educa\u021bie \u015fi Cultur\u0103 de la Bruxelles (EACEA), a deschis la 30 noiembrie 2021 prima cerere de propuneri de proiecte a componentei \u00ab&nbsp;Memoria european\u0103&nbsp;\u00bb din cadrul programului european \u00ab&nbsp;Cet\u0103\u0163eni, Egalitate, Drepturi \u015fi Valori&nbsp;\u00bb (CERV) 2021-2027. Obiectivul general al cererii&nbsp;este de a comemora evenimente definitorii [&hellip;]<\/p>\n","protected":false},"author":2,"featured_media":2749,"comment_status":"closed","ping_status":"closed","sticky":false,"template":"","format":"standard","meta":{"_et_pb_use_builder":"","_et_pb_old_content":"","_et_gb_content_width":"","footnotes":""},"categories":[19],"tags":[],"class_list":["post-2747","post","type-post","status-publish","format-standard","has-post-thumbnail","hentry","category-oportunitati-finantare-internationala"],"_links":{"self":[{"href":"https:\/\/uncjr.ro\/web\/wp-json\/wp\/v2\/posts\/2747","targetHints":{"allow":["GET"]}}],"collection":[{"href":"https:\/\/uncjr.ro\/web\/wp-json\/wp\/v2\/posts"}],"about":[{"href":"https:\/\/uncjr.ro\/web\/wp-json\/wp\/v2\/types\/post"}],"author":[{"embeddable":true,"href":"https:\/\/uncjr.ro\/web\/wp-json\/wp\/v2\/users\/2"}],"replies":[{"embeddable":true,"href":"https:\/\/uncjr.ro\/web\/wp-json\/wp\/v2\/comments?post=2747"}],"version-history":[{"count":2,"href":"https:\/\/uncjr.ro\/web\/wp-json\/wp\/v2\/posts\/2747\/revisions"}],"predecessor-version":[{"id":2751,"href":"https:\/\/uncjr.ro\/web\/wp-json\/wp\/v2\/posts\/2747\/revisions\/2751"}],"wp:featuredmedia":[{"embeddable":true,"href":"https:\/\/uncjr.ro\/web\/wp-json\/wp\/v2\/media\/2749"}],"wp:attachment":[{"href":"https:\/\/uncjr.ro\/web\/wp-json\/wp\/v2\/media?parent=2747"}],"wp:term":[{"taxonomy":"category","embeddable":true,"href":"https:\/\/uncjr.ro\/web\/wp-json\/wp\/v2\/categories?post=2747"},{"taxonomy":"post_tag","embeddable":true,"href":"https:\/\/uncjr.ro\/web\/wp-json\/wp\/v2\/tags?post=2747"}],"curies":[{"name":"wp","href":"https:\/\/api.w.org\/{rel}","templated":true}]}}