{"id":2739,"date":"2021-12-06T09:57:13","date_gmt":"2021-12-06T07:57:13","guid":{"rendered":"https:\/\/uncjr.ro\/web\/?p=2739"},"modified":"2021-12-06T09:57:44","modified_gmt":"2021-12-06T07:57:44","slug":"prima-cerere-de-proiecte-pentru-noul-instrument-de-investitii-interregionale-pentru-inovare-i3","status":"publish","type":"post","link":"https:\/\/uncjr.ro\/web\/prima-cerere-de-proiecte-pentru-noul-instrument-de-investitii-interregionale-pentru-inovare-i3\/","title":{"rendered":"Prima cerere de proiecte pentru noul \u201eInstrument de investi\u021bii interregionale pentru inovare\u201d (I3)"},"content":{"rendered":"\n<p>Comisia European\u0103, prin mandat acordat Agen\u0163iei executive pentru Consiliul European pentru Inovare \u0219i IMM-uri (EISMEA) de la Bruxelles, a deschis la 23 noiembrie a.c.,&nbsp;prima cerere de proiecte pentru noul \u201cInstrument de investi\u021bii interregionale pentru inovare\u201d (I3).<\/p>\n\n\n\n<p>I3&nbsp;este un instrument de finan\u021bare din cadrul Fondul European de Dezvoltare Regional\u0103 (FEDR)&nbsp;cu un buget de 570 de milioane EUR pe o perioad\u0103 de \u0219apte ani (2021-2027). Acesta se bazeaz\u0103 pe experien\u021ba&nbsp;<a href=\"https:\/\/eur-lex.europa.eu\/legal-content\/RO\/TXT\/HTML\/?uri=CELEX:52017DC0376&amp;from=EN\" target=\"_blank\" rel=\"noreferrer noopener\">ac\u021biunilor-pilot interregionale<\/a> \u0219i beneficiaz\u0103 de&nbsp;<a href=\"https:\/\/www.europarl.europa.eu\/doceo\/document\/TA-8-2016-0320_RO.html\" target=\"_blank\" rel=\"noreferrer noopener\">strategiile de specializare inteligent\u0103 (S3) din cadrul politicii de coeziune<\/a>.<\/p>\n\n\n\n<figure class=\"wp-block-table\"><table><tbody><tr><td class=\"has-text-align-center\" data-align=\"center\">Buget total pentru anii 2021-2022<\/td><td class=\"has-text-align-center\" data-align=\"center\">Termenul limit\u0103 de depunere a aplica\u021biei<\/td><td class=\"has-text-align-center\" data-align=\"center\">Beneficiari<\/td><td class=\"has-text-align-center\" data-align=\"center\">Eligibilitate \u021b\u0103ri\/regiuni<\/td><\/tr><tr><td class=\"has-text-align-center\" data-align=\"center\"><strong>145.461.296 EUR<\/strong>; cofinan\u0163are de m\u00e1ximum 70%<\/td><td class=\"has-text-align-center\" data-align=\"center\"><strong>1 februarie \u015fi 18 octombrie 2022 <\/strong>(ora 17.00 la Bruxelles)<\/td><td class=\"has-text-align-center\" data-align=\"center\">orice entitate public\u0103 \u015fi privat\u0103, spre exemplu, administra\u0163ii publice locale\/jude\u0163ene sau regionale, organiza\u0163ii non-profit, centre de cercetare, camere de comer\u0163, IMM-uri, start-up-uri, agen\u0163ii de inovare, clustere, universit\u0103\u0163i, centre tehnologice etc.<\/td><td class=\"has-text-align-center\" data-align=\"center\">statele membre ale UE; pentru moment, niciun alt stat din afara UE nu \u015fi-a manifestat inten\u0163ia de participare la acest instrument<\/td><\/tr><\/tbody><\/table><\/figure>\n\n\n\n<p><strong>Obiective specifice:<\/strong><\/p>\n\n\n\n<p>&#8211; crearea de leg\u0103turi structurate \u00eentre p\u0103r\u021bile interesate ale quatrupului helix european;<\/p>\n\n\n\n<p>&#8211; ajutor pentru ecosisteme s\u0103 dep\u0103\u0219easc\u0103 e\u0219ecurile pie\u021bei, \u00een special prin conectarea cererii \u0219i a ofertei;<\/p>\n\n\n\n<p>&#8211; sprijinirea companiilor care construiesc investi\u021bii de inovare interregionale \u00een domeniile prioritare S3 comune;<\/p>\n\n\n\n<p>&#8211; accelerarea inova\u021biei (activit\u0103\u021bi demonstrative necesare pentru a permite preluarea pe pia\u021b\u0103 \u0219i extinderea solu\u021biilor inovatoare);<\/p>\n\n\n\n<p>&#8211; cre\u0219terea capacit\u0103\u021bilor regiunilor mai pu\u021bin dezvoltate de a participa la lan\u021burile valorice ale UE, contribuind la obiectivele politicii de coeziune.<\/p>\n\n\n\n<p><strong>Tematici:<\/strong><\/p>\n\n\n\n<p>&#8211; Tranzi\u0163ia digital\u0103: inova\u021bie \u00een economie digital\u0103, transformarea digital\u0103 a administra\u0163iei publice, digitalizarea s\u0103n\u0103t\u0103\u0163ii;<\/p>\n\n\n\n<p>&#8211; Tranzi\u0163ia ecologic\u0103;<\/p>\n\n\n\n<p>&#8211; Produc\u0163ia industrial\u0103 inteligent\u0103<\/p>\n\n\n\n<p><strong>Informa\u021bii suplimentare:<\/strong><\/p>\n\n\n\n<p>Pentru depunerea aplica\u021biei, se folose\u0219te platforma \u201eFunding and tender opportunities\u201d.<\/p>\n\n\n\n<p>Fiecare cerere de proiect \u00een cadrul acestui apel trebuie s\u0103 abordeze doar una dintre tematici. Solicitan\u021bii care doresc s\u0103 aplice pentru mai mult de o tematic\u0103 trebuie s\u0103 trimit\u0103 o propunere separat\u0103 pentru fiecare dintre acestea.<\/p>\n\n\n\n<p>Implementarea trebuie s\u0103 demareze dup\u0103 semnarea grantului (iunie-iulie 2023).<\/p>\n\n\n\n<p>\u00cen principiu, aplica\u021biile pot fi depuse \u00een oricare limb\u0103 oficial\u0103 a UE, dar folosirea limbii engleze este privilegiat\u0103 pentru facilitarea evalu\u0103rii<\/p>\n\n\n\n<p>Pentru aceast\u0103 cerere (componenta 1), consor\u021biul trebuie s\u0103 includ\u0103 cel pu\u021bin cinci (5) entit\u0103\u021bi juridice independente stabilite \u00een cel pu\u021bin trei (3) \u021b\u0103ri eligibile diferite, coordonatorul fiind o organiza\u021bie non-profit stabilit\u0103 \u00eentr-o regiune\/\u021bar\u0103 UE mai dezvoltat\u0103. . \u00cen plus, cel pu\u021bin una (1) dintre entit\u0103\u021bi trebuie s\u0103 fie stabilit\u0103 \u00eentr-o regiune\/\u021bar\u0103 mai pu\u021bin dezvoltat\u0103, \u00een tranzi\u021bie sau ultraperiferic\u0103.<\/p>\n\n\n\n<p>Pentru aceast\u0103 cerere (componenta 2a), consor\u021biul trebuie s\u0103 includ\u0103 cel pu\u021bin trei (3) entit\u0103\u021bi juridice independente stabilite \u00een cel pu\u021bin dou\u0103 (2) \u021b\u0103ri eligibile diferite, coordonatorul fiind o organiza\u021bie non-profit situat\u0103 \u00eentr-o zon\u0103 mai pu\u021bin dezvoltat\u0103, \u00een tranzi\u021bie sau ultraperiferic\u0103 din UE. \u00cen plus, consor\u021biul trebuie s\u0103 includ\u0103 cel pu\u021bin o (1) regiune mai dezvoltat\u0103 \u0219i o (1) regiune mai pu\u021bin dezvoltat\u0103, regiune de tranzi\u021bie sau o regiune care se confrunt\u0103 cu provoc\u0103ri specifice.<\/p>\n\n\n\n<p>Solicitan\u021bii ar trebui s\u0103 sublinieze modul \u00een care vor fi promovate echilibrul de gen \u0219i participarea femeilor inovatoare.<\/p>\n\n\n\n<p>Proiectele ar trebui s\u0103 se \u00eencadreze \u00een mod normal \u00eentre 30 \u0219i 36 de luni.<\/p>\n\n\n\n<p><a href=\"https:\/\/ec.europa.eu\/info\/funding-tenders\/opportunities\/docs\/2021-2027\/i3\/wp-call\/2021\/call-fiche_i3-2021-inv1_en.pdf\" data-type=\"URL\" data-id=\"https:\/\/ec.europa.eu\/info\/funding-tenders\/opportunities\/docs\/2021-2027\/i3\/wp-call\/2021\/call-fiche_i3-2021-inv1_en.pdf\" target=\"_blank\" rel=\"noreferrer noopener\">Textele oficiale al componentelor finan\u0163ate \u00een acest an<\/a><\/p>\n\n\n\n<p><\/p>\n\n\n\n<p><a href=\"https:\/\/ec.europa.eu\/info\/funding-tenders\/opportunities\/portal\/screen\/opportunities\/topic-search;callCode=null;freeTextSearchKeyword=;matchWholeText=true;typeCodes=1,0;statusCodes=31094501,31094502,31094503;programmePeriod=2021%20-%202027;programCcm2Id=44416173;programDivisionCode=null;focusAreaCode=null;destination=null;mission=null;geographicalZonesCode=null;programmeDivisionProspect=null;startDateLte=null;startDateGte=null;crossCuttingPriorityCode=null;cpvCode=null;performanceOfDelivery=null;sortQuery=sortStatus;orderBy=asc;onlyTenders=false;topicListKey=topicSearchTablePageState\" data-type=\"URL\" data-id=\"https:\/\/ec.europa.eu\/info\/funding-tenders\/opportunities\/portal\/screen\/opportunities\/topic-search;callCode=null;freeTextSearchKeyword=;matchWholeText=true;typeCodes=1,0;statusCodes=31094501,31094502,31094503;programmePeriod=2021%20-%202027;programCcm2Id=44416173;programDivisionCode=null;focusAreaCode=null;destination=null;mission=null;geographicalZonesCode=null;programmeDivisionProspect=null;startDateLte=null;startDateGte=null;crossCuttingPriorityCode=null;cpvCode=null;performanceOfDelivery=null;sortQuery=sortStatus;orderBy=asc;onlyTenders=false;topicListKey=topicSearchTablePageState\" target=\"_blank\" rel=\"noreferrer noopener\">&nbsp;Platforma \u201eFunding and Tender Opportunities\u201d<\/a><\/p>\n","protected":false},"excerpt":{"rendered":"<p>Comisia European\u0103, prin mandat acordat Agen\u0163iei executive pentru Consiliul European pentru Inovare \u0219i IMM-uri (EISMEA) de la Bruxelles, a deschis la 23 noiembrie a.c.,&nbsp;prima cerere de proiecte pentru noul \u201cInstrument de investi\u021bii interregionale pentru inovare\u201d (I3). I3&nbsp;este un instrument de finan\u021bare din cadrul Fondul European de Dezvoltare Regional\u0103 (FEDR)&nbsp;cu un buget de 570 de milioane [&hellip;]<\/p>\n","protected":false},"author":2,"featured_media":2740,"comment_status":"closed","ping_status":"closed","sticky":false,"template":"","format":"standard","meta":{"_et_pb_use_builder":"","_et_pb_old_content":"","_et_gb_content_width":"","footnotes":""},"categories":[19],"tags":[],"class_list":["post-2739","post","type-post","status-publish","format-standard","has-post-thumbnail","hentry","category-oportunitati-finantare-internationala"],"_links":{"self":[{"href":"https:\/\/uncjr.ro\/web\/wp-json\/wp\/v2\/posts\/2739","targetHints":{"allow":["GET"]}}],"collection":[{"href":"https:\/\/uncjr.ro\/web\/wp-json\/wp\/v2\/posts"}],"about":[{"href":"https:\/\/uncjr.ro\/web\/wp-json\/wp\/v2\/types\/post"}],"author":[{"embeddable":true,"href":"https:\/\/uncjr.ro\/web\/wp-json\/wp\/v2\/users\/2"}],"replies":[{"embeddable":true,"href":"https:\/\/uncjr.ro\/web\/wp-json\/wp\/v2\/comments?post=2739"}],"version-history":[{"count":2,"href":"https:\/\/uncjr.ro\/web\/wp-json\/wp\/v2\/posts\/2739\/revisions"}],"predecessor-version":[{"id":2742,"href":"https:\/\/uncjr.ro\/web\/wp-json\/wp\/v2\/posts\/2739\/revisions\/2742"}],"wp:featuredmedia":[{"embeddable":true,"href":"https:\/\/uncjr.ro\/web\/wp-json\/wp\/v2\/media\/2740"}],"wp:attachment":[{"href":"https:\/\/uncjr.ro\/web\/wp-json\/wp\/v2\/media?parent=2739"}],"wp:term":[{"taxonomy":"category","embeddable":true,"href":"https:\/\/uncjr.ro\/web\/wp-json\/wp\/v2\/categories?post=2739"},{"taxonomy":"post_tag","embeddable":true,"href":"https:\/\/uncjr.ro\/web\/wp-json\/wp\/v2\/tags?post=2739"}],"curies":[{"name":"wp","href":"https:\/\/api.w.org\/{rel}","templated":true}]}}