{"id":2705,"date":"2021-12-03T10:00:04","date_gmt":"2021-12-03T08:00:04","guid":{"rendered":"https:\/\/uncjr.ro\/web\/?p=2705"},"modified":"2021-12-03T10:01:49","modified_gmt":"2021-12-03T08:01:49","slug":"presedintele-cor-ureaza-la-multi-ani-romaniei","status":"publish","type":"post","link":"https:\/\/uncjr.ro\/web\/presedintele-cor-ureaza-la-multi-ani-romaniei\/","title":{"rendered":"Pre\u0219edintele CoR ureaz\u0103 La mul\u021bi ani, Rom\u00e2niei"},"content":{"rendered":"\n<p><strong>Cu ocazia zilei na\u021bionale a Rom\u00e2niei, pre\u0219edintele Comitetului European al Regiunilor (CoR),  Apostolos Tzitzikostas a transmis ur\u0103rile sale Rom\u00e2niei \u0219i tuturor jude\u021belor sale.<\/strong><\/p>\n\n\n\n<p><em>\u201dStima\u021bi membri ai delega\u021biei rom\u00e2ne,<\/em><\/p>\n\n\n\n<p><br><em>Cu ocazia s\u0103rb\u0103toririi Zilei Na\u021bionale a Rom\u00e2niei, am pl\u0103cerea de a v\u0103 transmite cele mai sincere ur\u0103ri dumneavoastr\u0103 \u0219i tuturor cet\u0103\u021benilor Rom\u00e2niei, \u00een numele Comitetului European al Regiunilor \u0219i \u00een nume propriu.<\/em><\/p>\n\n\n\n<p><br><em>1 decembrie 1918, data unirii tuturor provinciilor \u0219i a Proclama\u021biei de la Alba Iulia, r\u0103m\u00e2ne un punct de referin\u021b\u0103 important \u00een istoria \u021b\u0103rii dumneavoastr\u0103. Din acel moment, \u021bara dumneavoastr\u0103 s-a distins prin ospitalitate, deschidere \u0219i rezilien\u021b\u0103 \u0219i, ca atare, poate servi drept exemplu pentru \u00eentreaga familie european\u0103, \u00een special \u00eentr-un moment \u00een care provoc\u0103rile cu care ne confrunt\u0103m \u0219i cele care ne a\u0219teapt\u0103 sunt departe de a fi u\u0219or de dep\u0103\u0219it.<\/em><\/p>\n\n\n\n<p><br><em>Sunt, \u00eens\u0103, ferm convins c\u0103 putem aborda mai bine aceste provoc\u0103ri \u00eempreun\u0103, atunci c\u00e2nd toate nivelurile de guvernare caut\u0103 cele mai bune solu\u021bii posibile \u0219i contribuie la punerea lor \u00een aplicare. Prin urmare, a\u0219tept cu interes continuarea cooper\u0103rii noastre fructuoase \u0219i de succes \u0219i a\u0219 dori s\u0103 v\u0103 mul\u021bumesc pentru eforturile depuse \u00een favoarea democra\u021biei locale \u0219i regionale, precum \u0219i pentru c\u0103 a\u021bi oferit regiunilor, jude\u021belor \u0219i ora\u0219elor din Rom\u00e2nia oportunitatea de a participa activ la conturarea viitorului Uniunii Europene.<\/em><\/p>\n\n\n\n<p><br><em>Cu aceast\u0103 ocazie festiv\u0103, v\u0103 rog s\u0103-mi permite\u021bi s\u0103 v\u0103 urez \u00eenc\u0103 o dat\u0103, dumneavoastr\u0103 \u0219i compatrio\u021bilor dumneavoastr\u0103, mult succes \u0219i multe realiz\u0103ri \u00een anul care vine. A\u0219tept cu interes s\u0103 ne continu\u0103m colaborarea.<\/em><\/p>\n\n\n\n<p><br><em>Cu stim\u0103,<br>Apostolos Tzitzikostas\u201e<\/em><\/p>\n","protected":false},"excerpt":{"rendered":"<p>Cu ocazia zilei na\u021bionale a Rom\u00e2niei, pre\u0219edintele Comitetului European al Regiunilor (CoR), Apostolos Tzitzikostas a transmis ur\u0103rile sale Rom\u00e2niei \u0219i tuturor jude\u021belor sale. \u201dStima\u021bi membri ai delega\u021biei rom\u00e2ne, Cu ocazia s\u0103rb\u0103toririi Zilei Na\u021bionale a Rom\u00e2niei, am pl\u0103cerea de a v\u0103 transmite cele mai sincere ur\u0103ri dumneavoastr\u0103 \u0219i tuturor cet\u0103\u021benilor Rom\u00e2niei, \u00een numele Comitetului European al [&hellip;]<\/p>\n","protected":false},"author":2,"featured_media":2708,"comment_status":"closed","ping_status":"closed","sticky":false,"template":"","format":"standard","meta":{"_et_pb_use_builder":"","_et_pb_old_content":"","_et_gb_content_width":"","footnotes":""},"categories":[14],"tags":[],"class_list":["post-2705","post","type-post","status-publish","format-standard","has-post-thumbnail","hentry","category-evenimente"],"_links":{"self":[{"href":"https:\/\/uncjr.ro\/web\/wp-json\/wp\/v2\/posts\/2705","targetHints":{"allow":["GET"]}}],"collection":[{"href":"https:\/\/uncjr.ro\/web\/wp-json\/wp\/v2\/posts"}],"about":[{"href":"https:\/\/uncjr.ro\/web\/wp-json\/wp\/v2\/types\/post"}],"author":[{"embeddable":true,"href":"https:\/\/uncjr.ro\/web\/wp-json\/wp\/v2\/users\/2"}],"replies":[{"embeddable":true,"href":"https:\/\/uncjr.ro\/web\/wp-json\/wp\/v2\/comments?post=2705"}],"version-history":[{"count":2,"href":"https:\/\/uncjr.ro\/web\/wp-json\/wp\/v2\/posts\/2705\/revisions"}],"predecessor-version":[{"id":2711,"href":"https:\/\/uncjr.ro\/web\/wp-json\/wp\/v2\/posts\/2705\/revisions\/2711"}],"wp:featuredmedia":[{"embeddable":true,"href":"https:\/\/uncjr.ro\/web\/wp-json\/wp\/v2\/media\/2708"}],"wp:attachment":[{"href":"https:\/\/uncjr.ro\/web\/wp-json\/wp\/v2\/media?parent=2705"}],"wp:term":[{"taxonomy":"category","embeddable":true,"href":"https:\/\/uncjr.ro\/web\/wp-json\/wp\/v2\/categories?post=2705"},{"taxonomy":"post_tag","embeddable":true,"href":"https:\/\/uncjr.ro\/web\/wp-json\/wp\/v2\/tags?post=2705"}],"curies":[{"name":"wp","href":"https:\/\/api.w.org\/{rel}","templated":true}]}}