{"id":2702,"date":"2021-11-25T09:39:44","date_gmt":"2021-11-25T07:39:44","guid":{"rendered":"https:\/\/uncjr.ro\/web\/?p=2702"},"modified":"2021-11-25T09:39:45","modified_gmt":"2021-11-25T07:39:45","slug":"o-noua-propunere-de-finantare-erasmus","status":"publish","type":"post","link":"https:\/\/uncjr.ro\/web\/o-noua-propunere-de-finantare-erasmus\/","title":{"rendered":"O nou\u0103 propunere de finan\u021bare Erasmus+"},"content":{"rendered":"\n<p><strong>Comisia European\u0103, prin mandatul acordat&nbsp;<\/strong><strong>Agen\u021biei executive europene pentru educa\u021bie \u0219i cultur\u0103&nbsp;<\/strong><strong>(EACEA) de la Bruxelles, a lansat pe 24 noiembrie a.c.,&nbsp;<u>cererea general\u0103 de propuneri de proiecte 2022<\/u>&nbsp;a celui mai de succes program european de finan\u021bare, \u201e<u>Erasmus+<\/u>&#8222;, program dedicat proiectelor axate pe educa\u021bie, formare, tineret \u015fi sport.<\/strong><\/p>\n\n\n\n<p><strong>Nout\u0103\u0163i fa\u0163\u0103 de cererea general\u0103\u00a02021<\/strong><\/p>\n\n\n\n<ul class=\"wp-block-list\"><li>termene-limit\u0103 mai mari &#8211; se acord\u0103 mai mult timp solicitan\u021bilor pentru a-\u0219i preg\u0103ti proiectele;<\/li><li>mai mult\u0103 mobilitate &#8211; mobilitatea studen\u021bilor a sc\u0103zut din cauza pandemiei, \u015fi, \u00een acest context, Comisia European\u0103 a adaptat anul trecut programul, transfer\u00e2nd fonduri de la activit\u0103\u021bi de mobilitate la proiecte de cooperare.&nbsp;Anul viitor, mobilitatea pentru studen\u021bi \u0219i personal va cre\u0219te din nou, linia de finan\u021bare este adaptat\u0103 \u00een consecin\u021b\u0103;<\/li><li>mobilitatea interna\u021bional\u0103 \u0219i consolidarea capacit\u0103\u021bilor &#8211; dup\u0103 o pauz\u0103 de un an, aceast\u0103 tematic\u0103 este deschis\u0103 pentru finan\u0163are.&nbsp;Aceast\u0103 parte a programului Erasmus+ este finan\u021bat\u0103 din liniile bugetare ale UE pentru rela\u021bii externe, care au avut nevoie de mai mult timp pentru finalizare.&nbsp;Cea mai mare parte a finan\u021b\u0103rii este direc\u021bionat\u0103 c\u0103tre colaborarea cu Balcanii de Vest \u0219i Africa, care se aliniaz\u0103 priorit\u0103\u021bilor generale pentru colaborarea UE cu \u021b\u0103rile din afara UE.&nbsp;Proiectele de consolidare a capacit\u0103\u021bilor sprijin\u0103 colaborarea dintre institu\u021biile de \u00eenv\u0103\u021b\u0103m\u00e2nt superior din \u021b\u0103rile asociate Erasmus+ \u0219i partenerii acestora din regiuni \u0219i \u021b\u0103ri selectate de pe tot globul.&nbsp;Principala caracteristic\u0103 nou\u0103 \u00een compara\u021bie cu edi\u021bia 2014-2021 a Erasmus+ este o \u00eemp\u0103r\u021bire \u00eentre proiecte mai mici (pentru noii veni\u021bi) \u0219i proiecte mai mari;<\/li><li>finan\u0163area parteneriatului &#8211; sumele forfetare vor \u00eenlocui costurile unitare.&nbsp;Acest lucru \u00eenseamn\u0103 c\u0103 proiectele \u00een sine pot defini costurile, \u00een loc s\u0103 bifeze c\u0103su\u0163ele cu tarife predefinite.&nbsp;Se ofer\u0103 astfel mai mult\u0103 flexibilitate \u00een managementul proiectului, dar mai mult\u0103 munc\u0103 \u00een faza de bugetare;<\/li><li>sunt disponibile noi oportunit\u0103\u021bi de cooperare pentru proiecte. \u00cen 2022, exist\u0103 o linie de finan\u0163are prin ac\u021biunea numit\u0103 \u201eProiecte orientate spre viitor\u201d, mai precis, acestea sunt proiecte de finan\u021bare care r\u0103spund provoc\u0103rilor centrale actuale din educa\u021bie \u0219i formare;&nbsp;parteneriatele ar trebui s\u0103 fie alc\u0103tuite dintr-o combina\u021bie de organiza\u021bii publice \u0219i private care s\u0103 reuneasc\u0103 cercet\u0103tori, practicieni \u0219i parteneri cu capacitatea de a ajunge la factorii de decizie politic\u0103;<\/li><li>va exista, de asemenea, posibilitatea ca cei care nu au reu\u0219it s\u0103 r\u0103spund\u0103 \u00een termenele scurte impuse de cererea precedent\u0103 s\u0103 aplice \u00een cadrul celui de-al doilea apel pentru Academiile europene ale profesorilor, o ac\u021biune complet nou\u0103 care vizeaz\u0103 \u00een mod specific furnizorii de formare a profesorilor.<\/li><\/ul>\n\n\n\n<p><strong>Eligibilitate<\/strong>: orice organism public sau privat din \u021b\u0103rile participante la program, activ \u00een domenii precum educa\u021bia, formarea, tineretul \u015fi sportul,&nbsp;poate solicita finan\u021bare \u00een cadrul&nbsp;programului: \u015fcoli, inspectorate \u015fcolare, universit\u0103\u021bi, alte organiza\u021bii implicate \u00een educa\u021bie, centre de formare, ONG-uri orientate c\u0103tre sport sau activit\u0103\u021bi de tineret, etc. (lista nu este exhaustiv\u0103).<\/p>\n\n\n\n<p><strong>Bugetul <\/strong>total al cererii 2022:&nbsp;3.179 milioane EUR<\/p>\n\n\n\n<p><strong>Termenele-<\/strong><strong>limit\u0103<\/strong> pentru depunerea aplica\u021biilor difer\u0103 \u00een func\u021bie de tipul de proiect \u015fi ac\u021biunea pentru care se aplic\u0103 \u015fi se \u00eencadreaz\u0103 \u00een perioada 23 februarie \u2013 19 octombrie 2022.<\/p>\n\n\n\n<p>La nivel na\u021bional,&nbsp;agen\u021biile Erasmus&nbsp;joac\u0103 un rol foarte important. Programul se implementeaz\u0103, \u00een principal, prin gestiune indirect\u0103, mai exact, Comisia European\u0103 \u00eencredin\u021beaz\u0103 sarcini de execu\u021bie bugetar\u0103 agen\u021biilor na\u021bionale. \u00cen acest scop, fiecare \u021bar\u0103 participant\u0103 la program a desemnat una sau mai multe agen\u021bii na\u021bionale, care promoveaz\u0103 \u015fi pun \u00een aplicare programul la nivel na\u021bional \u015fi ac\u021bioneaz\u0103 ca intermediar \u00eentre Comisia European\u0103 \u015fi organiza\u021biile participante de la nivel local, regional \u015fi na\u021bional.<\/p>\n\n\n\n<p>Agen\u021biile na\u021bionale au rolul s\u0103 ghideze utilizatorii programului \u00een toate fazele, de la primul contact cu programul, prin procesul de depunere a cererii de participare, p\u00e2n\u0103 la realizarea proiectului \u015fi la evaluarea final\u0103.&nbsp;<a href=\"https:\/\/www.erasmusplus.ro\/\" target=\"_blank\" rel=\"noreferrer noopener\">Agen\u021bia Na\u021bional\u0103 \u201eErasmus+\u201d<\/a>&nbsp;din Rom\u00e2nia este&nbsp;Agen\u021bia Na\u021bional\u0103 pentru Programe Comunitare in Domeniul Educa\u021biei \u015fi Form\u0103rii Profesionale (ANPCDEFP).&nbsp;A\u015fadar, pentru orice entitate interesat\u0103 s\u0103 depun\u0103 o cerere de proiect, este esen\u021bial contactul direct cu aceast\u0103 institu\u021bie.<\/p>\n\n\n\n<p><a href=\"https:\/\/eur-lex.europa.eu\/legal-content\/RO\/TXT\/PDF\/?uri=OJ:C:2021:473:FULL&amp;from=RO\" data-type=\"URL\" data-id=\"https:\/\/eur-lex.europa.eu\/legal-content\/RO\/TXT\/PDF\/?uri=OJ:C:2021:473:FULL&amp;from=RO\">Surs\u0103\u00a0oficial\u0103\u00a0de inform<\/a><a href=\"https:\/\/eur-lex.europa.eu\/legal-content\/RO\/TXT\/PDF\/?uri=OJ:C:2021:473:FULL&amp;from=RO\" data-type=\"URL\" data-id=\"https:\/\/eur-lex.europa.eu\/legal-content\/RO\/TXT\/PDF\/?uri=OJ:C:2021:473:FULL&amp;from=RO\" target=\"_blank\" rel=\"noreferrer noopener\">are<\/a><\/p>\n","protected":false},"excerpt":{"rendered":"<p>Comisia European\u0103, prin mandatul acordat&nbsp;Agen\u021biei executive europene pentru educa\u021bie \u0219i cultur\u0103&nbsp;(EACEA) de la Bruxelles, a lansat pe 24 noiembrie a.c.,&nbsp;cererea general\u0103 de propuneri de proiecte 2022&nbsp;a celui mai de succes program european de finan\u021bare, \u201eErasmus+&#8222;, program dedicat proiectelor axate pe educa\u021bie, formare, tineret \u015fi sport. Nout\u0103\u0163i fa\u0163\u0103 de cererea general\u0103\u00a02021 termene-limit\u0103 mai mari &#8211; se [&hellip;]<\/p>\n","protected":false},"author":2,"featured_media":2703,"comment_status":"closed","ping_status":"closed","sticky":false,"template":"","format":"standard","meta":{"_et_pb_use_builder":"","_et_pb_old_content":"","_et_gb_content_width":"","footnotes":""},"categories":[19],"tags":[],"class_list":["post-2702","post","type-post","status-publish","format-standard","has-post-thumbnail","hentry","category-oportunitati-finantare-internationala"],"_links":{"self":[{"href":"https:\/\/uncjr.ro\/web\/wp-json\/wp\/v2\/posts\/2702","targetHints":{"allow":["GET"]}}],"collection":[{"href":"https:\/\/uncjr.ro\/web\/wp-json\/wp\/v2\/posts"}],"about":[{"href":"https:\/\/uncjr.ro\/web\/wp-json\/wp\/v2\/types\/post"}],"author":[{"embeddable":true,"href":"https:\/\/uncjr.ro\/web\/wp-json\/wp\/v2\/users\/2"}],"replies":[{"embeddable":true,"href":"https:\/\/uncjr.ro\/web\/wp-json\/wp\/v2\/comments?post=2702"}],"version-history":[{"count":1,"href":"https:\/\/uncjr.ro\/web\/wp-json\/wp\/v2\/posts\/2702\/revisions"}],"predecessor-version":[{"id":2704,"href":"https:\/\/uncjr.ro\/web\/wp-json\/wp\/v2\/posts\/2702\/revisions\/2704"}],"wp:featuredmedia":[{"embeddable":true,"href":"https:\/\/uncjr.ro\/web\/wp-json\/wp\/v2\/media\/2703"}],"wp:attachment":[{"href":"https:\/\/uncjr.ro\/web\/wp-json\/wp\/v2\/media?parent=2702"}],"wp:term":[{"taxonomy":"category","embeddable":true,"href":"https:\/\/uncjr.ro\/web\/wp-json\/wp\/v2\/categories?post=2702"},{"taxonomy":"post_tag","embeddable":true,"href":"https:\/\/uncjr.ro\/web\/wp-json\/wp\/v2\/tags?post=2702"}],"curies":[{"name":"wp","href":"https:\/\/api.w.org\/{rel}","templated":true}]}}