{"id":2699,"date":"2021-11-24T09:40:28","date_gmt":"2021-11-24T07:40:28","guid":{"rendered":"https:\/\/uncjr.ro\/web\/?p=2699"},"modified":"2021-11-24T09:40:29","modified_gmt":"2021-11-24T07:40:29","slug":"cererea-de-propuneri-pentru-2022-a-programului-corpul-european-de-solidaritate","status":"publish","type":"post","link":"https:\/\/uncjr.ro\/web\/cererea-de-propuneri-pentru-2022-a-programului-corpul-european-de-solidaritate\/","title":{"rendered":"Cererea de propuneri pentru 2022 a programului \u201eCorpul european de solidaritate\u201d"},"content":{"rendered":"\n<p>Comisia European\u0103 a lansat recent, prin anun\u021bul publicat \u00een Jurnalul Oficial al UE,&nbsp;<a href=\"https:\/\/eur-lex.europa.eu\/legal-content\/RO\/TXT\/HTML\/?uri=CELEX:C2021\/464\/05&amp;from=EN\" target=\"_blank\" rel=\"noreferrer noopener\">cererea de propuneri pentru 2022<\/a>&nbsp;a programului \u201eCorpul european de solidaritate\u201d.&nbsp;Activit\u0103\u021bile Corpului european de solidaritate sprijin\u0103 obiectivele&nbsp;<a href=\"https:\/\/europa.eu\/youth\/strategy_ro\" target=\"_blank\" rel=\"noreferrer noopener\">Strategiei UE pentru tineret pentru perioada 2019-2027<\/a>, care \u00eei \u00eencurajeaz\u0103 pe tineri s\u0103 devin\u0103 cet\u0103\u021beni activi, agen\u021bi ai solidarit\u0103\u021bii \u0219i ai schimb\u0103rilor pozitive pentru comunit\u0103\u021bile de pe teritoriul Europei, inspira\u021bi de valorile UE \u0219i de o identitate european\u0103.<\/p>\n\n\n\n<p>Aceast\u0103 cerere de propuneri le ofer\u0103 tinerilor numeroase oportunit\u0103\u021bi de a se implica \u00een proiecte motivante \u0219i de \u00eenalt\u0103 responsabilitate care promoveaz\u0103 solidaritatea la nivel local. Particip\u00e2nd la ac\u021biunile&nbsp;<a href=\"https:\/\/europa.eu\/youth\/solidarity_ro\" target=\"_blank\" rel=\"noreferrer noopener\">Corpului european de solidaritate<\/a>, tinerii vor avea ocazia de a se implica \u00een&nbsp;ac\u021biuni de solidaritate&nbsp;\u00een domenii prioritare precum&nbsp;combaterea schimb\u0103rilor climatice&nbsp;\u0219i&nbsp;tranzi\u021bia verde,&nbsp;tranzi\u021bia digital\u0103,&nbsp;incluziunea social\u0103, protejarea&nbsp;patrimoniului cultural&nbsp;al Europei, promovarea unor&nbsp;stiluri de via\u021b\u0103 s\u0103n\u0103toase&nbsp;\u0219i preg\u0103tirea&nbsp;Anului european al tineretului 2022.<\/p>\n\n\n\n<p>Pentru prima dat\u0103, cererea de propuneri din 2022 a Corpului european de solidaritate include \u0219i&nbsp;Corpul voluntar european de ajutor umanitar.<\/p>\n\n\n\n<figure class=\"wp-block-table\"><table><tbody><tr><td class=\"has-text-align-center\" data-align=\"center\"><strong>Buget<\/strong><\/td><td class=\"has-text-align-center\" data-align=\"center\"><strong>Data limit\u0103 de depunere a aplica\u021biilor<\/strong><\/td><td class=\"has-text-align-center\" data-align=\"center\"><strong>Beneficiari<\/strong><\/td><td class=\"has-text-align-center\" data-align=\"center\"><strong>Eligibilitate \u021b\u0103ri\/regiuni<\/strong><\/td><\/tr><tr><td class=\"has-text-align-center\" data-align=\"center\">138.800.000 \u20ac<\/td><td class=\"has-text-align-center\" data-align=\"center\">diferite date pe parcursul anului 2022, \u00een func\u0163ie de tipul de proiect<\/td><td class=\"has-text-align-center\" data-align=\"center\">&#8211; orice organism public sau privat dintr-o \u021bar\u0103 eligibil\u0103 ; &#8211; grupuri de tineri<\/td><td class=\"has-text-align-center\" data-align=\"center\">&nbsp;&#8211; statele membre ale Uniunii Europene; &#8211; Islanda \u015fi Liechtenstein, Turcia \u015fi Macedonia de Nord &#8211; pentru anumite ac\u021biuni, alte \u021b\u0103ri ter\u021be din afara UE (detalii, \u00een ghidul beneficiarului), inclusiv vecinii Rom\u00e2niei \u2013 Serbia, Republica Moldova \u015fi Ucraina<\/td><\/tr><\/tbody><\/table><\/figure>\n\n\n\n<p><strong>Priorit\u0103\u021bi:<\/strong><\/p>\n\n\n\n<p>&#8211; incluziune \u015fi diversitate (se adreseaz\u0103 tinerilor care au probleme legate de s\u0103n\u0103tate, dizabilit\u0103\u021bi, se afl\u0103 \u00een situa\u021bia de NEET \u015fi nu sunt \u00eencadra\u021bi \u00een nicio form\u0103 de educa\u021bie, instruire sau loc de munc\u0103, sunt discrimina\u021bi cultural, social, economic, geografic, etc.);<\/p>\n\n\n\n<p>&#8211; transformarea digital\u0103;<\/p>\n\n\n\n<p>&#8211; protec\u021bia mediului, dezvoltarea durabil\u0103 \u015fi ac\u021biunea climatic\u0103;<\/p>\n\n\n\n<p>&#8211; participare la via\u021ba democratic\u0103;<\/p>\n\n\n\n<p><strong>Prezenta cerere de propuneri vizeaz\u0103 urm\u0103toarele ac\u021biuni ale Corpului european de solidaritate:<\/strong><\/p>\n\n\n\n<p>&#8211; proiecte de voluntariat \u2013 23 februarie, 4 octombrie (sesiune optional\u0103) 2022;<\/p>\n\n\n\n<p>&#8211; echipe de voluntari \u00een domenii cu prioritate ridicat\u0103 \u2013 6 aprilie 2022;<\/p>\n\n\n\n<p>&#8211; proiecte de solidaritate \u2013 23 februarie, 4 mai (sesiune op\u021bional\u0103), 4 octombrie 2022;<\/p>\n\n\n\n<p>&#8211; voluntariatul \u00een cadrul Corpului de ajutor umanitar, 3 mai 2022 (noutate a acestei cereri);<\/p>\n\n\n\n<p>&nbsp;&#8211; eticheta de calitate pentru activit\u0103\u021bile de voluntariat \u00een spiritul solidarit\u0103\u021bii &nbsp;\u2013 permanent (cererile pentru eticheta de calitate pot fi depuse \u00een orice moment)<\/p>\n\n\n\n<p>&#8211; eticheta de calitate pentru voluntariat \u00een domeniul ajutorului umanitar \u2013 permanent<\/p>\n\n\n\n<p><\/p>\n\n\n\n<p><strong>Informa\u021bii suplimentare:<\/strong><\/p>\n\n\n\n<p>Aplica\u021biile pot fi redactate \u00een oricare limb\u0103 oficial\u0103 a UE. De altfel, multilingvismul este un principiu important al acestui program.<\/p>\n\n\n\n<p>Ghidul Corpului european de solidaritate pentru 2022 constituie parte integrant\u0103 din prezenta cerere de propuneri, iar condi\u021biile de participare \u0219i finan\u021bare exprimate \u00een acesta se aplic\u0103 \u00een \u00eentregime acestei cereri.<\/p>\n\n\n\n<p>Nivelul granturilor atribuite, precum \u0219i durata proiectelor variaz\u0103 \u00een func\u021bie de anumi\u021bi factori, cum ar fi tipul proiectului \u0219i num\u0103rul partenerilor implica\u021bi.<\/p>\n\n\n\n<p>\u00cen contextul Corpului european de solidaritate, voluntariatul este o activitate neremunerat\u0103 cu norm\u0103 \u00eentreag\u0103 care are o durat\u0103 de p\u00e2n\u0103 la 12 luni \u0219i contribuie la realizarea binelui comun.<\/p>\n\n\n\n<p>Voluntariatul poate avea loc \u00eentr-o alt\u0103 \u021bar\u0103 dec\u00e2t \u021bara de re\u0219edin\u021b\u0103 a participantului (la nivel transfrontalier) sau \u00een \u021bara de re\u0219edin\u021b\u0103 a participantului (la nivel na\u021bional).<\/p>\n\n\n\n<p><a rel=\"noreferrer noopener\" href=\"https:\/\/eur-lex.europa.eu\/legal-content\/RO\/TXT\/HTML\/?uri=CELEX:C2021\/464\/05&amp;from=EN\" data-type=\"URL\" data-id=\"https:\/\/eur-lex.europa.eu\/legal-content\/RO\/TXT\/HTML\/?uri=CELEX:C2021\/464\/05&amp;from=EN\" target=\"_blank\">Textul oficial al cererii (RO) din Jurnalul Oficial al UE<\/a><\/p>\n\n\n\n<p><a href=\"https:\/\/europa.eu\/youth\/sites\/default\/files\/european_solidarity_corps_guide_2022_ro.pdf\" data-type=\"URL\" data-id=\"https:\/\/europa.eu\/youth\/sites\/default\/files\/european_solidarity_corps_guide_2022_ro.pdf\" target=\"_blank\" rel=\"noreferrer noopener\">Ghidul 2022<\/a><\/p>\n\n\n\n<p>Pagina oficial\u0103 a cererii de propuneri de proiecte: <a href=\"https:\/\/europa.eu\/youth\/solidarity\/organisations\/calls-for-proposals_ro\" data-type=\"URL\" data-id=\"https:\/\/europa.eu\/youth\/solidarity\/organisations\/calls-for-proposals_ro\" target=\"_blank\" rel=\"noreferrer noopener\">Cereri de propuneri | European Youth Portal <\/a><\/p>\n","protected":false},"excerpt":{"rendered":"<p>Comisia European\u0103 a lansat recent, prin anun\u021bul publicat \u00een Jurnalul Oficial al UE,&nbsp;cererea de propuneri pentru 2022&nbsp;a programului \u201eCorpul european de solidaritate\u201d.&nbsp;Activit\u0103\u021bile Corpului european de solidaritate sprijin\u0103 obiectivele&nbsp;Strategiei UE pentru tineret pentru perioada 2019-2027, care \u00eei \u00eencurajeaz\u0103 pe tineri s\u0103 devin\u0103 cet\u0103\u021beni activi, agen\u021bi ai solidarit\u0103\u021bii \u0219i ai schimb\u0103rilor pozitive pentru comunit\u0103\u021bile de pe teritoriul [&hellip;]<\/p>\n","protected":false},"author":2,"featured_media":2700,"comment_status":"closed","ping_status":"closed","sticky":false,"template":"","format":"standard","meta":{"_et_pb_use_builder":"","_et_pb_old_content":"","_et_gb_content_width":"","footnotes":""},"categories":[19],"tags":[],"class_list":["post-2699","post","type-post","status-publish","format-standard","has-post-thumbnail","hentry","category-oportunitati-finantare-internationala"],"_links":{"self":[{"href":"https:\/\/uncjr.ro\/web\/wp-json\/wp\/v2\/posts\/2699","targetHints":{"allow":["GET"]}}],"collection":[{"href":"https:\/\/uncjr.ro\/web\/wp-json\/wp\/v2\/posts"}],"about":[{"href":"https:\/\/uncjr.ro\/web\/wp-json\/wp\/v2\/types\/post"}],"author":[{"embeddable":true,"href":"https:\/\/uncjr.ro\/web\/wp-json\/wp\/v2\/users\/2"}],"replies":[{"embeddable":true,"href":"https:\/\/uncjr.ro\/web\/wp-json\/wp\/v2\/comments?post=2699"}],"version-history":[{"count":1,"href":"https:\/\/uncjr.ro\/web\/wp-json\/wp\/v2\/posts\/2699\/revisions"}],"predecessor-version":[{"id":2701,"href":"https:\/\/uncjr.ro\/web\/wp-json\/wp\/v2\/posts\/2699\/revisions\/2701"}],"wp:featuredmedia":[{"embeddable":true,"href":"https:\/\/uncjr.ro\/web\/wp-json\/wp\/v2\/media\/2700"}],"wp:attachment":[{"href":"https:\/\/uncjr.ro\/web\/wp-json\/wp\/v2\/media?parent=2699"}],"wp:term":[{"taxonomy":"category","embeddable":true,"href":"https:\/\/uncjr.ro\/web\/wp-json\/wp\/v2\/categories?post=2699"},{"taxonomy":"post_tag","embeddable":true,"href":"https:\/\/uncjr.ro\/web\/wp-json\/wp\/v2\/tags?post=2699"}],"curies":[{"name":"wp","href":"https:\/\/api.w.org\/{rel}","templated":true}]}}