{"id":2695,"date":"2021-11-22T09:29:13","date_gmt":"2021-11-22T07:29:13","guid":{"rendered":"https:\/\/uncjr.ro\/web\/?p=2695"},"modified":"2021-11-22T09:30:21","modified_gmt":"2021-11-22T07:30:21","slug":"propunere-de-finantare-privind-euteens4green-promovarea-participarii-tinerilor-la-tranzitia-justa-ftj","status":"publish","type":"post","link":"https:\/\/uncjr.ro\/web\/propunere-de-finantare-privind-euteens4green-promovarea-participarii-tinerilor-la-tranzitia-justa-ftj\/","title":{"rendered":"Propunere de finan\u021bare privind \u201eEUTEENS4GREEN &#8211; Promovarea particip\u0103rii tinerilor la tranzi\u021bia just\u0103 (FTJ)\u201d"},"content":{"rendered":"\n<p><strong>Comisia european\u0103, prin Direc\u021bi\u0103 general\u0103 politic\u0103 regional\u0103 \u015fi urban\u0103, anun\u021b\u0103 deschiderea cererii pentru propuneri de proiecte a ini\u021biativei \u201eEUTEENS4GREEN &#8211; Promovarea particip\u0103rii tinerilor la tranzi\u021bia just\u0103&nbsp;(FTJ)\u201d.<\/strong><\/p>\n\n\n\n<p>Prezenta ini\u021biativ\u0103 \u00ee\u0219i propune s\u0103 abiliteze tinerii \u0219i s\u0103-i transforme \u00een actori\/p\u0103r\u021bi interesate \u00een definirea \u0219i punerea \u00een aplicare a unor solu\u021bii care s\u0103 asigure incluziunea \u00een tranzi\u021bia verde. \u00cen urma cererii de proiecte, beneficiarul va oferi sprijin tinerilor \u00een punerea \u00een aplicare a proiectelor care sporesc participarea \u0219i implicarea persoanelor \u201emai pu\u021bin expuse\u201d la beneficiile tranzi\u021biei verzi. Sintagma \u201epersoane mai pu\u021bine expuse\u201d face referire la persoanele care nu con\u0219tientizeaz\u0103 \u0219i nu \u00een\u021beleg pe deplin impactul \u201etranzi\u021biei verzi\u201d.<\/p>\n\n\n\n<p>Cererea este deschis\u0103 \u00een contextul \u00een care anul 2022 va fi Anul european al tineretului, dar \u015fi pentru c\u0103 tinerii vor contribui la conducerea dezbaterii din cadrul Conferin\u021bei privind viitorul Europei. \u00cen plus, ace\u0219tia joac\u0103 un rol important \u00een contextul tranzi\u021biei verzi. O participare semnificativ\u0103 a tinerilor la procesul decizional al Fondului pentru o tranzi\u021bie just\u0103, precum \u0219i angajamentul fa\u021b\u0103 de punerea \u00een aplicare a acestuia sunt esen\u021biale.<\/p>\n\n\n\n<p>Beneficiarul (o singur\u0103 entitate sau un consor\u021biu de parteneri) va oferi sprijin tinerilor cu v\u00e2rste cuprinse \u00eentre 15 \u0219i 24 de ani care sunt reziden\u021bi \u00een una sau mai multe regiuni vizate de planurile teritoriale pentru o tranzi\u021bie just\u0103.<\/p>\n\n\n\n<p>Pentru Rom\u00e2nia, jude\u021bele eligibile \u00een cadrul FTJ sunt urm\u0103toarele\u00a0: Hunedoara, Gorj, Dolj, Gala\u021bi, Prahova \u015fi Mure\u015f. Toate detaliile privind teritoriile europene eligibile pentru acest fond sunt disponibile \u00een documentul <a href=\"https:\/\/ec.europa.eu\/info\/sites\/default\/files\/annex_d_crs_2020_en.pdf\" data-type=\"URL\" data-id=\"https:\/\/ec.europa.eu\/info\/sites\/default\/files\/annex_d_crs_2020_en.pdf\" target=\"_blank\" rel=\"noreferrer noopener\">\u201eRapoartele de \u021bar\u0103 pe 2020 din cadrul semestrului european &#8211; \u201eAnaliza preliminar\u0103 a Comisiei\u201d privind acoperirea geografic\u0103 a FTJ\u201d<\/a>.<\/p>\n\n\n\n<p>Beneficiarul se va ocupa de preg\u0103tirea, organizarea \u0219i promovarea unei cereri de proiecte prin care se vor acorda granturi tinerilor pentru actiuni specifice \u00een zonele eligibile FTJ.<\/p>\n\n\n\n<p>Pentru a promova participarea tinerilor din toate statele membre ale UE, cererea de proiecte poate fi organizat\u0103 \u00een serii geografice \u0219i\/sau tematice. Trebuie selectat cel pu\u021bin un proiect pentru fiecare stat membru, cu condi\u021bia ca propunerea de proiect s\u0103 respecte cerin\u021bele minime de selec\u021bie.<\/p>\n\n\n\n<p>Termenul-limit\u0103 pentru depunerea aplica\u021biei&nbsp;: 31 ianuarie 2022<\/p>\n\n\n\n<p>Bugetul total indicat&nbsp;: 1.000.000 \u20ac<\/p>\n\n\n\n<p>Eligibilitate&nbsp;:&nbsp;propunerile pot fi depuse de oricare dintre urm\u0103torii solicita\u021bi: organiza\u021bii non-profit (private sau publice), autorit\u0103\u021bi publice (na\u021bionale, regionale, locale), organiza\u021bii interna\u021bionale, universit\u0103\u021bi, institu\u021bii de \u00eenv\u0103\u021b\u0103m\u00e2nt, centre de cercetare din statele membre ale UE<\/p>\n\n\n\n<p>Durata maxim\u0103 a proiectului care urmeaz\u0103 s\u0103 fie pus \u00een aplicare de beneficiar este de 24 de luni. Proiectele pot fi depuse \u00een oricare limb\u0103 oficial\u0103 a UE.<\/p>\n\n\n\n<p>Alte detalii \u015fi formularul pentru depunerea unei aplica\u021bii se reg\u0103sesc la pagina de web\u00a0:\u00a0<a href=\"https:\/\/ec.europa.eu\/regional_policy\/en\/newsroom\/funding-opportunities\/calls-for-proposal\/\" data-type=\"URL\" data-id=\"https:\/\/ec.europa.eu\/regional_policy\/en\/newsroom\/funding-opportunities\/calls-for-proposal\/\" target=\"_blank\" rel=\"noreferrer noopener\">Publication of Calls for Proposals &#8211; DG REGIO &#8211; Regional Policy &#8211; European Commission.<\/a><\/p>\n","protected":false},"excerpt":{"rendered":"<p>Comisia european\u0103, prin Direc\u021bi\u0103 general\u0103 politic\u0103 regional\u0103 \u015fi urban\u0103, anun\u021b\u0103 deschiderea cererii pentru propuneri de proiecte a ini\u021biativei \u201eEUTEENS4GREEN &#8211; Promovarea particip\u0103rii tinerilor la tranzi\u021bia just\u0103&nbsp;(FTJ)\u201d. Prezenta ini\u021biativ\u0103 \u00ee\u0219i propune s\u0103 abiliteze tinerii \u0219i s\u0103-i transforme \u00een actori\/p\u0103r\u021bi interesate \u00een definirea \u0219i punerea \u00een aplicare a unor solu\u021bii care s\u0103 asigure incluziunea \u00een tranzi\u021bia verde. [&hellip;]<\/p>\n","protected":false},"author":2,"featured_media":2696,"comment_status":"closed","ping_status":"closed","sticky":false,"template":"","format":"standard","meta":{"_et_pb_use_builder":"","_et_pb_old_content":"","_et_gb_content_width":"","footnotes":""},"categories":[19],"tags":[],"class_list":["post-2695","post","type-post","status-publish","format-standard","has-post-thumbnail","hentry","category-oportunitati-finantare-internationala"],"_links":{"self":[{"href":"https:\/\/uncjr.ro\/web\/wp-json\/wp\/v2\/posts\/2695","targetHints":{"allow":["GET"]}}],"collection":[{"href":"https:\/\/uncjr.ro\/web\/wp-json\/wp\/v2\/posts"}],"about":[{"href":"https:\/\/uncjr.ro\/web\/wp-json\/wp\/v2\/types\/post"}],"author":[{"embeddable":true,"href":"https:\/\/uncjr.ro\/web\/wp-json\/wp\/v2\/users\/2"}],"replies":[{"embeddable":true,"href":"https:\/\/uncjr.ro\/web\/wp-json\/wp\/v2\/comments?post=2695"}],"version-history":[{"count":2,"href":"https:\/\/uncjr.ro\/web\/wp-json\/wp\/v2\/posts\/2695\/revisions"}],"predecessor-version":[{"id":2698,"href":"https:\/\/uncjr.ro\/web\/wp-json\/wp\/v2\/posts\/2695\/revisions\/2698"}],"wp:featuredmedia":[{"embeddable":true,"href":"https:\/\/uncjr.ro\/web\/wp-json\/wp\/v2\/media\/2696"}],"wp:attachment":[{"href":"https:\/\/uncjr.ro\/web\/wp-json\/wp\/v2\/media?parent=2695"}],"wp:term":[{"taxonomy":"category","embeddable":true,"href":"https:\/\/uncjr.ro\/web\/wp-json\/wp\/v2\/categories?post=2695"},{"taxonomy":"post_tag","embeddable":true,"href":"https:\/\/uncjr.ro\/web\/wp-json\/wp\/v2\/tags?post=2695"}],"curies":[{"name":"wp","href":"https:\/\/api.w.org\/{rel}","templated":true}]}}