{"id":2690,"date":"2021-11-18T15:51:59","date_gmt":"2021-11-18T13:51:59","guid":{"rendered":"https:\/\/uncjr.ro\/web\/?p=2690"},"modified":"2021-11-18T15:53:04","modified_gmt":"2021-11-18T13:53:04","slug":"cerere-de-aplicatii-pentru-competitia-regiunea-europeana-intreprinzatoare","status":"publish","type":"post","link":"https:\/\/uncjr.ro\/web\/cerere-de-aplicatii-pentru-competitia-regiunea-europeana-intreprinzatoare\/","title":{"rendered":"Cerere de aplica\u021bii pentru competi\u021bia \u201eRegiunea European\u0103 \u00centreprinz\u0103toare\u201d"},"content":{"rendered":"\n<p><strong>Comitetul European al Regiunilor a lansat cererea pentru aplica\u021bii pentru edi\u021bia 2023 a competi\u021biei \u201e<em>Regiunea European\u0103 \u00centreprinz\u0103toare<\/em>\u201d (REI) 2021.&nbsp;<\/strong><\/p>\n\n\n\n<p>Premiul REI este accesibil tuturor regiunilor, provinciilor, ora\u015felor, comunit\u0103\u021bilor europene \u015fi GECT-urilor care sunt gata s\u0103 pun\u0103 \u00een aplicare o strategie ambi\u021bioas\u0103 pentru a-\u015fi sprijini IMM-urile \u015fi antreprenorii.<\/p>\n\n\n\n<p><strong>Tema principal\u0103 a campaniei REI 2023 este \u201eAntreprenoriat \u0219i comunit\u0103\u021bi reziliente\u201d<\/strong>, subliniindu-se astfel rolul actorilor locali \u0219i regionali \u00een sprijinirea unei culturi antreprenoriale de \u201ejos \u00een sus\u201d (bottom-up) pentru a \u201ereconstrui mai bine\u201d dup\u0103 pandemia de Covid-19<strong>.<\/strong><\/p>\n\n\n\n<p>Administra\u021biile regionale, jude\u021bene \u015fi urbane care sunt preg\u0103tite s\u0103 pun\u0103 \u00een aplicare o strategie antreprenorial\u0103 orientat\u0103 c\u0103tre perspectiva men\u021bionat\u0103 mai sus sunt invitate s\u0103 depun\u0103 o aplica\u021bie p\u00e2n\u0103 la&nbsp;<strong>29 martie 2022,<\/strong>&nbsp;prin e-mail, la adresa:&nbsp;<a href=\"mailto:eer-cdr@cor.europa.eu\" target=\"_blank\" rel=\"noreferrer noopener\">eer-cdr@cor.europa.eu<\/a>.<\/p>\n\n\n\n<p><strong>Ce este REI?<\/strong><strong><\/strong><\/p>\n\n\n\n<p>\u2022 o&nbsp;<strong>marc\u0103 de recunoa\u015ftere\/o etichet\u0103<\/strong>&nbsp;acordat\u0103 anual de Comitetul European al Regiunilor, pentru maximum trei municipalit\u0103\u021bi, ora\u015fe, provincii sau regiuni cu strategii orientate spre viitor pentru a sprijini IMM-urile, start-up-urile \u015fi companiile la scara mare;<br>\u2022 o&nbsp;<strong>re\u021bea<\/strong>&nbsp;de teritorii-pionier aflate \u00een dezvoltare, care consolideaz\u0103 \u00een mod activ ecosistemele lor antreprenoriale, schimb\u0103 exemple de bun\u0103 practic\u0103 \u015fi colaboreaz\u0103 pentru proiecte europene.<\/p>\n\n\n\n<p>Eligibilitate<\/p>\n\n\n\n<p>Ini\u021biativa este deschis\u0103&nbsp;tuturor regiunilor,&nbsp;provinciilor,&nbsp;ora\u015felor, municipalit\u0103\u021bilor, euroregiunilor \u015fi&nbsp;GECT-urilor care au: a) o viziune antreprenorial\u0103 ambi\u021bioas\u0103 pentru a-\u015fi revitaliza economia \u015fi b) un plan de m\u0103suri credibil,&nbsp;<strong>sprijinit politic<\/strong>, pentru transformarea acestei viziuni \u00een realitate.<\/p>\n\n\n\n<p><strong>De ce ar fi util s\u0103 aplica\u021bi?<\/strong><strong><\/strong><\/p>\n\n\n\n<p>REI ofer\u0103&nbsp;recunoa\u015ftere&nbsp;\u015fi&nbsp;vizibilitate&nbsp;strategiei locale antreprenoriale&nbsp;\u015fi proiectelor concrete \u00eencurajate sau dezvoltate de administra\u021bia respectiv\u0103. REI ajut\u0103 p\u0103r\u021bile interesate ale ecosistemului antreprenorial s\u0103 se implice proactiv \u015fi s\u0103 stimuleze maturizarea ecosistemului. Aceast\u0103 ini\u021biativ\u0103 ofer\u0103, de asemenea, acces gratuit \u015fi nelimitat la o re\u021bea de poten\u021biali parteneri, pentru diferite&nbsp;oportunit\u0103\u021bi de cooperare.<\/p>\n\n\n\n<p><strong>Istoric \u015fi obiective generale:<\/strong><strong><\/strong><\/p>\n\n\n\n<p>Titlul de Regiune European\u0103 \u00centreprinzatoare a fost creat de Comitetul European Regiunilor, \u00een parteneriat cu Comisia European\u0103, \u00een anul 2011, ini\u021biativa beneficiind de sprijinul Parlamentului European, al Comitetului Economic \u015fi Social European (CESE) \u015fi al mai multor p\u0103r\u021bi interesate de la nivelul UE, cum ar fi EURADA (Asocia\u021bia European\u0103 a Agen\u021biilor de Dezvoltare), Uniunea European\u0103 a Artizanatului \u015fi a \u00centreprinderilor Mici \u015fi Mijlocii (SMEunited), Asocia\u021bia Camerelor de Comer\u021b si Industrie din UE (Eurochambres) \u015fi Europa Economiei Sociale (Social Economy Europe).<\/p>\n\n\n\n<p><strong>Obiectivele urm\u0103rite vizeaz\u0103:<\/strong><strong><\/strong><\/p>\n\n\n\n<ul class=\"wp-block-list\"><li>s\u0103 existe o&nbsp;contribu\u021bie la punerea \u00een aplicare \u00een parteneriat a&nbsp;<a href=\"http:\/\/eur-lex.europa.eu\/legal-content\/RO\/TXT\/?uri=URISERV%3Aet0001\" target=\"_blank\" rel=\"noreferrer noopener\">Small Business Act<\/a>&nbsp;(SBA);<\/li><li>s\u0103 fie demonstrat\u0103 o viziune politic\u0103 orientat\u0103 spre viitor pentru implementarea&nbsp;<a href=\"http:\/\/xn--aplicaia%20demonstreaz%20o%20viziune%20politic%20orientat%20spre%20viitor%20pentru%20implementarea%20strategiei%20ue%20pentru%20imm-uri%20n%20teritoriu%2C%20innd%20cont%2C%20acolo%20unde%20este%20cazul%2C%20de%20prioritile%20cheie%20ale%20agendei%20strategice%20a%20ue%202019-2024-mvw69pq0hyal8n3254apeaqc.\/\" target=\"_blank\" rel=\"noreferrer noopener\">Strategiei UE pentru IMM-uri<\/a>&nbsp;\u00een teritoriu, \u021bin\u00e2ndu-se cont, acolo unde este cazul, de priorit\u0103\u021bile cheie ale agendei strategice a UE 2019-2024;<\/li><li>s\u0103 fie demonstrat\u0103 utilizarea optim\u0103 a fondurilor UE \u015fi a altor fonduri publice care \u021bintesc dezvoltarea unei politici antreprenoriale \u00een regiunea respectiv\u0103.<\/li><\/ul>\n\n\n\n<p><\/p>\n\n\n\n<p>La evaluarea candidaturilor nu are importan\u021b\u0103 dac\u0103 un teritoriu are competen\u021be legislative sau nu. Pentru fiecare entitate eligibil\u0103 candidat\u0103, juriul REI \u021bine cont de bugetul, provoc\u0103rile structurale sau teritoriale specifice \u015fi punctul de pornire, economic analiz\u00e2nd situa\u021bia.&nbsp;Titlul r\u0103m\u00e2ne accesibil at\u00e2t teritoriilor care au \u00eenregistrat deja succes \u00een acest sens, c\u00e2t \u015fi celor care, de\u015fi \u00een prezent sunt mai r\u0103mase \u00een urm\u0103, se angajeaz\u0103 s\u0103 implementeze schimb\u0103rile necesare pentru a-\u015fi dezvolta poten\u021bialul antreprenorial.<\/p>\n\n\n\n<p>Detalii pe pagina <a href=\"https:\/\/cor.europa.eu\/ro\/engage\/Pages\/european-entrepreneurial-region.aspx?_cldee=bWFkYWxpbmEudHJhbmRhZmlyQHVuY2pyLm9yZw==&amp;recipientid=contact-cfecbb9b4ad6e51180d8005056a0542b-9366b06d4546496c93a8b82e4d25a2ba&amp;esid=35c81a8f-b347-ec11-8118-005056a043ea\" data-type=\"URL\" data-id=\"https:\/\/cor.europa.eu\/ro\/engage\/Pages\/european-entrepreneurial-region.aspx?_cldee=bWFkYWxpbmEudHJhbmRhZmlyQHVuY2pyLm9yZw==&amp;recipientid=contact-cfecbb9b4ad6e51180d8005056a0542b-9366b06d4546496c93a8b82e4d25a2ba&amp;esid=35c81a8f-b347-ec11-8118-005056a043ea\" target=\"_blank\" rel=\"noreferrer noopener\">oficial\u0103.<\/a><\/p>\n","protected":false},"excerpt":{"rendered":"<p>Comitetul European al Regiunilor a lansat cererea pentru aplica\u021bii pentru edi\u021bia 2023 a competi\u021biei \u201eRegiunea European\u0103 \u00centreprinz\u0103toare\u201d (REI) 2021.&nbsp; Premiul REI este accesibil tuturor regiunilor, provinciilor, ora\u015felor, comunit\u0103\u021bilor europene \u015fi GECT-urilor care sunt gata s\u0103 pun\u0103 \u00een aplicare o strategie ambi\u021bioas\u0103 pentru a-\u015fi sprijini IMM-urile \u015fi antreprenorii. Tema principal\u0103 a campaniei REI 2023 este \u201eAntreprenoriat [&hellip;]<\/p>\n","protected":false},"author":2,"featured_media":2691,"comment_status":"closed","ping_status":"closed","sticky":false,"template":"","format":"standard","meta":{"_et_pb_use_builder":"","_et_pb_old_content":"","_et_gb_content_width":"","footnotes":""},"categories":[19],"tags":[],"class_list":["post-2690","post","type-post","status-publish","format-standard","has-post-thumbnail","hentry","category-oportunitati-finantare-internationala"],"_links":{"self":[{"href":"https:\/\/uncjr.ro\/web\/wp-json\/wp\/v2\/posts\/2690","targetHints":{"allow":["GET"]}}],"collection":[{"href":"https:\/\/uncjr.ro\/web\/wp-json\/wp\/v2\/posts"}],"about":[{"href":"https:\/\/uncjr.ro\/web\/wp-json\/wp\/v2\/types\/post"}],"author":[{"embeddable":true,"href":"https:\/\/uncjr.ro\/web\/wp-json\/wp\/v2\/users\/2"}],"replies":[{"embeddable":true,"href":"https:\/\/uncjr.ro\/web\/wp-json\/wp\/v2\/comments?post=2690"}],"version-history":[{"count":2,"href":"https:\/\/uncjr.ro\/web\/wp-json\/wp\/v2\/posts\/2690\/revisions"}],"predecessor-version":[{"id":2693,"href":"https:\/\/uncjr.ro\/web\/wp-json\/wp\/v2\/posts\/2690\/revisions\/2693"}],"wp:featuredmedia":[{"embeddable":true,"href":"https:\/\/uncjr.ro\/web\/wp-json\/wp\/v2\/media\/2691"}],"wp:attachment":[{"href":"https:\/\/uncjr.ro\/web\/wp-json\/wp\/v2\/media?parent=2690"}],"wp:term":[{"taxonomy":"category","embeddable":true,"href":"https:\/\/uncjr.ro\/web\/wp-json\/wp\/v2\/categories?post=2690"},{"taxonomy":"post_tag","embeddable":true,"href":"https:\/\/uncjr.ro\/web\/wp-json\/wp\/v2\/tags?post=2690"}],"curies":[{"name":"wp","href":"https:\/\/api.w.org\/{rel}","templated":true}]}}