{"id":2677,"date":"2021-11-15T10:52:27","date_gmt":"2021-11-15T08:52:27","guid":{"rendered":"https:\/\/uncjr.ro\/web\/?p=2677"},"modified":"2021-11-15T10:52:28","modified_gmt":"2021-11-15T08:52:28","slug":"cerere-de-finantare-in-cadrul-programului-erasmus","status":"publish","type":"post","link":"https:\/\/uncjr.ro\/web\/cerere-de-finantare-in-cadrul-programului-erasmus\/","title":{"rendered":"Cerere de finan\u021bare \u00een cadrul programului \u201eErasmus +\u201d"},"content":{"rendered":"\n<p><strong>Agen\u0163ia Executiv\u0103 pentru Educa\u0163ie \u015fi Cultur\u0103 (EACEA) de la Bruxelles, mandatat\u0103 de c\u0103tre Comisia European\u0103 s\u0103 gestioneze o parte a cererilor de finan\u021bare ale programului&nbsp;\u201eErasmus+\u201d 2021-2027, a deschis recent, o cerere de propuneri de proiecte nou\u0103, &nbsp;\u00een domenii precum facilitarea dialogului intercultural, cooperare \u015fi re\u021bea, inovare, complementaritate pentru mobilitate.<\/strong><\/p>\n\n\n\n<figure class=\"wp-block-table\"><table><tbody><tr><td class=\"has-text-align-center\" data-align=\"center\">Buget<\/td><td class=\"has-text-align-center\" data-align=\"center\">Data limit\u0103 de depunere a aplica\u021biilor<\/td><td class=\"has-text-align-center\" data-align=\"center\">Beneficiari<\/td><td class=\"has-text-align-center\" data-align=\"center\">Eligibilitate \u021b\u0103ri\/regiuni<\/td><\/tr><tr><td class=\"has-text-align-center\" data-align=\"center\"><strong>4.000.000 \u20ac; <\/strong><br>maximum 95% cofinan\u0163are din costurile eligibile \u015fi 500.000\/proiect<\/td><td class=\"has-text-align-center\" data-align=\"center\"><strong>22 februarie 2022<\/strong> (ora 17:00 la Bruxelles)<\/td><td class=\"has-text-align-center\" data-align=\"center\">organiza\u021bii publice sau private active \u00een domeniul \u00eenv\u0103\u021b\u0103m\u00e2ntului superior sau al tineretului (educa\u021bie nonformal\u0103) \u00een \u021b\u0103rile participante la program sau \u00een \u021b\u0103rile partenere relevante; &#8211; numai solicitan\u021bii din \u021b\u0103rile participante la programul Erasmus+ pot avea rolul de coordonator; &#8211; institu\u021biile de \u00eenv\u0103\u021b\u0103m\u00e2nt superior stabilite \u00een \u021b\u0103rile participante la programul Erasmus+ este obligatoriu s\u0103 fie de\u021bin\u0103toare ale certificatului ECHE (Carta Erasmus pentru \u00cenv\u0103\u021b\u0103m\u00e2ntul Superior)<\/td><td class=\"has-text-align-center\" data-align=\"center\">statele participante la programul Erasmus+ 2021-2027; \u021b\u0103ri partenere &nbsp;de precizat c\u0103 Republica Moldova, Ucraina, Serbia sunt eligibile pentru aceast\u0103 cerere de propuneri<\/td><\/tr><\/tbody><\/table><\/figure>\n\n\n\n<p><strong>Obiective<\/strong><\/p>\n\n\n\n<p>Cererea acoper\u0103 urm\u0103toarele subiecte\/tematici:<\/p>\n\n\n\n<p>&#8211; ERASMUS-EDU-2021-VIRT-EXCH-NDICI \u201eSchimburi virtuale cu alte regiuni specifice\u201d<\/p>\n\n\n\n<p>&#8211; ERASMUS-EDU-2021-VIRT-EXCH-IPA \u201eSchimburi virtuale cu Balcanii de Vest\u201d<\/p>\n\n\n\n<p>Aceast\u0103 cerere de propuneri face parte din ac\u021biunile lansate de noul program Erasmus + 2021-2027 pentru a stimula cooperarea interna\u021bional\u0103 cu \u021b\u0103rile care nu sunt asociate acestuia. De asemenea, ea se \u00eencadreaz\u0103 \u00eentr-un context politic bogat care \u00eencearc\u0103 s\u0103 profite la maximum de oportunit\u0103\u021bile \u0219i provoc\u0103rile transform\u0103rilor \u00een curs \u00een sectoarele educa\u021biei, form\u0103rii \u0219i tineretului.<\/p>\n\n\n\n<p>Schimburile virtuale sunt activit\u0103\u021bi online interpersonale care promoveaz\u0103 dialogul intercultural \u0219i dezvoltarea abilit\u0103\u021bilor generale (soft). Ele fac posibil ca fiecare t\u00e2n\u0103r s\u0103 aib\u0103 acces la educa\u021bie interna\u021bional\u0103 \u0219i intercultural\u0103 de \u00eenalt\u0103 calitate (at\u00e2t formal\u0103, c\u00e2t \u0219i non-formal\u0103) f\u0103r\u0103 mobilitate fizic\u0103. \u00cen timp ce dezbaterile sau formarea virtual\u0103 nu \u00eenlocuiesc pe deplin beneficiile mobilit\u0103\u021bii fizice, participan\u021bii la schimburile virtuale ar trebui s\u0103 culeag\u0103 o serie de beneficii ale experien\u021belor educa\u021bionale interna\u021bionale. Schimburile virtuale ajut\u0103 \u0219i la r\u0103sp\u00e2ndirea valorilor europene. Mai mult, \u00een unele cazuri acestea pot preg\u0103ti, aprofunda \u0219i extinde schimburile fizice \u0219i pot alimenta o nou\u0103 solicitare pentru acestea.<\/p>\n\n\n\n<p>Schimburile virtuale vor avea loc \u00een grupuri mici \u0219i vor fi \u00eentotdeauna moderate de un facilitator instruit. Acestea ar trebui s\u0103 fie u\u0219or de integrat \u00een proiecte pentru tineret (educa\u021bie non-formal\u0103) sau \u00een cursuri de \u00eenv\u0103\u021b\u0103m\u00e2nt superior. Schimburile virtuale pot atrage participan\u021bi din ambele sectoare, chiar dac\u0103, \u00een func\u021bie de proiectele specifice, ar putea implica participan\u021bi fie din unul dintre ele, fie din ambele. Toate proiectele din cadrul acestui apel vor implica at\u00e2t organiza\u021bii, c\u00e2t \u0219i participan\u021bi proveni\u021bi din statele membre ale UE sau \u021b\u0103ri ter\u021be asociate programului (\u021b\u0103ri din program) \u0219i din \u021b\u0103ri partenere.<\/p>\n\n\n\n<p><strong>Informa\u021bii suplimenatre<\/strong><\/p>\n\n\n\n<ul class=\"wp-block-list\"><li>Toate organiza\u021biile care inten\u021bioneaz\u0103 s\u0103 participe la Programul \u201cErasmus+\u201d trebuie s\u0103 se \u00eenregistreze pe Portalul Participan\u021bilor al Comisiei Europene &#8211; ECAS\/EU Login.<\/li><li>Candidaturile pot fi depuse \u00een oricare limb\u0103 oficial\u0103 a UE.<\/li><li>Propunerile trebuie depuse de un consor\u021biu format din cel pu\u021bin 4 parteneri din 4 \u021b\u0103ri participante la program \u015fi partenere (anumite condi\u021bii men\u021bionate \u00een textul cererii trebuie \u00eendeplinite).<\/li><li>Proiectele ar trebui s\u0103 ia \u00een considerare rezultatele proiectelor sprijinite de alte programe de finan\u021bare ale UE. Complementarit\u0103\u021bile trebuie descrise \u00een propunerile de proiect (Partea B a Formularului de aplicare). Proiectele trebuie s\u0103 respecte interesele \u0219i priorit\u0103\u021bile politicilor UE (cum ar fi politica de mediu, social\u0103, de securitate, industrial\u0103 \u0219i comercial\u0103 etc.).<\/li><li>Durata proiectului trebuie s\u0103 fie de maximum 3 ani.<\/li><li>Solicitan\u021bii pot depune mai multe propuneri pentru diferite proiecte \u00een cadrul aceleia\u0219i cereri (\u0219i s\u0103 li se acorde o finan\u021bare pentru acestea). Organiza\u021biile pot participa la mai multe parteneriate.<\/li><\/ul>\n\n\n\n<p><strong>Surse de informare<\/strong><\/p>\n\n\n\n<p><a href=\"https:\/\/erasmus-plus.ec.europa.eu\/programme-guide\/erasmus-programme-guide\" data-type=\"URL\" data-id=\"https:\/\/erasmus-plus.ec.europa.eu\/programme-guide\/erasmus-programme-guide\" target=\"_blank\" rel=\"noreferrer noopener\">Ghidul programului Erasmus+<\/a><\/p>\n\n\n\n<p><a href=\"https:\/\/ec.europa.eu\/info\/funding-tenders\/opportunities\/portal\/screen\/opportunities\/topic-details\/erasmus-edu-2021-virt-exch-ndici;callCode=ERASMUS-EDU-2021-VIRT-EXCH;freeTextSearchKeyword=;matchWholeText=true;typeCodes=1;statusCodes=31094501,31094502,31094503;programmePeriod=null;programCcm2Id=43353764;programDivisionCode=null;focusAreaCode=null;destination=null;mission=null;geographicalZonesCode=null;programmeDivisionProspect=null;startDateLte=null;startDateGte=null;crossCuttingPriorityCode=null;cpvCode=null;performanceOfDelivery=null;sortQuery=sortStatus;orderBy=asc;onlyTenders=false;topicListKey=callTopicSearchTableState\" data-type=\"URL\" data-id=\"https:\/\/ec.europa.eu\/info\/funding-tenders\/opportunities\/portal\/screen\/opportunities\/topic-details\/erasmus-edu-2021-virt-exch-ndici;callCode=ERASMUS-EDU-2021-VIRT-EXCH;freeTextSearchKeyword=;matchWholeText=true;typeCodes=1;statusCodes=31094501,31094502,31094503;programmePeriod=null;programCcm2Id=43353764;programDivisionCode=null;focusAreaCode=null;destination=null;mission=null;geographicalZonesCode=null;programmeDivisionProspect=null;startDateLte=null;startDateGte=null;crossCuttingPriorityCode=null;cpvCode=null;performanceOfDelivery=null;sortQuery=sortStatus;orderBy=asc;onlyTenders=false;topicListKey=callTopicSearchTableState\" target=\"_blank\" rel=\"noreferrer noopener\">\u00a0Pagina oficial\u0103 a cererii<\/a><\/p>\n\n\n\n<p><a href=\"https:\/\/ec.europa.eu\/info\/funding-tenders\/opportunities\/docs\/2021-2027\/erasmus\/wp-call\/2021\/call-fiche_erasmus-edu-2021-virt-exch_en.pdf\" data-type=\"URL\" data-id=\"https:\/\/ec.europa.eu\/info\/funding-tenders\/opportunities\/docs\/2021-2027\/erasmus\/wp-call\/2021\/call-fiche_erasmus-edu-2021-virt-exch_en.pdf\" target=\"_blank\" rel=\"noreferrer noopener\">Textul oficial al cererii<\/a><\/p>\n\n\n\n<p>Pentru informa\u021bii suplimentare privind aceast\u0101 cerere, adresa de contact este: EACEA-EPLUS-VlRTUAL-EXCHANGES@ec.europa.eu <\/p>\n\n\n\n<p>Schimburile virtuale Erasmus+ sunt o ini\u021biativ\u0103 de tip bottom-up (ac\u021biuni\/ini\u021biative de jos \u00een sus). \u00cen acest apel, organiza\u021biile participante sunt libere s\u0103 aleag\u0103 subiectele pe care se vor concentra, dar propunerile ar trebui s\u0103 demonstreze \u00een mod conving\u0103tor impactul a\u0219teptat \u00een raport cu unul sau mai multe dintre obiectivele men\u021bionate mai sus.<\/p>\n","protected":false},"excerpt":{"rendered":"<p>Agen\u0163ia Executiv\u0103 pentru Educa\u0163ie \u015fi Cultur\u0103 (EACEA) de la Bruxelles, mandatat\u0103 de c\u0103tre Comisia European\u0103 s\u0103 gestioneze o parte a cererilor de finan\u021bare ale programului&nbsp;\u201eErasmus+\u201d 2021-2027, a deschis recent, o cerere de propuneri de proiecte nou\u0103, &nbsp;\u00een domenii precum facilitarea dialogului intercultural, cooperare \u015fi re\u021bea, inovare, complementaritate pentru mobilitate. Buget Data limit\u0103 de depunere a [&hellip;]<\/p>\n","protected":false},"author":2,"featured_media":2679,"comment_status":"closed","ping_status":"closed","sticky":false,"template":"","format":"standard","meta":{"_et_pb_use_builder":"","_et_pb_old_content":"","_et_gb_content_width":"","footnotes":""},"categories":[19],"tags":[],"class_list":["post-2677","post","type-post","status-publish","format-standard","has-post-thumbnail","hentry","category-oportunitati-finantare-internationala"],"_links":{"self":[{"href":"https:\/\/uncjr.ro\/web\/wp-json\/wp\/v2\/posts\/2677","targetHints":{"allow":["GET"]}}],"collection":[{"href":"https:\/\/uncjr.ro\/web\/wp-json\/wp\/v2\/posts"}],"about":[{"href":"https:\/\/uncjr.ro\/web\/wp-json\/wp\/v2\/types\/post"}],"author":[{"embeddable":true,"href":"https:\/\/uncjr.ro\/web\/wp-json\/wp\/v2\/users\/2"}],"replies":[{"embeddable":true,"href":"https:\/\/uncjr.ro\/web\/wp-json\/wp\/v2\/comments?post=2677"}],"version-history":[{"count":1,"href":"https:\/\/uncjr.ro\/web\/wp-json\/wp\/v2\/posts\/2677\/revisions"}],"predecessor-version":[{"id":2678,"href":"https:\/\/uncjr.ro\/web\/wp-json\/wp\/v2\/posts\/2677\/revisions\/2678"}],"wp:featuredmedia":[{"embeddable":true,"href":"https:\/\/uncjr.ro\/web\/wp-json\/wp\/v2\/media\/2679"}],"wp:attachment":[{"href":"https:\/\/uncjr.ro\/web\/wp-json\/wp\/v2\/media?parent=2677"}],"wp:term":[{"taxonomy":"category","embeddable":true,"href":"https:\/\/uncjr.ro\/web\/wp-json\/wp\/v2\/categories?post=2677"},{"taxonomy":"post_tag","embeddable":true,"href":"https:\/\/uncjr.ro\/web\/wp-json\/wp\/v2\/tags?post=2677"}],"curies":[{"name":"wp","href":"https:\/\/api.w.org\/{rel}","templated":true}]}}