{"id":2600,"date":"2021-11-01T09:45:39","date_gmt":"2021-11-01T07:45:39","guid":{"rendered":"https:\/\/uncjr.ro\/web\/?p=2600"},"modified":"2021-11-01T09:45:41","modified_gmt":"2021-11-01T07:45:41","slug":"propunere-de-finantare-in-programul-european-uniunea-europeana-pentru-sanatate-2021-2027","status":"publish","type":"post","link":"https:\/\/uncjr.ro\/web\/propunere-de-finantare-in-programul-european-uniunea-europeana-pentru-sanatate-2021-2027\/","title":{"rendered":"Propunere de finan\u021bare \u00een programul european \u201eUniunea European\u0103 pentru s\u0103n\u0103tate\u201d 2021-2027"},"content":{"rendered":"\n<p><strong>Agen\u0163ia Executiv\u0103 European\u0103 pentru Domeniile S\u0103n\u0103tate \u015fi Digital (HaDEA) de la Bruxelles, prin mandatul primit de la Comisia European\u0103, a deschis la 26 octombrie a.c. o cerere de finan\u0163are care se \u00eenscrie \u00een Programul anual de lucru 2021 al programului european \u201eUniunea European\u0103 pentru s\u0103n\u0103tate\u201d.<\/strong><\/p>\n\n\n\n<p><br>Ini\u0163iativa \u201eHealthyLifestyle4All\u201d, promovarea unui stil de via\u0163\u0103 s\u0103n\u0103tos este o ini\u021biativ\u0103, care se va baza pe <a href=\"https:\/\/eose.org\/ressource\/tartu-call-for-a-healthy-lifestyle\/\" data-type=\"URL\" data-id=\"https:\/\/eose.org\/ressource\/tartu-call-for-a-healthy-lifestyle\/\" target=\"_blank\" rel=\"noreferrer noopener\">Apelul de la Tartu pentru un stil de via\u021b\u0103 s\u0103n\u0103tos.<\/a> Scopul acesteia va fi promovarea unui stil de via\u021b\u0103 s\u0103n\u0103tos \u00een Uniune, \u00een special \u00een r\u00e2ndul copiilor. Aceast\u0103 ac\u021biune specific\u0103 va sprijini ini\u021biativa prin consolidarea componentei de educa\u021bie \u00een domeniul s\u0103n\u0103t\u0103\u021bii pentru promovarea unor stiluri de via\u021b\u0103 s\u0103n\u0103toase, cu accent pe mediul \u0219colar, asigur\u00e2nd accesul egal la activit\u0103\u021bi pentru toate grupurile socio-economice \u0219i, prin urmare, reduc\u00e2nd inegalit\u0103\u0163ile \u00een s\u0103n\u0103tate.<\/p>\n\n\n\n<figure class=\"wp-block-table\"><table><tbody><tr><td class=\"has-text-align-center\" data-align=\"center\">Buget<\/td><td class=\"has-text-align-center\" data-align=\"center\">Data limit\u0103 de depunere a aplica\u021biilor<\/td><td class=\"has-text-align-center\" data-align=\"center\">Beneficiari<\/td><td class=\"has-text-align-center\" data-align=\"center\"> Eligibilitate \u021b\u0103ri\/regiuni <\/td><\/tr><tr><td class=\"has-text-align-center\" data-align=\"center\"><strong>4.400.000\u20ac cofinan\u0163are de maximum 60%<\/strong>, \u00een cazuri excep\u0163ionale se poate ajunge p\u00e2n\u0103 la 80%<\/td><td class=\"has-text-align-center\" data-align=\"center\"><strong>25 ianuarie 2022 <\/strong>(ora 17:00 la Bruxelles)<\/td><td class=\"has-text-align-center\" data-align=\"center\">orice entitate public\u0103 sau privat\u0103, legal constituit\u0103 dup\u0103 legile UE, organiza\u0163ii interna\u0163ionale<\/td><td class=\"has-text-align-center\" data-align=\"center\">&#8211; statele membre ale UE;<br>&#8211; membri ai Spa\u021biului Economic European (SEE): Norvegia, Islanda, Liechtenstein;<br>&#8211; \u021b\u0103ri candidate \u0219i poten\u021bial candidate, \u0163\u0103rile aflate \u00een vecin\u0103tatea UE;<br>&#8211; \u021b\u0103ri ter\u021be participante la program<\/td><\/tr><\/tbody><\/table><\/figure>\n\n\n\n<p>\u201eUE pentru s\u0103n\u0103tate\u201d 2021-2027 este viziunea Uniunii Europene pentru o via\u0163a mai s\u0103n\u0103toas\u0103 a cet\u0103\u0163enilor s\u0103i \u00een contextul generat de pandemia actual\u0103 \u015fi \u00eembun\u0103\u0163\u0103\u0163irea rezilien\u0163ei sistemelor de s\u0103n\u0103tate europene.<\/p>\n\n\n\n<p><br><strong>Ac\u021biuni finan\u021bare:<\/strong><\/p>\n\n\n\n<p><br>Proiectele finan\u0163ate vor dezvolta ac\u0163iuni pentru adoptarea eficient\u0103 a practicilor de succes privind alfabetizarea \u00een domeniul s\u0103n\u0103t\u0103\u021bii \u0219i stilurile de via\u021b\u0103 s\u0103n\u0103toase, inclusiv nutri\u021bia, activitatea fizic\u0103 regulat\u0103 de \u00eembun\u0103t\u0103\u021bire a s\u0103n\u0103t\u0103\u021bii \u0219i s\u0103n\u0103tatea mintal\u0103 \u00een \u0219coli. Aceast\u0103 ac\u021biune specific\u0103 va sprijini ini\u021biativa \u201eHealthyLifestyle4All\u201d prin consolidarea componentei de educa\u021bie \u00een domeniul s\u0103n\u0103t\u0103\u021bii pentru promovarea unor stiluri de via\u021b\u0103 s\u0103n\u0103toase, cu accent pe mediul \u0219colar, asigur\u00e2nd accesul egal la activit\u0103\u021bi pentru toate grupurile socio-economice \u0219i, prin urmare, reduc\u00e2nd inegalit\u0103\u0163ile \u00een s\u0103n\u0103tate. Finan\u0163area va sprijini autorit\u0103\u021bile publice s\u0103 creasc\u0103 oportunit\u0103\u021bile de activitate fizic\u0103 regulat\u0103, s\u0103 promoveze stiluri de via\u021b\u0103 s\u0103n\u0103toase prin schimburi de bune practici privind alfabetizarea \u00een domeniul s\u0103n\u0103t\u0103\u021bii, inclusiv aspectele de s\u0103n\u0103tate ale programului \u0219colar al Uniunii \u0219i promovarea Codului european \u00eempotriva cancerului.<\/p>\n\n\n\n<p><br>Proiectele vor contribui prin ac\u0163iunile lor la dezvoltarea unei abord\u0103ri a Uniunii care va promova investi\u021biile \u00een infrastructuri de mobilitate activ\u0103, cantine s\u0103n\u0103toase \u0219i pentru a dezvolta m\u0103suri de sensibilizare. Activit\u0103\u021bile specifice ale ini\u021biativei vor completa ini\u021biativele majore ale Uniunii, inclusiv <a rel=\"noreferrer noopener\" href=\"https:\/\/sport.ec.europa.eu\/week\" data-type=\"URL\" data-id=\"https:\/\/sport.ec.europa.eu\/week\" target=\"_blank\">\u201eS\u0103pt\u0103m\u00e2na european\u0103 a sportului\u201d<\/a>, <a rel=\"noreferrer noopener\" href=\"https:\/\/eur-lex.europa.eu\/legal-content\/RO\/TXT\/HTML\/?uri=CELEX:32016R0791&amp;from=EN\" data-type=\"URL\" data-id=\"https:\/\/eur-lex.europa.eu\/legal-content\/RO\/TXT\/HTML\/?uri=CELEX:32016R0791&amp;from=EN\" target=\"_blank\">\u201eschema \u0219colar\u0103 a UE<\/a>\u201d \u0219i <a rel=\"noreferrer noopener\" href=\"https:\/\/ec.europa.eu\/info\/food-farming-fisheries\/key-policies\/common-agricultural-policy\/market-measures\/promotion-eu-farm-products_ro\" data-type=\"URL\" data-id=\"https:\/\/ec.europa.eu\/info\/food-farming-fisheries\/key-policies\/common-agricultural-policy\/market-measures\/promotion-eu-farm-products_ro\" target=\"_blank\">\u201epolitica de promovare a UE pentru produsele agroalimentare\u201d<\/a>, precum \u0219i \u201e<a href=\"https:\/\/ec.europa.eu\/info\/food-farming-fisheries\/farming\/organic-farming\/organic-action-plan_ro\" data-type=\"URL\" data-id=\"https:\/\/ec.europa.eu\/info\/food-farming-fisheries\/farming\/organic-farming\/organic-action-plan_ro\" target=\"_blank\" rel=\"noreferrer noopener\">Planul de ac\u021biune pentru dezvoltarea produc\u021biei ecologice\u201d.<\/a><\/p>\n\n\n\n<p><br>Activit\u0103\u021bile vor \u00eencuraja \u0219i sprijini \u0219colile \u0219i alte institu\u021bii educa\u021bionale s\u0103 adopte conceptul de \u0219coli s\u0103n\u0103toase \u2013 cunoscute \u0219i sub numele de \u0219coli care promoveaz\u0103 s\u0103n\u0103tatea, \u0219i vor colecta, dezvolta, sprijini \u0219i \u00eemp\u0103rt\u0103\u0219i practici bazate pe dovezi.<br><\/p>\n\n\n\n<p>Cu ajutorul acestui program, UE va investi 5,3 miliarde EUR \u00een ac\u021biuni cu valoare ad\u0103ugat\u0103 european\u0103, care vor completa politicile \u021b\u0103rilor UE \u0219i vor urm\u0103ri unul sau mai multe dintre scopurile programului:<\/p>\n\n\n\n<ol class=\"wp-block-list\"><li>s\u0103 \u00eembun\u0103t\u0103\u021beasc\u0103 \u0219i s\u0103 promoveze s\u0103n\u0103tatea \u00een Uniune,<\/li><li>s\u0103 combat\u0103 amenin\u021b\u0103rile transfrontaliere la adresa s\u0103n\u0103t\u0103\u021bii,<\/li><li>s\u0103 amelioreze calitatea medicamentelor, a dispozitivelor medicale \u0219i a produselor necesare \u00een situa\u021bii de criz\u0103,<\/li><li>s\u0103 consolideze sistemele de s\u0103n\u0103tate, rezilien\u021ba acestora \u0219i utilizarea eficient\u0103 a resurselor. Ac\u021biunile prev\u0103zute se \u00eencadreaz\u0103 \u00een patru categorii: prevenirea bolilor, preg\u0103tirea pentru situa\u021bii de criz\u0103, sistemele de s\u0103n\u0103tate \u0219i tehnologiile digitale, cu un accent transversal pe cancer.<\/li><\/ol>\n\n\n\n<p>\u00cen plus, pentru c\u0103 provoc\u0103rile \u00een materie de s\u0103n\u0103tate sunt transversale, Programul \u201eUE pentru s\u0103n\u0103tate\u201d completeaz\u0103 alte programe, politici, instrumente \u0219i ac\u021biuni ale Uniunii, cum ar fi:<\/p>\n\n\n\n<ul class=\"wp-block-list\"><li>\u201eFondul social european Plus\u201d (FSE+), pentru a sprijini accesul grupurilor vulnerabile la asisten\u021b\u0103 medical\u0103;<\/li><li>\u201eFondul european de dezvoltare regional\u0103\u201d, pentru a \u00eembun\u0103t\u0103\u021bi infrastructura regional\u0103 de s\u0103n\u0103tate;<\/li><li>\u201eOrizont Europa\u201d, pentru cercetare \u00een domeniul s\u0103n\u0103t\u0103\u021bii;<\/li><li>\u201eMecanismul de protec\u021bie civil\u0103 al Uniunii\u201d\/capacitatea rescEU, pentru crearea de rezerve de echipamente medicale pentru situa\u021bii de urgen\u021b\u0103;<\/li><li>Programul \u201eEuropa digital\u0103\u201d \u0219i \u201eMecanismul pentru interconectarea Europei\u201d, pentru crearea infrastructurii digitale necesare pentru instrumentele digitale din domeniul s\u0103n\u0103t\u0103\u021bii;<\/li><li>Programul \u201eInvestEU\u201d; &#8211; \u201eProgramul privind pia\u021ba unic\u0103\u201d;<\/li><li>\u201eMecanismul de redresare \u0219i rezilien\u021b\u0103\u201d;<\/li><li>Programul \u201eErasmus+\u201d;<\/li><li>\u201eInstrumentul pentru sprijin de urgen\u021b\u0103\u201d<\/li><\/ul>\n\n\n\n<p><strong>Informa\u021bii suplimentare:<\/strong><\/p>\n\n\n\n<p><br>\u2713Durata de implementare a ac\u0163iunilor proiectului trebuie s\u0103 fie cuprins\u0103 \u00eentre 12 \u015fi 36 luni (se recomand\u0103 o implementare de 24- 36 de luni).<br>\u2713 Comisia are \u00een vedere s\u0103 cofinan\u0163eze maximum 3 propuneri de proiecte.<br>\u2713Solicitantul trebuie s\u0103 poat\u0103 dovedi capacitatea de a implica at\u00e2t sectorul educa\u021bional, c\u00e2t \u0219i cel al s\u0103n\u0103t\u0103\u021bii \u0219i de a ob\u021bine angajamente de sprijin de la autorit\u0103\u021bile locale\/regionale\/na\u021bionale responsabile.<br>\u2713 Sunt acceptate cereri depuse fie de c\u0103tre un singur solicitant, fie de c\u0103tre un consor\u021biu (minimum 3 parteneri din minimum 3 \u0163\u0103ri).<br>\u2713 Parametrii grantului (suma maxim\u0103 a grantului, rata de finan\u021bare, costurile totale eligibile,<br>etc.) vor fi stabili\u021bi \u00een acordul de finan\u021bare.<br>\u2713 Aplica\u021biile se depun doar online. Detalii pe pagina web men\u021bionat\u0103 la sursa de informare.<br>\u2713 Solicitan\u021bii pot depune mai multe propuneri pentru proiecte diferite \u00een cadrul aceluia\u0219i apel (\u0219i li se poate acorda o finan\u021bare pentru acestea).<br>\u2713 Propunerile pot fi trimise \u00een orice limb\u0103 oficial\u0103 a UE (rezumatul proiectului ar trebui, totu\u0219i, s\u0103 fie \u00eentotdeauna \u00een limba englez\u0103). Din motive de eficien\u021b\u0103, Comisia insist\u0103 s\u0103 fie utilizat\u0103 limba englez\u0103 pentru \u00eentreaga aplica\u021bie.<\/p>\n\n\n\n<p>Aici se g\u0103se\u0219te <a href=\"https:\/\/ec.europa.eu\/info\/funding-tenders\/opportunities\/portal\/screen\/opportunities\/topic-details\/eu4h-2021-pj-09;callCode=EU4H-2021-PJ2;freeTextSearchKeyword=;matchWholeText=true;typeCodes=0,1,2;statusCodes=31094501,31094502,31094503;programmePeriod=null;programCcm2Id=null;programDivisionCode=null;focusAreaCode=null;destination=null;mission=null;geographicalZonesCode=null;programmeDivisionProspect=null;startDateLte=null;startDateGte=null;crossCuttingPriorityCode=null;cpvCode=null;performanceOfDelivery=null;sortQuery=sortStatus;orderBy=asc;onlyTenders=false;topicListKey=topicSearchTablePageState\" data-type=\"URL\" data-id=\"https:\/\/ec.europa.eu\/info\/funding-tenders\/opportunities\/portal\/screen\/opportunities\/topic-details\/eu4h-2021-pj-09;callCode=EU4H-2021-PJ2;freeTextSearchKeyword=;matchWholeText=true;typeCodes=0,1,2;statusCodes=31094501,31094502,31094503;programmePeriod=null;programCcm2Id=null;programDivisionCode=null;focusAreaCode=null;destination=null;mission=null;geographicalZonesCode=null;programmeDivisionProspect=null;startDateLte=null;startDateGte=null;crossCuttingPriorityCode=null;cpvCode=null;performanceOfDelivery=null;sortQuery=sortStatus;orderBy=asc;onlyTenders=false;topicListKey=topicSearchTablePageState\" target=\"_blank\" rel=\"noreferrer noopener\">pagini oficial\u0103 a cererii<\/a>, iar <a href=\"https:\/\/ec.europa.eu\/info\/funding-tenders\/opportunities\/docs\/2021-2027\/eu4h\/wp-call\/2021\/call-fiche_eu4h-2021-pj-02_en.pdf\" data-type=\"URL\" data-id=\"https:\/\/ec.europa.eu\/info\/funding-tenders\/opportunities\/docs\/2021-2027\/eu4h\/wp-call\/2021\/call-fiche_eu4h-2021-pj-02_en.pdf\" target=\"_blank\" rel=\"noreferrer noopener\">textul cererii <\/a>se reg\u0103se\u0219te aici.<\/p>\n","protected":false},"excerpt":{"rendered":"<p>Agen\u0163ia Executiv\u0103 European\u0103 pentru Domeniile S\u0103n\u0103tate \u015fi Digital (HaDEA) de la Bruxelles, prin mandatul primit de la Comisia European\u0103, a deschis la 26 octombrie a.c. o cerere de finan\u0163are care se \u00eenscrie \u00een Programul anual de lucru 2021 al programului european \u201eUniunea European\u0103 pentru s\u0103n\u0103tate\u201d. Ini\u0163iativa \u201eHealthyLifestyle4All\u201d, promovarea unui stil de via\u0163\u0103 s\u0103n\u0103tos este o [&hellip;]<\/p>\n","protected":false},"author":2,"featured_media":2601,"comment_status":"closed","ping_status":"closed","sticky":false,"template":"","format":"standard","meta":{"_et_pb_use_builder":"","_et_pb_old_content":"","_et_gb_content_width":"","footnotes":""},"categories":[19],"tags":[],"class_list":["post-2600","post","type-post","status-publish","format-standard","has-post-thumbnail","hentry","category-oportunitati-finantare-internationala"],"_links":{"self":[{"href":"https:\/\/uncjr.ro\/web\/wp-json\/wp\/v2\/posts\/2600","targetHints":{"allow":["GET"]}}],"collection":[{"href":"https:\/\/uncjr.ro\/web\/wp-json\/wp\/v2\/posts"}],"about":[{"href":"https:\/\/uncjr.ro\/web\/wp-json\/wp\/v2\/types\/post"}],"author":[{"embeddable":true,"href":"https:\/\/uncjr.ro\/web\/wp-json\/wp\/v2\/users\/2"}],"replies":[{"embeddable":true,"href":"https:\/\/uncjr.ro\/web\/wp-json\/wp\/v2\/comments?post=2600"}],"version-history":[{"count":1,"href":"https:\/\/uncjr.ro\/web\/wp-json\/wp\/v2\/posts\/2600\/revisions"}],"predecessor-version":[{"id":2602,"href":"https:\/\/uncjr.ro\/web\/wp-json\/wp\/v2\/posts\/2600\/revisions\/2602"}],"wp:featuredmedia":[{"embeddable":true,"href":"https:\/\/uncjr.ro\/web\/wp-json\/wp\/v2\/media\/2601"}],"wp:attachment":[{"href":"https:\/\/uncjr.ro\/web\/wp-json\/wp\/v2\/media?parent=2600"}],"wp:term":[{"taxonomy":"category","embeddable":true,"href":"https:\/\/uncjr.ro\/web\/wp-json\/wp\/v2\/categories?post=2600"},{"taxonomy":"post_tag","embeddable":true,"href":"https:\/\/uncjr.ro\/web\/wp-json\/wp\/v2\/tags?post=2600"}],"curies":[{"name":"wp","href":"https:\/\/api.w.org\/{rel}","templated":true}]}}