{"id":2589,"date":"2021-10-27T08:35:59","date_gmt":"2021-10-27T06:35:59","guid":{"rendered":"https:\/\/uncjr.ro\/web\/?p=2589"},"modified":"2021-11-01T15:22:29","modified_gmt":"2021-11-01T13:22:29","slug":"atelier-european-farm-data-for-better-farm-performance","status":"publish","type":"post","link":"https:\/\/uncjr.ro\/web\/atelier-european-farm-data-for-better-farm-performance\/","title":{"rendered":"Atelier european \u201eFarm data for better farm performance\u201d"},"content":{"rendered":"\n<p>Direc\u021bia General\u0103 Agricultur\u0103 \u0219i Dezvoltare Rural\u0103 a Comisiei Europene (DG AGRI) \u0219i Facilitatea de sprijin \u201eInovare \u0219i schimb de cuno\u0219tin\u021be\u201d &#8211; EIP-AGRI organizeaz\u0103 atelierul european \u201eFarm data for better farm performance\u201d.<\/p>\n\n\n\n<p>Evenimentul va avea loc <strong>online, joi 9 \u0219i vineri 10 decembrie 2021<\/strong>.<br>Cu acest prilej, un apel de exprimare a interesului este deschis p\u00e2n\u0103 la 29 octombrie 2021.<\/p>\n\n\n\n<p><strong><br>Obiectivele generale ale acestui atelier sunt:<\/strong><\/p>\n\n\n\n<ul class=\"wp-block-list\"><li>realizarea unui bilan\u021b al proiectelor \u0219i ini\u021biativelor de succes aflate \u00een desf\u0103\u0219urare care colecteaz\u0103 \u0219i folosesc datele generate despre ferm\u0103 pentru a \u00eembun\u0103t\u0103\u021bi performan\u021ba economic\u0103 \u0219i de mediu.<\/li><li>explorarea rolului diferitelor p\u0103r\u021bi interesate \u00een colectarea datelor economice \u0219i de mediu la ferme \u0219i utilizarea acestora pentru produc\u021bia agricol\u0103.<\/li><li>oferirea unui mediu adecvat pentru schimbul de bune practici privind colectarea, utilizarea \u0219i partajarea datelor economice \u0219i de mediu ale fermelor.<\/li><\/ul>\n\n\n\n<p><strong>Eligibilitatea participan\u0163ilor:<br><\/strong>Acest apel se adreseaz\u0103 doar anumitor tipuri de participan\u021bi.<br>Ace\u0219tia sunt: fermierii, incluz\u00e2nd tinerii fermieri, consilieri \u00een domeniu, parteneri \u00een grupuri opera\u021bionale \u0219i dezvoltatori de tehnologie care pot fi implica\u021bi \u00een proiecte relevante sau au experien\u021b\u0103 \u00een proiectarea \u0219i\/sau implementarea de solu\u021bii tehnologice digitale inovatoare \u0219i bazate pe date agricole care contribuie la cre\u0219terea performan\u021bei de mediu \u0219i a competitivit\u0103\u021bii fermelor \u015fi a sectorului agricol din Europa.<\/p>\n\n\n\n<p><br>Pagina oficial\u0103 a evenimentului \u015fi formularul pentru aplicare se g\u0103se\u0219te <a href=\"https:\/\/ec.europa.eu\/eip\/agriculture\/en\/news\/open-call-eip-agri-workshop-farm-data-better-farm\" data-type=\"URL\" data-id=\"https:\/\/ec.europa.eu\/eip\/agriculture\/en\/news\/open-call-eip-agri-workshop-farm-data-better-farm\" target=\"_blank\" rel=\"noreferrer noopener\">aici<\/a>.<br>Contact direct pentru \u00eentreb\u0103ri suplimentare: workshop@eip-agri.eu<\/p>\n","protected":false},"excerpt":{"rendered":"<p>Direc\u021bia General\u0103 Agricultur\u0103 \u0219i Dezvoltare Rural\u0103 a Comisiei Europene (DG AGRI) \u0219i Facilitatea de sprijin \u201eInovare \u0219i schimb de cuno\u0219tin\u021be\u201d &#8211; EIP-AGRI organizeaz\u0103 atelierul european \u201eFarm data for better farm performance\u201d. Evenimentul va avea loc online, joi 9 \u0219i vineri 10 decembrie 2021.Cu acest prilej, un apel de exprimare a interesului este deschis p\u00e2n\u0103 la [&hellip;]<\/p>\n","protected":false},"author":2,"featured_media":2643,"comment_status":"closed","ping_status":"closed","sticky":false,"template":"","format":"standard","meta":{"_et_pb_use_builder":"","_et_pb_old_content":"","_et_gb_content_width":"","footnotes":""},"categories":[14],"tags":[],"class_list":["post-2589","post","type-post","status-publish","format-standard","has-post-thumbnail","hentry","category-evenimente"],"_links":{"self":[{"href":"https:\/\/uncjr.ro\/web\/wp-json\/wp\/v2\/posts\/2589","targetHints":{"allow":["GET"]}}],"collection":[{"href":"https:\/\/uncjr.ro\/web\/wp-json\/wp\/v2\/posts"}],"about":[{"href":"https:\/\/uncjr.ro\/web\/wp-json\/wp\/v2\/types\/post"}],"author":[{"embeddable":true,"href":"https:\/\/uncjr.ro\/web\/wp-json\/wp\/v2\/users\/2"}],"replies":[{"embeddable":true,"href":"https:\/\/uncjr.ro\/web\/wp-json\/wp\/v2\/comments?post=2589"}],"version-history":[{"count":1,"href":"https:\/\/uncjr.ro\/web\/wp-json\/wp\/v2\/posts\/2589\/revisions"}],"predecessor-version":[{"id":2591,"href":"https:\/\/uncjr.ro\/web\/wp-json\/wp\/v2\/posts\/2589\/revisions\/2591"}],"wp:featuredmedia":[{"embeddable":true,"href":"https:\/\/uncjr.ro\/web\/wp-json\/wp\/v2\/media\/2643"}],"wp:attachment":[{"href":"https:\/\/uncjr.ro\/web\/wp-json\/wp\/v2\/media?parent=2589"}],"wp:term":[{"taxonomy":"category","embeddable":true,"href":"https:\/\/uncjr.ro\/web\/wp-json\/wp\/v2\/categories?post=2589"},{"taxonomy":"post_tag","embeddable":true,"href":"https:\/\/uncjr.ro\/web\/wp-json\/wp\/v2\/tags?post=2589"}],"curies":[{"name":"wp","href":"https:\/\/api.w.org\/{rel}","templated":true}]}}