{"id":2584,"date":"2021-10-26T11:29:17","date_gmt":"2021-10-26T09:29:17","guid":{"rendered":"https:\/\/uncjr.ro\/web\/?p=2584"},"modified":"2021-11-01T15:29:09","modified_gmt":"2021-11-01T13:29:09","slug":"finantare-europeana-ce-vizeaza-cresterea-gradului-de-participare-si-implicare-a-cetatenilor-in-procesul-de-dezvoltare-de-politici-publice","status":"publish","type":"post","link":"https:\/\/uncjr.ro\/web\/finantare-europeana-ce-vizeaza-cresterea-gradului-de-participare-si-implicare-a-cetatenilor-in-procesul-de-dezvoltare-de-politici-publice\/","title":{"rendered":"Finan\u021bare European\u0103 ce vizeaz\u0103 cre\u015fterea gradului de participare \u015fi implicare a cet\u0103\u0163enilor \u00een procesul de dezvoltare de politici publice"},"content":{"rendered":"\n<p><strong>Agen\u0163ia executiv\u0103 european\u0103 pentru educa\u0163ie \u015fi cultur\u0103 de la Bruxelles (EACEA), mandatat\u0103 de c\u0103tre Comisia European\u0103, va deschide la 28 octombrie a.c. o finan\u0163are care vizeaz\u0103 cre\u015fterea gradului de participare \u015fi implicare a cet\u0103\u0163enilor \u00een procesul de dezvoltare de politici publice.<\/strong><\/p>\n\n\n\n<p>Programul CERV ofer\u0103 finan\u021bare pentru implicarea cet\u0103\u021benilor \u00een via\u0163a public\u0103, asigurarea egalit\u0103\u0163ii pentru to\u021bi \u0219i punerea \u00een aplicare a drepturilor \u0219i valorilor Uniunii Europene (UE). Obiectivul s\u0103u general este de a proteja \u0219i promova drepturile \u0219i valorile consacrate \u00een tratate, \u00een Carta drepturilor fundamentale a Uniunii Europene \u0219i \u00een conven\u021biile interna\u021bionale aplicabile privind drepturile omului. Aceast\u0103 cerere are ca scop sprijinirea proiectelor promovate de parteneriate \u0219i re\u021bele transna\u021bionale care implic\u0103 direct cet\u0103\u021benii.<\/p>\n\n\n\n<figure class=\"wp-block-table aligncenter\"><table><tbody><tr><td class=\"has-text-align-center\" data-align=\"center\">Buget<\/td><td class=\"has-text-align-center\" data-align=\"center\">Termen limit\u0103 de depunere a aplica\u021biilor<\/td><td class=\"has-text-align-center\" data-align=\"center\">Beneficiari<\/td><td class=\"has-text-align-center\" data-align=\"center\">Eligibilitate \u021b\u0103ri\/regiuni<\/td><\/tr><tr><td class=\"has-text-align-center\" data-align=\"center\"><strong>17.471.295 EUR<\/strong> <br>Se acord\u0103 <a href=\"https:\/\/ec.europa.eu\/info\/funding-tenders\/opportunities\/docs\/2021-2027\/cerv\/guidance\/ls-decision_cerv_en.pdf\" data-type=\"URL\" data-id=\"https:\/\/ec.europa.eu\/info\/funding-tenders\/opportunities\/docs\/2021-2027\/cerv\/guidance\/ls-decision_cerv_en.pdf\" target=\"_blank\" rel=\"noreferrer noopener\">sume forfetare<\/a> \u00een func\u0163ie de activit\u0103\u0163ile fiec\u0103rui proiect.<\/td><td class=\"has-text-align-center\" data-align=\"center\"><strong>10 februarie 2022<\/strong> ora 17:00 la Bruxelles<\/td><td class=\"has-text-align-center\" data-align=\"center\">&#8211; orice persoan\u0103 juridic\u0103 (organisme publice sau private) din statele participante la program; <br>&#8211; solicitan\u0163ii trebuie s\u0103 fie o organiza\u021bie privat\u0103 non-profit cu personalitate juridic\u0103 (spre exemplu, organiza\u021bii ale societ\u0103\u021bii civile, institu\u021bii educa\u021bionale, culturale sau de cercetare); <br>&#8211; partenerii pot fi o organiza\u021bie non-profit cu personalitate juridic\u0103 sau autorit\u0103\u021bi publice locale\/regionale.<\/td><td class=\"has-text-align-center\" data-align=\"center\">state membre ale UE, \u021b\u0101ri non-UE asociate la program<\/td><\/tr><\/tbody><\/table><\/figure>\n\n\n\n<p>Proiectele trebuie s\u0103 reuneasc\u0103 o gam\u0103 divers\u0103 de persoane din medii diferite \u00een activit\u0103\u021bi legate direct de politicile UE, oferindu-le oportunitatea de a participa activ la procesul de elaborare a politicilor publice comunitare \u00een domenii legate de obiectivele programului.<\/p>\n\n\n\n<p><strong>Tematici:<\/strong><\/p>\n\n\n\n<ul class=\"wp-block-list\"><li>alegerile pentru Parlamentul European din 2024;<\/li><li>modul \u00een care criza COVID-19 a afectat dezbaterea democratic\u0103 \u0219i exercitarea drepturilor fundamentale;<\/li><li>abord\u0103ri \u0219i instrumente democratice inovatoare (e-democra\u021bie);<\/li><li>combaterea dezinform\u0103rii \u0219i a altor forme de interferen\u021b\u0103 \u00een dezbaterea democratic\u0103;<\/li><li>discu\u021bii \u0219i ac\u021biuni legate de clim\u0103 \u0219i mediu.<\/li><\/ul>\n\n\n\n<p><strong>Se urm\u0103re\u0219te sprijinirea urm\u0103toarelor ini\u021biative politice:<\/strong><\/p>\n\n\n\n<ul class=\"wp-block-list\"><li><a href=\"https:\/\/ec.europa.eu\/info\/strategy\/priorities-2019-2024\/new-push-european-democracy\/european-democracy-action-plan_ro\" data-type=\"URL\" data-id=\"https:\/\/ec.europa.eu\/info\/strategy\/priorities-2019-2024\/new-push-european-democracy\/european-democracy-action-plan_ro\" target=\"_blank\" rel=\"noreferrer noopener\">Planul de ac\u021biune pentru democra\u021bie european\u0103,<\/a><\/li><li><a href=\"https:\/\/ec.europa.eu\/info\/sites\/default\/files\/eu_citizenship_report_2020_-_empowering_citizens_and_protecting_their_rights_en.pdf\" data-type=\"URL\" data-id=\"https:\/\/ec.europa.eu\/info\/sites\/default\/files\/eu_citizenship_report_2020_-_empowering_citizens_and_protecting_their_rights_en.pdf\" target=\"_blank\" rel=\"noreferrer noopener\">Raportul privind cet\u0103\u021benia UE 2020,<\/a><\/li><li><a href=\"https:\/\/ec.europa.eu\/info\/aid-development-cooperation-fundamental-rights\/your-rights-eu\/eu-charter-fundamental-rights\/application-charter\/eu-strategy-strengthen-application-charter_ro\" data-type=\"URL\" data-id=\"https:\/\/ec.europa.eu\/info\/aid-development-cooperation-fundamental-rights\/your-rights-eu\/eu-charter-fundamental-rights\/application-charter\/eu-strategy-strengthen-application-charter_ro\" target=\"_blank\" rel=\"noreferrer noopener\">Strategia de consolidare a aplic\u0103rii Cartei Drepturilor Fundamentale \u00een UE.<\/a><\/li><\/ul>\n\n\n\n<p><strong>Informa\u021bii suplimentare<\/strong>:<\/p>\n\n\n\n<ul class=\"wp-block-list\"><li>Candidaturile trebuie depuse pe platforma CE \u201e<a href=\"https:\/\/ec.europa.eu\/info\/funding-tenders\/opportunities\/portal\/screen\/opportunities\/topic-details\/cerv-2022-citizens-civ;callCode=null;freeTextSearchKeyword=;matchWholeText=true;typeCodes=1,0;statusCodes=31094501,31094502,31094503;programmePeriod=2021%20-%202027;programCcm2Id=43251589;programDivisionCode=null;focusAreaCode=null;destination=null;mission=null;geographicalZonesCode=null;programmeDivisionProspect=null;startDateLte=null;startDateGte=null;crossCuttingPriorityCode=null;cpvCode=null;performanceOfDelivery=null;sortQuery=sortStatus;orderBy=asc;onlyTenders=false;topicListKey=topicSearchTablePageState\" data-type=\"URL\" data-id=\"https:\/\/ec.europa.eu\/info\/funding-tenders\/opportunities\/portal\/screen\/opportunities\/topic-details\/cerv-2022-citizens-civ;callCode=null;freeTextSearchKeyword=;matchWholeText=true;typeCodes=1,0;statusCodes=31094501,31094502,31094503;programmePeriod=2021%20-%202027;programCcm2Id=43251589;programDivisionCode=null;focusAreaCode=null;destination=null;mission=null;geographicalZonesCode=null;programmeDivisionProspect=null;startDateLte=null;startDateGte=null;crossCuttingPriorityCode=null;cpvCode=null;performanceOfDelivery=null;sortQuery=sortStatus;orderBy=asc;onlyTenders=false;topicListKey=topicSearchTablePageState\" target=\"_blank\" rel=\"noreferrer noopener\">Funding and Tenders Opportunities\u201d.<\/a><\/li><li>Proiectele din cadrul acestei cereri trebuie s\u0103 fie transna\u021bionale.<\/li><li>Fiecare proiect trebuie s\u0103 implice organiza\u021bii din cel pu\u021bin trei \u021b\u0103ri eligibile diferite care particip\u0103 la program<\/li><li>Solicitan\u021bii pot depune mai multe propuneri pentru proiecte diferite \u00een cadrul acestei cereri \u015fi pot participa la mai multe propuneri diferite ca parteneri \u00een consor\u021biul proiectului.<\/li><li>Cererile trebuie s\u0103 fie redactate \u00eentr-una din limbile oficiale ale UE (Not\u0103: din motive de eficien\u021b\u0103, Comisia recomand\u0103 solicitan\u021bilor s\u0103 foloseasc\u0103 limba englez\u0103).<\/li><li>Durata proiectelor trebuie s\u0103 fie cuprins\u0103 \u00eentre 12 \u015fi 24 de luni.<\/li><li>Se \u00eencurajeaz\u0103 puternic implicarea autorit\u0103\u021bilor regionale, jude\u0163ene \u0219i locale, \u00een proiecte.<\/li><\/ul>\n","protected":false},"excerpt":{"rendered":"<p>Agen\u0163ia executiv\u0103 european\u0103 pentru educa\u0163ie \u015fi cultur\u0103 de la Bruxelles (EACEA), mandatat\u0103 de c\u0103tre Comisia European\u0103, va deschide la 28 octombrie a.c. o finan\u0163are care vizeaz\u0103 cre\u015fterea gradului de participare \u015fi implicare a cet\u0103\u0163enilor \u00een procesul de dezvoltare de politici publice. Programul CERV ofer\u0103 finan\u021bare pentru implicarea cet\u0103\u021benilor \u00een via\u0163a public\u0103, asigurarea egalit\u0103\u0163ii pentru to\u021bi [&hellip;]<\/p>\n","protected":false},"author":2,"featured_media":2647,"comment_status":"closed","ping_status":"closed","sticky":false,"template":"","format":"standard","meta":{"_et_pb_use_builder":"","_et_pb_old_content":"","_et_gb_content_width":"","footnotes":""},"categories":[19],"tags":[],"class_list":["post-2584","post","type-post","status-publish","format-standard","has-post-thumbnail","hentry","category-oportunitati-finantare-internationala"],"_links":{"self":[{"href":"https:\/\/uncjr.ro\/web\/wp-json\/wp\/v2\/posts\/2584","targetHints":{"allow":["GET"]}}],"collection":[{"href":"https:\/\/uncjr.ro\/web\/wp-json\/wp\/v2\/posts"}],"about":[{"href":"https:\/\/uncjr.ro\/web\/wp-json\/wp\/v2\/types\/post"}],"author":[{"embeddable":true,"href":"https:\/\/uncjr.ro\/web\/wp-json\/wp\/v2\/users\/2"}],"replies":[{"embeddable":true,"href":"https:\/\/uncjr.ro\/web\/wp-json\/wp\/v2\/comments?post=2584"}],"version-history":[{"count":1,"href":"https:\/\/uncjr.ro\/web\/wp-json\/wp\/v2\/posts\/2584\/revisions"}],"predecessor-version":[{"id":2586,"href":"https:\/\/uncjr.ro\/web\/wp-json\/wp\/v2\/posts\/2584\/revisions\/2586"}],"wp:featuredmedia":[{"embeddable":true,"href":"https:\/\/uncjr.ro\/web\/wp-json\/wp\/v2\/media\/2647"}],"wp:attachment":[{"href":"https:\/\/uncjr.ro\/web\/wp-json\/wp\/v2\/media?parent=2584"}],"wp:term":[{"taxonomy":"category","embeddable":true,"href":"https:\/\/uncjr.ro\/web\/wp-json\/wp\/v2\/categories?post=2584"},{"taxonomy":"post_tag","embeddable":true,"href":"https:\/\/uncjr.ro\/web\/wp-json\/wp\/v2\/tags?post=2584"}],"curies":[{"name":"wp","href":"https:\/\/api.w.org\/{rel}","templated":true}]}}