{"id":2576,"date":"2021-10-21T08:58:03","date_gmt":"2021-10-21T06:58:03","guid":{"rendered":"https:\/\/uncjr.ro\/web\/?p=2576"},"modified":"2022-03-03T15:07:19","modified_gmt":"2022-03-03T13:07:19","slug":"comisia-europeana-doreste-ca-2022-sa-fie-anul-european-al-tineretului","status":"publish","type":"post","link":"https:\/\/uncjr.ro\/web\/comisia-europeana-doreste-ca-2022-sa-fie-anul-european-al-tineretului\/","title":{"rendered":"Comisia European\u0103 dore\u0219te ca 2022 s\u0103 fie \u201eAnul European al Tineretului\u201d"},"content":{"rendered":"\n<p class=\"text-content-justify\">\u00cen urma anun\u021bului f\u0103cut de pre\u0219edinta von der Leyen \u00een<a rel=\"noreferrer noopener\" href=\"https:\/\/ec.europa.eu\/commission\/presscorner\/detail\/ro\/SPEECH_21_4701\" data-type=\"URL\" data-id=\"https:\/\/ec.europa.eu\/commission\/presscorner\/detail\/ro\/SPEECH_21_4701\" target=\"_blank\"> discursul s\u0103u din 2021<\/a> privind starea Uniunii, Comisia a adoptat pe 14 octombrie 2021 propunerea sa oficial\u0103 pentru desemnarea anului 2022 drept \u201eAnul European al Tineretului\u201d. Europa are nevoie de viziunea, angajamentul \u0219i participarea tuturor tinerilor pentru a construi un viitor mai bun care s\u0103 fie mai verde, mai favorabil incluziunii \u0219i mai digital. Prin aceast\u0103 propunere, Europa depune eforturi pentru a oferi tinerilor oportunit\u0103\u021bi mai multe \u0219i mai bune pentru viitor. Comisia public\u0103, de asemenea, cel mai recent <a rel=\"noreferrer noopener\" href=\"https:\/\/ec.europa.eu\/transparency\/documents-register\/detail?ref=COM(2021)636&amp;lang=en\" data-type=\"URL\" data-id=\"https:\/\/ec.europa.eu\/transparency\/documents-register\/detail?ref=COM(2021)636&amp;lang=en\" target=\"_blank\">raport al UE privind tineretul<\/a>, care ofer\u0103 o imagine de ansamblu asupra situa\u021biei tinerilor europeni din perspectiva educa\u021biei, form\u0103rii, \u00eenv\u0103\u021b\u0103rii, ocup\u0103rii for\u021bei de munc\u0103 \u0219i particip\u0103rii civice \u0219i politice.<\/p>\n\n\n\n<p>Prin intermediul \u201eAnului European al Tineretului\u201d, Comisia, \u00een cooperare cu Parlamentul European, cu statele membre, cu autorit\u0103\u021bile regionale \u0219i locale, precum \u0219i cu p\u0103r\u021bile interesate \u0219i tinerii \u00een\u0219i\u0219i inten\u021bioneaz\u0103:<\/p>\n\n\n\n<ul class=\"text-content-justify wp-block-list\"><li>s\u0103 onoreze \u0219i s\u0103 sprijine genera\u021bia care a f\u0103cut cele mai mari sacrificii \u00een timpul pandemiei, oferindu-le noi speran\u021be, for\u021b\u0103 \u0219i \u00eencredere \u00een viitor, prin eviden\u021bierea modului \u00een care tranzi\u021bia verde \u0219i cea digital\u0103 ofer\u0103 perspective \u0219i oportunit\u0103\u021bi re\u00eennoite;<\/li><li>s\u0103 \u00eencurajeze to\u021bi tinerii, \u00een special pe cei cu mai pu\u021bine oportunit\u0103\u021bi, pe cei proveni\u021bi din medii defavorizate, din zone rurale sau \u00eendep\u0103rtate sau care apar\u021bin unor grupuri vulnerabile, s\u0103 devin\u0103 cet\u0103\u021beni activi \u0219i actori ai schimb\u0103rii pozitive;<\/li><li>s\u0103 promoveze oportunit\u0103\u021bile oferite tinerilor de politicile UE, cu scopul de a sprijini dezvoltarea personal\u0103, social\u0103 \u0219i profesional\u0103 a acestora. \u201eAnul European al Tineretului\u201d va merge m\u00e2n\u0103 \u00een m\u00e2n\u0103 cu punerea \u00een aplicare cu succes a instrumentului <a rel=\"noreferrer noopener\" href=\"https:\/\/ec.europa.eu\/info\/strategy\/recovery-plan-europe_ro\" data-type=\"URL\" data-id=\"https:\/\/ec.europa.eu\/info\/strategy\/recovery-plan-europe_ro\" target=\"_blank\">NextGenerationEU<\/a> \u00een ceea ce prive\u0219te oferirea de locuri de munc\u0103, oportunit\u0103\u021bi \u00een materie de educa\u021bie \u0219i formare de calitate; precum \u0219i<\/li><li>s\u0103 se inspire din ac\u021biunile, viziunea \u0219i cuno\u0219tin\u021bele tinerilor pentru a consolida \u0219i a revigora \u00een continuare proiectul comun al UE, pe baza <a rel=\"noreferrer noopener\" href=\"https:\/\/futureu.europa.eu\/assemblies\/citizens-panels?locale=ro\" data-type=\"URL\" data-id=\"https:\/\/futureu.europa.eu\/assemblies\/citizens-panels?locale=ro\" target=\"_blank\">Conferin\u021bei privind viitorul Europei.<\/a><\/li><\/ul>\n\n\n\n<p><\/p>\n\n\n\n<p class=\"text-content-justify\">Comisia elaboreaz\u0103 \u00een prezent programul s\u0103u de activit\u0103\u021bi \u0219i toate p\u0103r\u021bile interesate vor fi invitate s\u0103 \u00ee\u0219i prezinte ideile \u0219i propunerile. \u00cen zilele urm\u0103toare va fi lansat un sondaj dedicat pe <a rel=\"noreferrer noopener\" href=\"https:\/\/europa.eu\/youth\/home_ro\" data-type=\"URL\" data-id=\"https:\/\/europa.eu\/youth\/home_ro\" target=\"_blank\">Portalul pentru tineret<\/a>. \u00cen colaborare cu alte institu\u021bii ale UE, cu statele membre, cu organiza\u021biile societ\u0103\u021bii civile \u0219i cu tinerii, Comisia va organiza pe tot parcursul anului o serie de activit\u0103\u021bi la nivel european, na\u021bional, regional \u0219i local \u0219i va lua \u00een considerare noi ini\u021biative. Domeniul de aplicare al activit\u0103\u021bilor va acoperi aspecte care afecteaz\u0103 \u00een principal tinerii, urm\u00e2nd priorit\u0103\u021bile eviden\u021biate de <a rel=\"noreferrer noopener\" href=\"https:\/\/youth-goals.eu\/\" data-type=\"URL\" data-id=\"https:\/\/youth-goals.eu\/\" target=\"_blank\">obiectivele pentru tineret<\/a>, cum ar fi egalitatea \u0219i incluziunea, sustenabilitatea, s\u0103n\u0103tatea mintal\u0103 \u0219i bun\u0103starea, precum \u0219i locurile de munc\u0103 de calitate. Acestea vor implica tineri din afara UE. Comisia le solicit\u0103 statelor membre s\u0103 desemneze c\u00e2te un coordonator na\u021bional responsabil cu organizarea particip\u0103rii lor la \u201eAnul European al Tineretului\u201d.<\/p>\n\n\n\n<p>Propunerea Comisiei va fi dezb\u0103tut\u0103 acum de Parlament \u0219i de Consiliu, \u021bin\u00e2ndu-se seama de avizul Comitetului Economic \u0219i Social European \u0219i al Comitetului Regiunilor. Se preconizeaz\u0103 c\u0103 evenimentele \u0219i activit\u0103\u021bile vor demara \u00een luna ianuarie.<\/p>\n\n\n\n<p class=\"text-content-justify\">Totodat\u0103, timp de cel pu\u021bin 8 s\u0103pt\u0103m\u00e2ni (15 octombrie \u2013 15 decembrie 2021), Comisia European\u0103 a deschis o perioad\u0103 de formulare de observa\u021bii accesibil\u0103 oric\u0103rui cet\u0103\u021bean european sau oric\u0103rei entit\u0103\u021bi interesate de subiect. Toate observa\u021biile primite vor fi sintetizate de c\u0103tre Comisie \u0219i prezentate Parlamentului European \u0219i Consiliului \u00een vederea integr\u0103rii acestora \u00een dezbaterea legislativ\u0103. Observa\u021biile primite vor fi publicate pe pagina de web oficial\u0103: \u201e<a rel=\"noreferrer noopener\" href=\"https:\/\/ec.europa.eu\/info\/law\/better-regulation\/have-your-say\/initiatives\/13234-Anul-european-al-tineretului-2022-_ro\" data-type=\"URL\" data-id=\"https:\/\/ec.europa.eu\/info\/law\/better-regulation\/have-your-say\/initiatives\/13234-Anul-european-al-tineretului-2022-_ro\" target=\"_blank\">Anul European al Tineretului\u201d (2022).<\/a><\/p>\n\n\n\n<p class=\"text-content-justify\">Anii Europeni au scopul este de a sensibiliza opinia public\u0103 fa\u021b\u0103 de anumite subiecte, de a \u00eencuraja dezbaterile \u0219i de a schimba mentalit\u0103\u021bi. \u00cen acest sens, deseori, proiectele locale, na\u021bionale \u0219i transfrontaliere care abordeaz\u0103 tema aleas\u0103 pentru anul respectiv beneficiaz\u0103 de finan\u021bare suplimentar\u0103. De asemenea, prin intermediul anilor europeni, institu\u021biile UE \u0219i guvernele na\u021bionale transmit un mesaj politic puternic \u0219i \u00ee\u0219i iau angajamentul de a \u021bine cont de tema \u00een cauz\u0103 \u00een elaborarea politicilor viitoare. \u00cen unele cazuri, Comisia European\u0103 poate propune o nou\u0103 legisla\u021bie \u00een domeniul respectiv. Anul 2021 a fost desemnat \u201eAnul European al c\u0103ilor ferate\u201d cu scopul de a promova moduri de transport ecologic \u0219i de a neutraliza criza climatic\u0103.<\/p>\n","protected":false},"excerpt":{"rendered":"<p>\u00cen urma anun\u021bului f\u0103cut de pre\u0219edinta von der Leyen \u00een discursul s\u0103u din 2021 privind starea Uniunii, Comisia a adoptat pe 14 octombrie 2021 propunerea sa oficial\u0103 pentru desemnarea anului 2022 drept \u201eAnul European al Tineretului\u201d. Europa are nevoie de viziunea, angajamentul \u0219i participarea tuturor tinerilor pentru a construi un viitor mai bun care s\u0103 [&hellip;]<\/p>\n","protected":false},"author":2,"featured_media":2577,"comment_status":"closed","ping_status":"closed","sticky":false,"template":"","format":"standard","meta":{"_et_pb_use_builder":"","_et_pb_old_content":"","_et_gb_content_width":"","footnotes":""},"categories":[6,5],"tags":[],"class_list":["post-2576","post","type-post","status-publish","format-standard","has-post-thumbnail","hentry","category-comunicat-de-presa","category-noutati"],"_links":{"self":[{"href":"https:\/\/uncjr.ro\/web\/wp-json\/wp\/v2\/posts\/2576","targetHints":{"allow":["GET"]}}],"collection":[{"href":"https:\/\/uncjr.ro\/web\/wp-json\/wp\/v2\/posts"}],"about":[{"href":"https:\/\/uncjr.ro\/web\/wp-json\/wp\/v2\/types\/post"}],"author":[{"embeddable":true,"href":"https:\/\/uncjr.ro\/web\/wp-json\/wp\/v2\/users\/2"}],"replies":[{"embeddable":true,"href":"https:\/\/uncjr.ro\/web\/wp-json\/wp\/v2\/comments?post=2576"}],"version-history":[{"count":2,"href":"https:\/\/uncjr.ro\/web\/wp-json\/wp\/v2\/posts\/2576\/revisions"}],"predecessor-version":[{"id":3124,"href":"https:\/\/uncjr.ro\/web\/wp-json\/wp\/v2\/posts\/2576\/revisions\/3124"}],"wp:featuredmedia":[{"embeddable":true,"href":"https:\/\/uncjr.ro\/web\/wp-json\/wp\/v2\/media\/2577"}],"wp:attachment":[{"href":"https:\/\/uncjr.ro\/web\/wp-json\/wp\/v2\/media?parent=2576"}],"wp:term":[{"taxonomy":"category","embeddable":true,"href":"https:\/\/uncjr.ro\/web\/wp-json\/wp\/v2\/categories?post=2576"},{"taxonomy":"post_tag","embeddable":true,"href":"https:\/\/uncjr.ro\/web\/wp-json\/wp\/v2\/tags?post=2576"}],"curies":[{"name":"wp","href":"https:\/\/api.w.org\/{rel}","templated":true}]}}