{"id":2327,"date":"2021-09-29T15:27:42","date_gmt":"2021-09-29T13:27:42","guid":{"rendered":"https:\/\/uncjr.ro\/web\/?p=2327"},"modified":"2022-03-03T15:07:45","modified_gmt":"2022-03-03T13:07:45","slug":"secretariatul-general-al-guvernului-demareaza-partea-a-doua-a-programului-promotorii-voluntariatului-in-romania-editia-a-ii-a","status":"publish","type":"post","link":"https:\/\/uncjr.ro\/web\/secretariatul-general-al-guvernului-demareaza-partea-a-doua-a-programului-promotorii-voluntariatului-in-romania-editia-a-ii-a\/","title":{"rendered":"Secretariatul General al Guvernului demareaz\u0103 partea a doua a Programului \u201ePromotorii Voluntariatului \u00een Rom\u00e2nia\u201d edi\u021bia a II-a"},"content":{"rendered":"\n<p class=\"text-content-justify\">Uniunea Na\u021bional\u0103 a Consiliilor Jude\u021bene din Rom\u00e2nia este printre partenerii oficiali ai Programului &nbsp;\u201ePromotorii Voluntariatului \u00een Rom\u00e2nia\u201d. Edi\u021bia a doua a programului, desf\u0103\u0219urat\u0103 \u00een perioada septembrie \u2013 noiembrie 2021 prevede \u0219ase videoconferin\u021be pe tema \u201eParteneriatele dintre organiza\u021biile neguvernamentale \u0219i autorit\u0103\u021bile publice locale, &nbsp;exemple de bun\u0103 practic\u0103 \u0219i propuneri de colaborare\u201d. Scopul acestor \u00eent\u00e2lniri virtuale este de a elabora un manual de bune practici privind voluntariatul.<\/p>\n\n\n\n<p class=\"text-content-justify\">Organiza\u021biile neguvernamentale au participat activ, valorific\u00e2nd nevoia de voluntariat ale colectivit\u0103\u021bilor locale, dar au ajutat \u0219i la opera\u021bionalizarea unor instrumente de lucru on-line pentru facilitarea utiliz\u0103rii resurselor de voluntariat pe plan local. \u00cen urma acestui program va fi evaluat\u0103 oportunitatea unor modific\u0103ri legislative \u00een domeniu, potrivit opiniilor transmise de organiza\u021biile respondente. Mai mult, manualul de bune practici elaborat de echipa Secretariatului General al Guvernului \u00een parteneriat cu organiza\u021biile promotor, dup\u0103 consultarea organiza\u021biilor neguvernamentale \u0219i a structurilor asociative ale autorit\u0103\u021bilor administra\u021biei publice locale, este programat a fi publicat \u00een noiembrie 2021.<\/p>\n\n\n\n<p class=\"text-content-justify\">\u00cen perioada aprilie &#8211;&nbsp; august 2021 au avut loc \u0219apte videoconferin\u021be regionale av\u00e2nd drept tem\u0103 central\u0103 optimizarea parteneriatului dintre administra\u021bia public\u0103 local\u0103 \u0219i organiza\u021biile neguvernamentale cu activitate de voluntariat. Videoconferin\u021bele au constituit o platform\u0103 de cunoa\u0219tere \u0219i dialog pentru identificarea \u0219i analizarea necesit\u0103\u021bilor \u0219i oportunit\u0103\u021bilor de colaborare\/sprijin reciproc \u00eentre autorit\u0103\u021bi \u0219i promotori. Temele de interes discutate au vizat: &nbsp;nevoia de educa\u021bie pentru voluntariat \u0219i necesitatea includerii activit\u0103\u021bilor de voluntariat in strategia de dezvoltare a jude\u021belor, rolul coordonatorului de voluntari, perfec\u021bionarea cadrului legislativ pentru voluntariat, necesitatea \u00eenfiin\u021b\u0103rii unor centrele de voluntariat la nivel de jude\u021b \u0219i rolul parteneriatelor dintre ONG \u0219i autorit\u0103\u021bile locale pentru sprijinirea activit\u0103\u021bilor \u00een domenii esen\u021biale precum asigurarea protec\u021biei sociale\/asisten\u021bei medicale, a nevoii de locuire decent\u0103 at\u00e2t \u00een mediul urban, c\u00e2t \u0219i \u00een mediul rural etc..<\/p>\n\n\n\n<p class=\"text-content-justify\">Programul \u201ePromotorii Voluntariatului din Rom\u00e2nia\u201d, edi\u021bia a II-a (2021) este organizat de &nbsp;<a href=\"https:\/\/sgg.gov.ro\/1\/educatia-pentru-voluntariat-si-includerea-voluntariatului-in-strategiile-locale-de-dezvoltare-principalele-teme-de-discutii-din-cadrul-programului-promotorii-voluntariatului-in-romania\/\" data-type=\"URL\" data-id=\"https:\/\/sgg.gov.ro\/1\/educatia-pentru-voluntariat-si-includerea-voluntariatului-in-strategiile-locale-de-dezvoltare-principalele-teme-de-discutii-din-cadrul-programului-promotorii-voluntariatului-in-romania\/\" target=\"_blank\" rel=\"noreferrer noopener\">Secretariatul General al Guvernului<\/a> av\u00e2nd drept obiectiv principal cre\u0219terea gradului de sus\u021binere a voluntariatului de c\u0103tre autorit\u0103\u021bile publice locale. 19 organiza\u021bii neguvernamentale au fost selectate \u00een calitate de \u201ePromotori ai Voluntariatului\u201d, parteneri oficiali ai programului fiind Asocia\u021bia Comunelor din Rom\u00e2nia (ACOR), Asocia\u021bia Ora\u0219elor din Rom\u00e2nia (AOR), Asocia\u021bia Municipiilor din Rom\u00e2nia (AMR) \u0219i Uniunea Na\u021bional\u0103 a Consiliilor Jude\u021bene din Rom\u00e2nia (UNCJR). Evenimentul care va marca \u00eenchiderea programului va avea loc \u00een data de 6 decembrie 2021, marc\u00e2nd totodat\u0103 Ziua Interna\u021bional\u0103 a Voluntariatului (5 decembrie) \u0219i va include acordarea unor diplome de merit organiza\u021biilor promotori din program.<\/p>\n","protected":false},"excerpt":{"rendered":"<p>Uniunea Na\u021bional\u0103 a Consiliilor Jude\u021bene din Rom\u00e2nia este printre partenerii oficiali ai Programului &nbsp;\u201ePromotorii Voluntariatului \u00een Rom\u00e2nia\u201d. Edi\u021bia a doua a programului, desf\u0103\u0219urat\u0103 \u00een perioada septembrie \u2013 noiembrie 2021 prevede \u0219ase videoconferin\u021be pe tema \u201eParteneriatele dintre organiza\u021biile neguvernamentale \u0219i autorit\u0103\u021bile publice locale, &nbsp;exemple de bun\u0103 practic\u0103 \u0219i propuneri de colaborare\u201d. Scopul acestor \u00eent\u00e2lniri virtuale este [&hellip;]<\/p>\n","protected":false},"author":2,"featured_media":2662,"comment_status":"closed","ping_status":"closed","sticky":false,"template":"","format":"standard","meta":{"_et_pb_use_builder":"","_et_pb_old_content":"","_et_gb_content_width":"","footnotes":""},"categories":[6,5],"tags":[],"class_list":["post-2327","post","type-post","status-publish","format-standard","has-post-thumbnail","hentry","category-comunicat-de-presa","category-noutati"],"_links":{"self":[{"href":"https:\/\/uncjr.ro\/web\/wp-json\/wp\/v2\/posts\/2327","targetHints":{"allow":["GET"]}}],"collection":[{"href":"https:\/\/uncjr.ro\/web\/wp-json\/wp\/v2\/posts"}],"about":[{"href":"https:\/\/uncjr.ro\/web\/wp-json\/wp\/v2\/types\/post"}],"author":[{"embeddable":true,"href":"https:\/\/uncjr.ro\/web\/wp-json\/wp\/v2\/users\/2"}],"replies":[{"embeddable":true,"href":"https:\/\/uncjr.ro\/web\/wp-json\/wp\/v2\/comments?post=2327"}],"version-history":[{"count":2,"href":"https:\/\/uncjr.ro\/web\/wp-json\/wp\/v2\/posts\/2327\/revisions"}],"predecessor-version":[{"id":3125,"href":"https:\/\/uncjr.ro\/web\/wp-json\/wp\/v2\/posts\/2327\/revisions\/3125"}],"wp:featuredmedia":[{"embeddable":true,"href":"https:\/\/uncjr.ro\/web\/wp-json\/wp\/v2\/media\/2662"}],"wp:attachment":[{"href":"https:\/\/uncjr.ro\/web\/wp-json\/wp\/v2\/media?parent=2327"}],"wp:term":[{"taxonomy":"category","embeddable":true,"href":"https:\/\/uncjr.ro\/web\/wp-json\/wp\/v2\/categories?post=2327"},{"taxonomy":"post_tag","embeddable":true,"href":"https:\/\/uncjr.ro\/web\/wp-json\/wp\/v2\/tags?post=2327"}],"curies":[{"name":"wp","href":"https:\/\/api.w.org\/{rel}","templated":true}]}}