{"id":2322,"date":"2021-09-29T09:35:20","date_gmt":"2021-09-29T07:35:20","guid":{"rendered":"https:\/\/uncjr.ro\/web\/?p=2322"},"modified":"2021-10-27T08:20:01","modified_gmt":"2021-10-27T06:20:01","slug":"romania-organizeaza-cinci-evenimente-secundare-side-event-in-cadrul-saptamanii-europene-a-regiunilor-si-oraselor","status":"publish","type":"post","link":"https:\/\/uncjr.ro\/web\/romania-organizeaza-cinci-evenimente-secundare-side-event-in-cadrul-saptamanii-europene-a-regiunilor-si-oraselor\/","title":{"rendered":"Rom\u00e2nia organizeaz\u0103 \u0219ase evenimente secundare (side event) \u00een cadrul \u201eS\u0103pt\u0103m\u00e2nii europene a regiunilor \u0219i ora\u0219elor\u201d"},"content":{"rendered":"\n<p>Pe l\u00e2ng\u0103 atelierele din cele patru zile ale \u201eS\u0103pt\u0103m\u00e2nii europene a regiunilor \u0219i ora\u0219elor\u201d, \u00een perioada 11 octombrie &#8211; 11 noiembrie 2021 vor fi 67 de evenimente secundare organizate de diferi\u021bi parteneri din Europa. \u021aara noastr\u0103 va sus\u021bine \u0219ase astfel de evenimente organizate de diferite structuri.<\/p>\n\n\n\n<p>Sesiunile de informare\/dialoguri sunt organizate de autorit\u0103\u021bi locale \u0219i jude\u021bene, de agen\u021bii de dezvoltare regional din Rom\u00e2nia, dar \u0219i delega\u021bia na\u021bional\u0103 a Rom\u00e2niei la Comitetul Regiunilor Europene (CoR). Toate sesiunile sunt organizate \u00een manier\u0103&nbsp;virtual\u0103&nbsp;dup\u0103 cum urmeaz\u0103:<\/p>\n\n\n\n<div class=\"wp-block-group is-layout-flow wp-block-group-is-layout-flow\">\n<ul class=\"wp-block-list\" type=\"1\"><li>Organizator:&nbsp;<strong>Consiliul jude\u021bean Sibiu<\/strong><\/li><\/ul>\n\n\n\n<p>\u201eGrowing green: nurturing local initiatives in a changing environment\u201d<\/p>\n\n\n\n<p>Data: 12 octombrie 2021, ora 10:00 &#8211; 12:30 CET<\/p>\n\n\n\n<ul class=\"wp-block-list\"><li>Organizator:&nbsp;<strong>Municipiul Baia Mare<\/strong><\/li><\/ul>\n\n\n\n<p>\u201eSocial Impact Bonds &#8211; a tool for involving private capital in social actions\u201d<\/p>\n\n\n\n<p>Data<strong>:&nbsp;<\/strong>12 octombrie 2021, ora 14:00 &#8211; 15:00 CET<\/p>\n\n\n\n<ul class=\"wp-block-list\"><li>Organizator:&nbsp;<strong>Delega\u021bia Na\u021bional\u0103 a Rom\u00e2niei la Comitetul European al Regiunilor<\/strong><\/li><\/ul>\n\n\n\n<p>\u201eSustainable tourism: cohesion and green jobs in Europe\u2019s mountains\u201d\u201d<\/p>\n\n\n\n<p>Data: 19 octombrie 2021, ora 14:00 &#8211; 17:00 CET<\/p>\n\n\n\n<ul class=\"wp-block-list\"><li>Organizator<strong>:&nbsp;&nbsp;Consiliul Jude\u021bean Harghita<\/strong><\/li><\/ul>\n\n\n\n<p>&nbsp;\u201e#NoTaboos \u2013 What is for the communities in extreme poverty in the EU?\u201d<\/p>\n\n\n\n<p>Data<strong>:\u00a0<\/strong>28 octombrie 2021, ora 13:00 CET<\/p>\n\n\n\n<ul class=\"wp-block-list\"><li>Organizator<strong>:&nbsp;Agen\u021bia de dezvoltare regional\u0103 Bucure\u015fti-Ilfov (ADRBI)<\/strong><\/li><\/ul>\n\n\n\n<p>\u201ePriorities of the Regional Operational Programme in the Bucharest-Ilfov Region 2021-2027\u201d<\/p>\n\n\n\n<p>Data<strong>:&nbsp;<\/strong>03 noiembrie 2021, ora 11:00 &#8211; 12:30 CET<\/p>\n\n\n\n<ul class=\"wp-block-list\"><li>Organizator<strong>:&nbsp;Agen\u021bia de dezvoltare regional\u0103 Nord-Est<\/strong><\/li><\/ul>\n\n\n\n<p>\u201eMaking the digital transition work for both public and private sectors\u201d<\/p>\n\n\n\n<p>Data<strong>:&nbsp;<\/strong>04 noiembrie 2021, ora 09:00 &#8211; 10:30 CET<\/p>\n\n\n\n<p><\/p>\n\n\n\n<p>Cei care doresc s\u0103 participe pot ob\u021bine mai multe detalii <a rel=\"noreferrer noopener\" href=\"https:\/\/europa.eu\/regions-and-cities\/side-events\/list_en?_cldee=YnJ1eGVsbGVzQHVuY2pyLm9yZw%3D%3D&amp;recipientid=contact-43ddb3b57185e61180dc005056a0542b-fb37c71e192d40f19d23191a87a516f7&amp;esid=bd8e52ae-561c-ec11-8118-005056a043ea\" data-type=\"URL\" data-id=\"https:\/\/europa.eu\/regions-and-cities\/side-events\/list_en?_cldee=YnJ1eGVsbGVzQHVuY2pyLm9yZw%3D%3D&amp;recipientid=contact-43ddb3b57185e61180dc005056a0542b-fb37c71e192d40f19d23191a87a516f7&amp;esid=bd8e52ae-561c-ec11-8118-005056a043ea\" target=\"_blank\">aici<\/a>.<\/p>\n\n\n\n<p><\/p>\n<\/div>\n\n\n\n<h5 class=\"wp-block-heading\">Ce este un eveniment secundar (side event) din cadrul \u201eS\u0103pt\u0103m\u00e2nii europene a regiunilor \u0219i ora\u0219elor\u201d?<\/h5>\n\n\n\n<p>Un&nbsp;eveniment secundar&nbsp;este o ini\u021biativ\u0103 online organizat\u0103 sub form\u0103 de dialog local sau sesiune de informare propus\u0103 \u0219i coordonat\u0103 de diferi\u021bi parteneri din Europa. Aceste evenimente sunt conectate la \u201eS\u0103pt\u0103m\u00e2na european\u0103 a regiunilor \u0219i ora\u0219elor\u201d 2021 datorit\u0103 priorit\u0103\u021bilor sale tematice (tranzi\u021bie verde, coeziune, tranzi\u021bie digital\u0103, angajamentul cet\u0103\u021benilor. Evenimentele secundare nu fac parte din programul oficial de patru zile al \u201eS\u0103pt\u0103m\u00e2nii europene a regiunilor \u0219i ora\u0219elor\u201d, dar pot fi organizate \u00een perioada&nbsp;<strong>11 octombrie \u2013 11 noiembrie 2021<\/strong>&nbsp;ca parte a unui program dedicat cu prioritatea din acest an pentru a contribui la Conferin\u021ba privind viitorul Europa (CoFoE)<\/p>\n","protected":false},"excerpt":{"rendered":"<p>Pe l\u00e2ng\u0103 atelierele din cele patru zile ale \u201eS\u0103pt\u0103m\u00e2nii europene a regiunilor \u0219i ora\u0219elor\u201d, \u00een perioada 11 octombrie &#8211; 11 noiembrie 2021 vor fi 67 de evenimente secundare organizate de diferi\u021bi parteneri din Europa. \u021aara noastr\u0103 va sus\u021bine \u0219ase astfel de evenimente organizate de diferite structuri. Sesiunile de informare\/dialoguri sunt organizate de autorit\u0103\u021bi locale \u0219i [&hellip;]<\/p>\n","protected":false},"author":2,"featured_media":2323,"comment_status":"closed","ping_status":"closed","sticky":false,"template":"","format":"standard","meta":{"_et_pb_use_builder":"","_et_pb_old_content":"","_et_gb_content_width":"","footnotes":""},"categories":[6,14,5],"tags":[],"class_list":["post-2322","post","type-post","status-publish","format-standard","has-post-thumbnail","hentry","category-comunicat-de-presa","category-evenimente","category-noutati"],"_links":{"self":[{"href":"https:\/\/uncjr.ro\/web\/wp-json\/wp\/v2\/posts\/2322","targetHints":{"allow":["GET"]}}],"collection":[{"href":"https:\/\/uncjr.ro\/web\/wp-json\/wp\/v2\/posts"}],"about":[{"href":"https:\/\/uncjr.ro\/web\/wp-json\/wp\/v2\/types\/post"}],"author":[{"embeddable":true,"href":"https:\/\/uncjr.ro\/web\/wp-json\/wp\/v2\/users\/2"}],"replies":[{"embeddable":true,"href":"https:\/\/uncjr.ro\/web\/wp-json\/wp\/v2\/comments?post=2322"}],"version-history":[{"count":2,"href":"https:\/\/uncjr.ro\/web\/wp-json\/wp\/v2\/posts\/2322\/revisions"}],"predecessor-version":[{"id":2588,"href":"https:\/\/uncjr.ro\/web\/wp-json\/wp\/v2\/posts\/2322\/revisions\/2588"}],"wp:featuredmedia":[{"embeddable":true,"href":"https:\/\/uncjr.ro\/web\/wp-json\/wp\/v2\/media\/2323"}],"wp:attachment":[{"href":"https:\/\/uncjr.ro\/web\/wp-json\/wp\/v2\/media?parent=2322"}],"wp:term":[{"taxonomy":"category","embeddable":true,"href":"https:\/\/uncjr.ro\/web\/wp-json\/wp\/v2\/categories?post=2322"},{"taxonomy":"post_tag","embeddable":true,"href":"https:\/\/uncjr.ro\/web\/wp-json\/wp\/v2\/tags?post=2322"}],"curies":[{"name":"wp","href":"https:\/\/api.w.org\/{rel}","templated":true}]}}