{"id":2003,"date":"2021-09-15T11:04:00","date_gmt":"2021-09-15T09:04:00","guid":{"rendered":"https:\/\/uncjr.ro\/web\/?p=2003"},"modified":"2025-01-27T15:36:25","modified_gmt":"2025-01-27T13:36:25","slug":"uncjr-va-invita-la-dezbaterea-europeana-e-democratie-oportunitati-si-provocari-pentru-administratiile-judetene","status":"publish","type":"post","link":"https:\/\/uncjr.ro\/web\/uncjr-va-invita-la-dezbaterea-europeana-e-democratie-oportunitati-si-provocari-pentru-administratiile-judetene\/","title":{"rendered":"UNCJR v\u0103 invit\u0103 la dezbaterea european\u0103 \u201eE-democra\u021bie \u2013 oportunit\u0103\u021bi \u015fi provoc\u0103ri pentru administra\u021biile jude\u021bene\u201d"},"content":{"rendered":"\n<p>Uniunea Na\u021bional\u0103 a Consiliilor Jude\u021bene din Rom\u00e2nia (UNCJR), al\u0103turi de partenerii s\u0103i din Confedera\u021bia European\u0103 a Puterilor Locale de nivel Intermediar (CEPLI), v\u0103 invit\u0103 s\u0103 participa\u021bi la dezbaterea european\u0103 \u201eE-democra\u021bie \u2013 oportunit\u0103\u021bi \u015fi provoc\u0103ri pentru administra\u021biile jude\u021bene\u201d (autorit\u0103\u021bi locale de nivel intermediar). Evenimentul are loc care \u00een cadrul \u201eS\u0103pt\u0103m\u00e2nii europene a regiunilor \u015fi ora\u015felor\u201d (EWRC), edi\u021bia a 19-a, la data de 13 octombrie 2021.<\/p>\n\n\n\n<p>Dezbaterea va avea loc online de la ora 16:30 (ora de la Bruxelles) \u0219i va aborda importan\u021ba digitaliz\u0103rii serviciilor cu scopul de a reduce emisiile de dioxid de carbon. Atelierul va explora bunele practici \u0219i va dezvolta \u00eempreun\u0103 propuneri pentru \u00eembun\u0103t\u0103\u021birea practicilor de democra\u021bie electronic\u0103 la nivel local, pentru a permite cet\u0103\u021benilor s\u0103 fie implica\u021bi direct \u00een procesele de luare a deciziilor \u0219i pentru a utiliza c\u00e2t mai bine Fondurile structurale \u0219i de investi\u021bii europene (ESI) pentru a sprijini introducerea de servicii electronice inovatoare.<\/p>\n\n\n\n<p><\/p>\n\n\n\n<div class=\"wp-block-image\"><figure class=\"aligncenter size-full\"><img loading=\"lazy\" decoding=\"async\" width=\"720\" height=\"480\" src=\"https:\/\/uncjr.ro\/web\/wp-content\/uploads\/15SEP2021_img_01.jpg\" alt=\"\" class=\"wp-image-2460\" srcset=\"https:\/\/uncjr.ro\/web\/wp-content\/uploads\/15SEP2021_img_01.jpg 720w, https:\/\/uncjr.ro\/web\/wp-content\/uploads\/15SEP2021_img_01-480x320.jpg 480w\" sizes=\"(min-width: 0px) and (max-width: 480px) 480px, (min-width: 481px) 720px, 100vw\" \/><figcaption>Doritorii se pot \u00eenscrie acces\u00e2nd linkul: <a rel=\"noreferrer noopener\" href=\"https:\/\/bit.ly\/3hz4cFu\" target=\"_blank\">https:\/\/bit.ly\/3hz4cFu<\/a>.<\/figcaption><\/figure><\/div>\n\n\n\n<p><\/p>\n\n\n\n<p>\u201e<a rel=\"noreferrer noopener\" href=\"https:\/\/europa.eu\/regions-and-cities\/\" target=\"_blank\">S\u0103pt\u0103m\u00e2na european\u0103 a regiunilor \u015fi ora\u015felor<\/a>\u201d este cea mai mare manifestare organizat\u0103 de Comisia European\u0103 \u015fi Comitetul European al Regiunilor dedicat\u0103 politicii regionale \u015fi urbane \u015fi, implicit, ini\u021biativelor locale favorabile unei dezvolt\u0103ri sustenabile \u00een folosul comunit\u0103\u021bilor \u015fi al cet\u0103\u021benilor. Temele discutate \u00een aceast\u0103 edi\u021bie sunt: <strong>Coeziune<\/strong>: de la urgen\u021b\u0103 la rezisten\u021b\u0103; <strong>Tranzi\u021bie verde<\/strong>: pentru o recuperare durabil\u0103 \u0219i ecologic\u0103; <strong>Tranzi\u021bie digital\u0103<\/strong> pentru oameni \u0219i <strong>Angajamentul cet\u0103\u021benilor<\/strong> pentru o recuperare incluziv\u0103, participativ\u0103 \u0219i echitabil\u0103. Edi\u021bia cu num\u0103rul al 19-lea va debuta pe data de 11 octombrie 2021 \u0219i va avea 300 de sesiuni dedicate celor patru teme.<\/p>\n\n\n\n<p>Programul din acest an, sub titlul \u201e&nbsp;\u00cempreun\u0103 pentru redresare\u201d, se axeaz\u0103 pe capacitatea Uniunii Europene (UE) \u0219i a guvernelor na\u021bionale \u0219i regionale de a sprijini cet\u0103\u021benii europeni \u0219i comunit\u0103\u021bile lor locale cu m\u0103suri practice \u0219i politici publice care vizeaz\u0103 investi\u021biile \u00eentr-un mediu mai echitabil, mai ecologic \u0219i mai viitor digital pentru recuperare.&nbsp;\u00cen acest sens, noua politic\u0103 de coeziune \u0219i noua genera\u021bie de programe ale UE pentru 2021-2027, precum \u0219i instrumentele financiare ale UE pentru abordarea crizei COVID-19, vor fi esen\u021biale \u00een cadrul evenimentului 2021.&nbsp;#EURegionsWeek va servi, de asemenea, ca o platform\u0103 pentru promovarea dezbaterii \u00een curs privind democra\u021bia \u0219i implicarea cet\u0103\u021benilor \u00een viitorul Europei. &nbsp;<\/p>\n\n\n\n<p>\u201eS\u0103pt\u0103m\u00e2na european\u0103 a regiunilor \u0219i ora\u0219elor\u201d a luat na\u0219tere \u00een anul 2003 sub numele de \u201eZiua por\u021bilor deschise\u201d. &nbsp;De atunci \u00een fiecare an Comitetul European al Regiunilor, Adunarea UE a reprezentan\u021bilor locali \u0219i regionali, a invitat reprezentan\u021bele locale \u0219i regionale la Uniunea European\u0103 cu sediul la Bruxelles s\u0103 discute pe teme de interes comun. Din anul 2016 evenimentul \u0219i-a schimbat numele pentru a evita confuzia cu evenimentul anual \u201eOpen Doors\/Open Days&#8221; (\u201eZiua por\u021bilor deschise&#8221;), organizat \u00een luna mai de toate institu\u021biile UE \u00een apropierea Zilei Europei, dar \u0219i cu evenimente similare organizate de reprezentan\u021bele Comisiei \u00een statele membre cu aceea\u0219i ocazie.<\/p>\n","protected":false},"excerpt":{"rendered":"<p>Uniunea Na\u021bional\u0103 a Consiliilor Jude\u021bene din Rom\u00e2nia (UNCJR), al\u0103turi de partenerii s\u0103i din Confedera\u021bia European\u0103 a Puterilor Locale de nivel Intermediar (CEPLI), v\u0103 invit\u0103 s\u0103 participa\u021bi la dezbaterea european\u0103 \u201eE-democra\u021bie \u2013 oportunit\u0103\u021bi \u015fi provoc\u0103ri pentru administra\u021biile jude\u021bene\u201d (autorit\u0103\u021bi locale de nivel intermediar). Evenimentul are loc care \u00een cadrul \u201eS\u0103pt\u0103m\u00e2nii europene a regiunilor \u015fi ora\u015felor\u201d (EWRC), [&hellip;]<\/p>\n","protected":false},"author":2,"featured_media":2460,"comment_status":"closed","ping_status":"closed","sticky":false,"template":"","format":"standard","meta":{"_et_pb_use_builder":"","_et_pb_old_content":"","_et_gb_content_width":"","footnotes":""},"categories":[6,14],"tags":[],"class_list":["post-2003","post","type-post","status-publish","format-standard","has-post-thumbnail","hentry","category-comunicat-de-presa","category-evenimente"],"_links":{"self":[{"href":"https:\/\/uncjr.ro\/web\/wp-json\/wp\/v2\/posts\/2003","targetHints":{"allow":["GET"]}}],"collection":[{"href":"https:\/\/uncjr.ro\/web\/wp-json\/wp\/v2\/posts"}],"about":[{"href":"https:\/\/uncjr.ro\/web\/wp-json\/wp\/v2\/types\/post"}],"author":[{"embeddable":true,"href":"https:\/\/uncjr.ro\/web\/wp-json\/wp\/v2\/users\/2"}],"replies":[{"embeddable":true,"href":"https:\/\/uncjr.ro\/web\/wp-json\/wp\/v2\/comments?post=2003"}],"version-history":[{"count":2,"href":"https:\/\/uncjr.ro\/web\/wp-json\/wp\/v2\/posts\/2003\/revisions"}],"predecessor-version":[{"id":2465,"href":"https:\/\/uncjr.ro\/web\/wp-json\/wp\/v2\/posts\/2003\/revisions\/2465"}],"wp:featuredmedia":[{"embeddable":true,"href":"https:\/\/uncjr.ro\/web\/wp-json\/wp\/v2\/media\/2460"}],"wp:attachment":[{"href":"https:\/\/uncjr.ro\/web\/wp-json\/wp\/v2\/media?parent=2003"}],"wp:term":[{"taxonomy":"category","embeddable":true,"href":"https:\/\/uncjr.ro\/web\/wp-json\/wp\/v2\/categories?post=2003"},{"taxonomy":"post_tag","embeddable":true,"href":"https:\/\/uncjr.ro\/web\/wp-json\/wp\/v2\/tags?post=2003"}],"curies":[{"name":"wp","href":"https:\/\/api.w.org\/{rel}","templated":true}]}}