{"id":196,"date":"2021-03-24T21:54:00","date_gmt":"2021-03-24T19:54:00","guid":{"rendered":"https:\/\/uncjr.ro\/web\/?p=196"},"modified":"2021-06-10T22:57:14","modified_gmt":"2021-06-10T20:57:14","slug":"ziua-portilor-deschise-la-institutiile-europene","status":"publish","type":"post","link":"https:\/\/uncjr.ro\/web\/ziua-portilor-deschise-la-institutiile-europene\/","title":{"rendered":"Ziua por\u021bilor deschise la institu\u021biile europene"},"content":{"rendered":"\n<p>Ca \u00een fiecare an, Comitetul European al Regiunilor (CoR) lanseaz\u0101 cererea pentru contribu\u021bii \u00een vederea particip\u0101rii la ini\u021biativa \u201eOpen Doors\u201d.\u00a0<\/p>\n\n\n\n<p>\u00cen cadrul acestei\u00a0ini\u021biative,\u00a0consiliile jude\u021bene au o vast\u0101 experien\u021b\u0101 \u00een trecut, particip\u00e2nd cu standuri de promovare a tradi\u021biilor \u015fi specificit\u0101\u021bii regiunii lor. \u00cencep\u00e2nd cu 2006, numeroase candidaturi ale membrilor UNCJR au primit evalu\u0101ri favorabile din partea organizatorilor (CoR) \u015fi au de\u015ff\u0101\u015furat, \u00een acest sens, diverse ac\u021biuni cu impact \u00een capitala european\u0101.\u00a0<\/p>\n\n\n\n<p>Dup\u0101 cum deja echipa UNCJR de la Bruxelles a informat anul trecut, \u00een contextul crizei sanitare prin care Europa trece, \u201eOpen Doors\u201d a devenit o ac\u021biune digitalizat\u0101, desf\u0101\u015fur\u00e2ndu-se \u00een variant\u0101 virtual\u0101 \u015fi prin comunicare cu ajutorul mediei sociale.\u00a0Vineri, 12 martie a.c., Comitetul European al Regiunilor a lansat\u00a0\u00a0\u201eZiua por\u021bilor deschise la institu\u021biile europene\u201d\u00a0edi\u021bia\u00a02021, manifestare care va avea loc chiar de Ziua Europei, la 9 mai a.c.,\u00a0dat\u0101 care celebreaz\u0101 \u201eDeclara\u021bia Schuman\u201d &#8211; punctul de plecare al Uniunii Europene pe care o cunoa\u015ftem \u00een prezent; ini\u021biativa \u00ee\u015fi propune, de asemenea, \u015fi o sensibilizare a cet\u0103\u021benilor europeni cu privire la proiectul comunitar.\u00a0<\/p>\n\n\n\n<p>Comitetul European al Regiunilor particip\u0103 la Ziua Europei 2021 \u00eempreun\u0103 cu celelalte institu\u021bii ale UE \u0219i invit\u0101 regiunile, jude\u021bele \u015fi ora\u015fele care au birouriregionale, \u00een calitate de\u00a0parteneri-cheie, s\u0101 i se al\u0101ture \u015fi s\u0103 participe la acest eveniment.\u00a0\u00cen acest scop,\u00a0se solicita regiunilor, jude\u021belor \u0219i ora\u0219elor interesate s\u0103 furnizeze informa\u021bii\u00a0despre zona lor (criteriile sunt explicate mai jos), acestea urm\u00e2nd a fi folosite pe canalele de socializare ale CoR pentru a \u00eembun\u0103t\u0103\u021bi participarea digital\u0103.\u00a0<\/p>\n\n\n\n<p>Ce presupune candidatura pentru participare:\u00a0<\/p>\n\n\n\n<ol class=\"wp-block-list\"><li>Fotografii: Se solicit\u0101 furnizarea a 3-5 fotografii reprezentative de \u00eenalt\u0103 calitate care arat\u0101 un aspect tradi\u021bional pentru regiunea\/jude\u021bul\/ora\u0219ul respectiv (de exemplu, peisaje, cl\u0103diri, gastronomie, costume, dansuri, o carte scris\u0103 de un autor regional, un produs fabricat \u00een ora\u0219ul sau zona respectiv\u0101, c\u00e2mpuri de sare de mare, vin\u0103rii, mori de v\u00e2nt, etc.).\u00a0Fotografiile ar trebui s\u0103 permit\u0103 publicului s\u0103 recunoasc\u0103 \u0219i s\u0103 ghiceasc\u0103 regiunea\/ora\u0219ul cu care pot fi asociate imaginile, f\u0101r\u0101 ca asocierea s\u0101 fie foarte evident\u0101. Se sugereaz\u0101 selectarea fotografiilor cu un nivel de dificultate degresiv (de la dificil la u\u0219or) pentru a se ghici ce regiune\/ jude\u021b\/ora\u0219 reprezint\u0103. Aceast\u0101 ini\u021biativ\u0101 este, de asemenea, o oportunitate de promovare local\u0101, \u00een special pentru acele teritorii sau comunit\u0101\u021bi care nu sunt foarte celebre sau sunt cunoscute doar local.\u00a0Cerin\u021be pentru fotografie: f\u0103r\u0103 drepturi de autor, rezolu\u021bie \u00eenalt\u0103, orientare orizontal\u0103. Fotografiile selectate vor fi folosite pentru post\u0103rile de pe re\u021belele de socializare \u00een zilele urm\u0103toare, \u00een timpul \u0219i dup\u0103 9 mai. Acestea vor fi prezentate \u00eentr-un \u201ecarusel\u201d, variind de la greu la u\u0219or de ghicit, pentru a permite publicului interesat s\u0103 ghiceasc\u0103 ce regiune sau ora\u0219 reprezint\u0103. Dup\u0103 ultima fotografie prezentat\u0101, regiunea\/jude\u021bul\/ora\u0219ul \u00een cauz\u0103 trebuie s\u0101 fie descoperit\/\u0103.\u00a0<\/li><li>Text: Un paragraf va fi plasat dup\u0103 ultima fotografie pentru a \u00eenso\u021bi numele descoperit al regiunii\/jude\u021bului\/ora\u0219ului respectiv. CoR solicit\u0101, a\u015fadar, \u015fi un text complet redactat (f\u0103r\u0103 puncte de paragraf (\u201ebullet points\u201d), maximum 500 de caractere cu spa\u021bii), care prezint\u0103 regiunea, jude\u021bul sau ora\u0219ul, cu accent\u00a0pe comunitate \u0219i\/sau parteneriat cu alte regiuni\/jude\u021be\/ ora\u0219e. De asemenea, textul ar trebui\u00a0s\u0103 includ\u0103 un r\u0103spuns la cel pu\u021bin una dintre cele 2 \u00eentreb\u0103ri de mai jos. Participan\u021bii sunt ruga\u021bi s\u0103 evite jargonul UE \u0219i s\u0103 \u021bin\u0101 cont c\u0103 acest text este destinat publicului larg.\u00a0<br>a) Ce valoare ad\u0103ugat\u0103 aduce UE regiunii\/jude\u021bului\/ora\u0219ului dumneavoastr\u0101?\u00a0<br>b) Ce face Europa s\u0103 fie regiunea noastr\u0103 (comun\u0103)?\u00a0<\/li><li>Numele regiunii\/ jude\u021bului\/ora\u0219ului \u0219i \u021b\u0103rii\u00a0<\/li><li>Numele institu\u021biei\/organismului participant<\/li><li>Persoana de contact (nume, prenume, e-mail, num\u0103r de telefon)\u00a0<\/li><\/ol>\n\n\n\n<p>Entit\u0101\u021bile interesate s\u0101 participe sunt rugate s\u0101 se al\u0101ture ini\u021biativei printr-un\u00a0<a href=\"about:blank\">e-mail<\/a>\u00a0de r\u0101spuns, transmi\u021b\u00e2nd informa\u021biile solicitate, p\u00e2n\u0103 la\u00a0<strong>31 martie 2021<\/strong>.<\/p>\n","protected":false},"excerpt":{"rendered":"<p>Ca \u00een fiecare an, Comitetul European al Regiunilor (CoR) lanseaz\u0101 cererea pentru contribu\u021bii \u00een vederea particip\u0101rii la ini\u021biativa \u201eOpen Doors\u201d.\u00a0 \u00cen cadrul acestei\u00a0ini\u021biative,\u00a0consiliile jude\u021bene au o vast\u0101 experien\u021b\u0101 \u00een trecut, particip\u00e2nd cu standuri de promovare a tradi\u021biilor \u015fi specificit\u0101\u021bii regiunii lor. \u00cencep\u00e2nd cu 2006, numeroase candidaturi ale membrilor UNCJR au primit evalu\u0101ri favorabile din partea [&hellip;]<\/p>\n","protected":false},"author":2,"featured_media":197,"comment_status":"closed","ping_status":"closed","sticky":false,"template":"","format":"standard","meta":{"_et_pb_use_builder":"","_et_pb_old_content":"","_et_gb_content_width":"","footnotes":""},"categories":[5],"tags":[],"class_list":["post-196","post","type-post","status-publish","format-standard","has-post-thumbnail","hentry","category-noutati"],"_links":{"self":[{"href":"https:\/\/uncjr.ro\/web\/wp-json\/wp\/v2\/posts\/196","targetHints":{"allow":["GET"]}}],"collection":[{"href":"https:\/\/uncjr.ro\/web\/wp-json\/wp\/v2\/posts"}],"about":[{"href":"https:\/\/uncjr.ro\/web\/wp-json\/wp\/v2\/types\/post"}],"author":[{"embeddable":true,"href":"https:\/\/uncjr.ro\/web\/wp-json\/wp\/v2\/users\/2"}],"replies":[{"embeddable":true,"href":"https:\/\/uncjr.ro\/web\/wp-json\/wp\/v2\/comments?post=196"}],"version-history":[{"count":0,"href":"https:\/\/uncjr.ro\/web\/wp-json\/wp\/v2\/posts\/196\/revisions"}],"wp:featuredmedia":[{"embeddable":true,"href":"https:\/\/uncjr.ro\/web\/wp-json\/wp\/v2\/media\/197"}],"wp:attachment":[{"href":"https:\/\/uncjr.ro\/web\/wp-json\/wp\/v2\/media?parent=196"}],"wp:term":[{"taxonomy":"category","embeddable":true,"href":"https:\/\/uncjr.ro\/web\/wp-json\/wp\/v2\/categories?post=196"},{"taxonomy":"post_tag","embeddable":true,"href":"https:\/\/uncjr.ro\/web\/wp-json\/wp\/v2\/tags?post=196"}],"curies":[{"name":"wp","href":"https:\/\/api.w.org\/{rel}","templated":true}]}}