{"id":179,"date":"2021-03-01T18:03:00","date_gmt":"2021-03-01T18:03:00","guid":{"rendered":"https:\/\/uncjr.ro\/web\/?p=179"},"modified":"2025-01-27T15:35:58","modified_gmt":"2025-01-27T13:35:58","slug":"a-14-a-editie-a-concursului-regiostars","status":"publish","type":"post","link":"https:\/\/uncjr.ro\/web\/a-14-a-editie-a-concursului-regiostars\/","title":{"rendered":"A 14-a edi\u021bie a concursului REGIOSTARS"},"content":{"rendered":"\n<p>Comisia European\u0103 a deschis cea de-a 14-a edi\u021bie a concursului s\u0103u emblematic REGIOSTARS, care premiaz\u0103 \u00een fiecare an cele mai bune proiecte finan\u021bate \u00een cadrul politicii de coeziune.<\/p>\n\n\n\n<p>Beneficiarii tuturor proiectelor finan\u021bate de politica de coeziune a UE sunt \u00eencuraja\u021bi s\u0103 depun\u0103 cererea pentru cinci categorii tematice:<br>\u2014 \u201eEuropa inteligent\u0103: cre\u0219terea competitivit\u0103\u021bii \u00eentreprinderilor locale \u00eentr-o lume digital\u0103\u201d;<br>\u2014 \u201eEuropa verde: comunit\u0103\u021bi verzi \u0219i rezistente \u00een mediul rural \u0219i urban\u201d;<br>\u2014 \u201eEuropa echitabil\u0103: \u00eencurajarea incluziunii \u0219i a combaterii discrimin\u0103rii\u201d;<br>\u2014 \u201eEuropa urban\u0103: promovarea sistemelor alimentare circulare ecologice \u0219i durabile \u00een zonele urbane func\u021bionale\u201d;<br>\u2014 \u201eTema anului: \u00eembun\u0103t\u0103\u021birea mobilit\u0103\u021bii ecologice \u00een regiuni \u00een Anul european al c\u0103ilor ferate 2021\u201d.<\/p>\n\n\n\n<p>Competi\u021bia va fi deschis\u0103 p\u00e2n\u0103 pe 9 mai 2021.<\/p>\n\n\n\n<p>Toate detaliile se reg\u0103sesc pe pagina oficial\u0103 a ini\u021biativei: Home | REGIOSTARS (regiostarsawards.eu)<\/p>\n","protected":false},"excerpt":{"rendered":"<p>Comisia European\u0103 a deschis cea de-a 14-a edi\u021bie a concursului s\u0103u emblematic REGIOSTARS, care premiaz\u0103 \u00een fiecare an cele mai bune proiecte finan\u021bate \u00een cadrul politicii de coeziune. Beneficiarii tuturor proiectelor finan\u021bate de politica de coeziune a UE sunt \u00eencuraja\u021bi s\u0103 depun\u0103 cererea pentru cinci categorii tematice:\u2014 \u201eEuropa inteligent\u0103: cre\u0219terea competitivit\u0103\u021bii \u00eentreprinderilor locale \u00eentr-o lume [&hellip;]<\/p>\n","protected":false},"author":2,"featured_media":166,"comment_status":"closed","ping_status":"closed","sticky":false,"template":"","format":"standard","meta":{"_et_pb_use_builder":"","_et_pb_old_content":"","_et_gb_content_width":"","footnotes":""},"categories":[5],"tags":[],"class_list":["post-179","post","type-post","status-publish","format-standard","has-post-thumbnail","hentry","category-noutati"],"_links":{"self":[{"href":"https:\/\/uncjr.ro\/web\/wp-json\/wp\/v2\/posts\/179","targetHints":{"allow":["GET"]}}],"collection":[{"href":"https:\/\/uncjr.ro\/web\/wp-json\/wp\/v2\/posts"}],"about":[{"href":"https:\/\/uncjr.ro\/web\/wp-json\/wp\/v2\/types\/post"}],"author":[{"embeddable":true,"href":"https:\/\/uncjr.ro\/web\/wp-json\/wp\/v2\/users\/2"}],"replies":[{"embeddable":true,"href":"https:\/\/uncjr.ro\/web\/wp-json\/wp\/v2\/comments?post=179"}],"version-history":[{"count":1,"href":"https:\/\/uncjr.ro\/web\/wp-json\/wp\/v2\/posts\/179\/revisions"}],"predecessor-version":[{"id":6270,"href":"https:\/\/uncjr.ro\/web\/wp-json\/wp\/v2\/posts\/179\/revisions\/6270"}],"wp:featuredmedia":[{"embeddable":true,"href":"https:\/\/uncjr.ro\/web\/wp-json\/wp\/v2\/media\/166"}],"wp:attachment":[{"href":"https:\/\/uncjr.ro\/web\/wp-json\/wp\/v2\/media?parent=179"}],"wp:term":[{"taxonomy":"category","embeddable":true,"href":"https:\/\/uncjr.ro\/web\/wp-json\/wp\/v2\/categories?post=179"},{"taxonomy":"post_tag","embeddable":true,"href":"https:\/\/uncjr.ro\/web\/wp-json\/wp\/v2\/tags?post=179"}],"curies":[{"name":"wp","href":"https:\/\/api.w.org\/{rel}","templated":true}]}}