{"id":174,"date":"2021-01-08T17:44:00","date_gmt":"2021-01-08T17:44:00","guid":{"rendered":"https:\/\/uncjr.ro\/web\/?p=174"},"modified":"2021-06-10T19:07:50","modified_gmt":"2021-06-10T19:07:50","slug":"finantare-frds-pentru-proiect-cresterea-incluziunii-si-abilitarea-romilor","status":"publish","type":"post","link":"https:\/\/uncjr.ro\/web\/finantare-frds-pentru-proiect-cresterea-incluziunii-si-abilitarea-romilor\/","title":{"rendered":"Finantare FRDS pentru proiect \u201cCre\u015fterea incluziunii \u015fi abilitarea romilor\u201d"},"content":{"rendered":"\n<p>FRDS deschide o nou\u0103 rund\u0103 de finan\u021bare \u00een cadrul apelului de proiecte \u201cCre\u015fterea incluziunii \u015fi abilitarea romilor\u201d. Fondul Rom\u00e2n de Dezvoltare Social\u0103 (FRDS), \u00een calitate de Operator de Program pentru Programul &#8222;Dezvoltare local\u0103, reducerea s\u0103r\u0103ciei \u015fi cre\u015fterea incluziunii romilor&#8221; (Dezvoltare local\u0103), finan\u0163at din Granturile SEE \u015fi Norvegiene 2014-2021, a lansat\u00a0<strong>miercuri,<\/strong>\u00a0<strong>6 ianuarie 2021<\/strong>,\u00a0cea de-a doua rund\u0103 de finan\u021bare aferent\u0103\u00a0apelului\u00a0de propuneri de proiecte &#8222;Cre\u0219terea incluziunii \u0219i abilitarea romilor&#8221;. \u00a0\u00a0<strong>Suma alocat\u0103\u00a0acestei runde\u00a0<\/strong>este de\u00a07.806.133,95\u00a0de euro\u00a0\u0219i este asigurat\u0103 de Granturile SEE\u00a02014-2021 (85%) \u015fi de Guvernul Rom\u00e2niei (cofinan\u0163area public\u0103 de 15%). \u00a0<\/p>\n\n\n\n<p><strong>Valoarea minim\u0103 a grantului\u00a0<\/strong>care poate fi solicitat pentru implementarea unui proiect\u00a0\u00een cadrul acestei rude\u00a0este de  300.000\u00a0de\u00a0euro,\u00a0limita\u00a0maxim\u0103\u00a0fiind\u00a0de 1.000.000\u00a0de\u00a0euro. \u00a0 Proiectele finan\u0163ate \u00een cadrul apelului vor contribui la atingerea unuia sau mai multora din urm\u0103toarele obiective: <\/p>\n\n\n\n<ol class=\"wp-block-list\"><li>cre\u0219terea accesului \u0219i a calit\u0103\u021bii serviciilor sectoriale sau integrate pentru romi, \u00een urm\u0103toarele sectoare: asisten\u021b\u0103 social\u0103, educa\u021bie, ocupare, s\u0103n\u0103tate \u0219i locuire; <\/li><li>abilitarea romilor (empowerment), \u00een special a femeilor \u0219i tinerelor rome, a exper\u021bilor \u0219i liderilor romi; <\/li><li>combaterea oric\u0103rei forme de discriminare a romilor.\u00a0<\/li><\/ol>\n\n\n\n<p><strong>Solicitan\u0163ii eligibili\u00a0<\/strong>sunt organiza\u0163iile neguvernamentale, entit\u0103\u0163ile publice \u015fi asocia\u0163iile autorit\u0103\u0163ilor locale. Proiectele se vor adresa urm\u0103toarelor\u00a0<strong>grupuri \u0163int\u0103<\/strong>: <\/p>\n\n\n\n<ul class=\"wp-block-list\"><li>persoane \u0219i familii de etnie rom\u0103 (copii, tineri, adul\u021bi) \u00een situa\u021bii de vulnerabilitate, de risc sau care se confrunt\u0103 cu diverse forme de excluziune socio-economic\u0103 \u0219i care au nevoie de documente de identitate, de servicii educa\u021bionale, servicii de ocupare, servicii pentru s\u0103n\u0103tate \u0219i\/ sau servicii de locuire; <\/li><li>persoane de etnie rom\u0103 (adul\u021bi, tineri sau copii), \u00een special femei \u0219i tinere rome, cu niveluri sc\u0103zute de con\u0219tientizare privind drepturile lor \u0219i participarea la via\u021ba comunit\u0103\u021bii, care au nevoie s\u0103 participe \u00een activit\u0103\u021bi de abilitare (empowerment); <\/li><li>exper\u021bi \u0219i lideri romi &#8211; care activeaz\u0103 pe cont propriu sau \u00een cadrul unor organiza\u021bii neguvernamentale, grupuri de ac\u021biune, grupuri comunitare, autorit\u0103\u021bi \u0219i institu\u021bii publice, sindicate, asocia\u021bii ale elevilor sau studen\u021bilor, partide politice, asocia\u021bii de tineret sau altor forme de asociere, persoane\u00a0aflate\u00a0\u00een pozi\u021bii de lideri formali sau informali \u00een rela\u021bie cu persoanele \u0219i\/ sau familiile rome \u00een situa\u021bii de vulnerabilitate (inclusiv mediatori sociali, \u0219colari, sanitari etc.). <\/li><\/ul>\n\n\n\n<p>Acest grup \u021bint\u0103 va fi inclus \u00een proiect numai \u00eempreun\u0103 cu cel pu\u021bin unul din celelalte grupuri \u021bint\u0103 principale; <\/p>\n\n\n\n<ul class=\"wp-block-list\"><li>speciali\u0219ti\/ voluntari din domeniile educa\u021biei, s\u0103n\u0103t\u0103\u021bii, ocup\u0103rii, serviciilor sociale, administra\u021biei publice, sectorului ONG etc., implica\u021bi \u00een furnizarea de servicii persoanelor de etnie rom\u0103; <\/li><li>membri ai comunit\u0103\u021bii apar\u021bin\u00e2nd popula\u021biei majoritare, care locuiesc \u00een zonele de interven\u021bie ale proiectului \u0219i tr\u0103iesc \u00een condi\u021bii socio-economice similare cu persoanele de etnie rom\u0103 din grupul \u021bint\u0103 principal, \u00een situa\u021bii de risc sau confrunt\u00e2ndu-se cu diverse forme de excluziune socio-economic\u0103; \u00b7<\/li><li>membri ai comunit\u0103\u021bii apar\u021bin\u00e2nd popula\u021biei majoritare, care locuiesc \u00een zonele de interven\u021bie ale proiectului, subiec\u021bi ai campaniei\/campaniilor de con\u0219tientizare.\u00a0\u00a0<\/li><\/ul>\n\n\n\n<p><strong>Activit\u0103\u0163ile eligibile<\/strong>\u00a0vor fi centrate pe furnizarea de servicii integrate (ob\u0163inerea documentelor de identitate, servicii educa\u0163ionale, servicii de ocupare, servicii pentru s\u0103n\u0103tate, \u00eembun\u0103t\u0103\u0163irea condi\u0163iilor de locuit); furnizarea de informa\u0163ii persoanelor de etnie rom\u0103, \u00een special femeilor \u015fi tinerelor rome, cu privire la modalit\u0103\u0163i de afirmare a drepturilor acestora \u0219i de accesare a serviciilor publice; dezvoltarea capacit\u0103\u0163ilor individuale ale persoanelor de etnie rom\u0103; activit\u0103\u0163i de cre\u015ftere a responsabilit\u0103\u0163ii \u015fi a capacit\u0103\u0163ii autorit\u0103\u0163ilor \u015fi institu\u0163iilor publice de a fi mai incluzive; activit\u0103\u0163i care promoveaz\u0103 capacitatea de organizare la nivel local a romilor; formarea personalului \u015fi a voluntarilor care lucreaz\u0103 cu persoane de etnie rom\u0103; campanii de cre\u015ftere a con\u015ftientiz\u0103rii pe teme\u00a0de\u00a0abilitare adresate persoanelor de etnie rom\u0103, \u00een special femeilor rome \u0219i tinerilor romi cu niveluri sc\u0103zute de con\u0219tientizare a drepturilor \u0219i de participare \u00een via\u021ba comunit\u0103\u021bii; schimburi de bune practici cu entit\u0103\u0163i din Islanda, Liechtenstein \u015fi Norvegia pe teme de abilitare.\u00a0<\/p>\n\n\n\n<p><strong>Durata\u00a0<\/strong>recomandat\u0103 a proiectelor este cuprins\u0103 \u00eentre\u00a0<strong>12 \u015fi 24\u00a0de\u00a0luni<\/strong>.\u00a0<strong>Depunerea<\/strong>\u00a0propunerilor de proiecte se realizeaz\u0103 online,\u00a0<strong>termenul-limit\u0103\u00a0<\/strong>fiind\u00a0<strong>15 aprilie 2021<\/strong>. Documenta\u021bia aferent\u0103 acestei runde de finan\u021bare precum \u0219i alte informa\u021bii suplimentare sunt disponibile pe pagina web aferent\u0103\u00a0<a rel=\"noreferrer noopener\" href=\"https:\/\/dezvoltare-locala.frds.ro\/apelul-cresterea-incluziunii-si-abilitarea-romilor\/\" target=\"_blank\">Programului Dezvoltare local\u0103.<\/a>\u00a0Eventuale solicit\u0103ri de clarific\u0103ri pot fi transmise de cei interesa\u021bi pe adresa de e-mail\u00a0<a rel=\"noreferrer noopener\" href=\"mailto:info@frds.ro\" target=\"_blank\">info@frds.ro<\/a>.<\/p>\n","protected":false},"excerpt":{"rendered":"<p>FRDS deschide o nou\u0103 rund\u0103 de finan\u021bare \u00een cadrul apelului de proiecte \u201cCre\u015fterea incluziunii \u015fi abilitarea romilor\u201d. Fondul Rom\u00e2n de Dezvoltare Social\u0103 (FRDS), \u00een calitate de Operator de Program pentru Programul &#8222;Dezvoltare local\u0103, reducerea s\u0103r\u0103ciei \u015fi cre\u015fterea incluziunii romilor&#8221; (Dezvoltare local\u0103), finan\u0163at din Granturile SEE \u015fi Norvegiene 2014-2021, a lansat\u00a0miercuri,\u00a06 ianuarie 2021,\u00a0cea de-a doua rund\u0103 [&hellip;]<\/p>\n","protected":false},"author":2,"featured_media":166,"comment_status":"closed","ping_status":"closed","sticky":false,"template":"","format":"standard","meta":{"_et_pb_use_builder":"","_et_pb_old_content":"","_et_gb_content_width":"","footnotes":""},"categories":[3],"tags":[],"class_list":["post-174","post","type-post","status-publish","format-standard","has-post-thumbnail","hentry","category-oportunitati-finantare-nationala"],"_links":{"self":[{"href":"https:\/\/uncjr.ro\/web\/wp-json\/wp\/v2\/posts\/174","targetHints":{"allow":["GET"]}}],"collection":[{"href":"https:\/\/uncjr.ro\/web\/wp-json\/wp\/v2\/posts"}],"about":[{"href":"https:\/\/uncjr.ro\/web\/wp-json\/wp\/v2\/types\/post"}],"author":[{"embeddable":true,"href":"https:\/\/uncjr.ro\/web\/wp-json\/wp\/v2\/users\/2"}],"replies":[{"embeddable":true,"href":"https:\/\/uncjr.ro\/web\/wp-json\/wp\/v2\/comments?post=174"}],"version-history":[{"count":0,"href":"https:\/\/uncjr.ro\/web\/wp-json\/wp\/v2\/posts\/174\/revisions"}],"wp:featuredmedia":[{"embeddable":true,"href":"https:\/\/uncjr.ro\/web\/wp-json\/wp\/v2\/media\/166"}],"wp:attachment":[{"href":"https:\/\/uncjr.ro\/web\/wp-json\/wp\/v2\/media?parent=174"}],"wp:term":[{"taxonomy":"category","embeddable":true,"href":"https:\/\/uncjr.ro\/web\/wp-json\/wp\/v2\/categories?post=174"},{"taxonomy":"post_tag","embeddable":true,"href":"https:\/\/uncjr.ro\/web\/wp-json\/wp\/v2\/tags?post=174"}],"curies":[{"name":"wp","href":"https:\/\/api.w.org\/{rel}","templated":true}]}}