{"id":153,"date":"2021-06-06T09:51:00","date_gmt":"2021-06-06T09:51:00","guid":{"rendered":"https:\/\/uncjr.ro\/web\/?p=153"},"modified":"2021-06-10T22:13:04","modified_gmt":"2021-06-10T20:13:04","slug":"dezbatere-componente-pnrr-asumate-de-mdlpa","status":"publish","type":"post","link":"https:\/\/uncjr.ro\/web\/dezbatere-componente-pnrr-asumate-de-mdlpa\/","title":{"rendered":"Dezbatere pe tema componentelor PNRR asumate de c\u0103tre MDLPA"},"content":{"rendered":"\n<p style=\"font-size:17px\">Am dat curs invita\u0163iei adresate de domnul ministru Cseke Attila \u015fi sunt prezent, \u00een calitate de pre\u015fedinte al Uniunii Na\u0163ionale a Consiliilor Jude\u0163ene din Rom\u00e2nia, la dezbaterea componentelor Planului Na\u0163ional de Redresare \u015fi Rezilien\u0163\u0103 (PNRR) asumate de Ministerul Dezvolt\u0103rii, Lucr\u0103rilor Publice \u015fi Administra\u0163iei (MDLPA).&nbsp;<\/p>\n\n\n\n<p style=\"font-size:17px\">Particip la aceast\u0103 \u00eent\u00e2lnire \u00eempreun\u0103 cu colegii Ilie Bolojan &#8211; pre\u015fedintele Consiliului Jude\u0163ean Bihor, \u015fi Tam\u00e1s S\u00e1ndor &#8211; pre\u015fedintele Consiliului Jude\u0163ean Covasna, deoarece cu to\u0163ii ne dorim s\u0103 clarific\u0103m domeniile \u00een care jude\u0163ele, prin consiliile jude\u021bene, pot fi beneficiare ale proiectelor finan\u0163ate prin PNRR pe componentele pentru care MDLPA este responsabil.&nbsp;<\/p>\n\n\n\n<p style=\"font-size:17px\">\u00cen momentul de fa\u0163\u0103, Ministerul Dezvolt\u0103rii, Lucr\u0103rilor Publice \u015fi Administra\u0163iei r\u0103spunde de urm\u0103toarele componente din PNRR:<br>&nbsp; &#8211; Valul renov\u0103rii &#8211; reabilitarea verde \u0219i seismic\u0103 a fondului construit (Pilonul I Componenta 5);<br>&nbsp; &#8211; Fondul de rezilien\u0163\u0103 pentru localit\u0103\u0163i (Pilonul IV, Componenta 1);<br>&nbsp; &#8211; Programul na\u0163ional pentru cre\u015fe (Pilonul VI, Componenta 3).&nbsp;<\/p>\n\n\n\n<p style=\"font-size:17px\">\u00cen urma discu\u0163iilor purtate la nivelul UNCJR, consider\u0103m c\u0103 am putea fi eligibili cu proiecte de reabilitare verde \u015fi seismic\u0103 a imobilelor aflate \u00een proprietatea sau \u00een administrarea consiliilor jude\u0163ene, chiar dac\u0103 la art. 2 litera b) din OUG 155\/2020 care reglementeaz\u0103 elaborarea PNRR, jude\u021bele nu sunt incluse \u00een categoria beneficiarilor finali.&nbsp;De asemenea, \u00een cadrul Fondului de rezilien\u0163\u0103 pentru localit\u0103\u0163i am putea accesa fonduri pentru digitalizarea instrumentelor de planificare urban\u0103 la nivelul autorit\u0103\u021bilor publice locale, elaborarea \u0219i actualizarea documenta\u021biilor de urbanism de tip Plan Urbanistic General\/Plan Urbanistic Zonal \u00een format digital.&nbsp;<\/p>\n\n\n\n<p style=\"font-size:17px\">Dorim s\u0103 clarific\u0103m aceste aspecte \u015fi m\u0103 bucur c\u0103 la evenimentul de ast\u0103zi a fost invitat ministrul Investi\u0163iilor \u015fi Proiectelor Europene, domnul Cristian Ghinea, cu care am mai purtat discu\u0163ii pe tema PNRR.<\/p>\n","protected":false},"excerpt":{"rendered":"<p>Am dat curs invita\u0163iei adresate de domnul ministru Cseke Attila \u015fi sunt prezent, \u00een calitate de pre\u015fedinte al Uniunii Na\u0163ionale a Consiliilor Jude\u0163ene din Rom\u00e2nia, la dezbaterea componentelor Planului Na\u0163ional de Redresare \u015fi Rezilien\u0163\u0103 (PNRR) asumate de Ministerul Dezvolt\u0103rii, Lucr\u0103rilor Publice \u015fi Administra\u0163iei (MDLPA).&nbsp; Particip la aceast\u0103 \u00eent\u00e2lnire \u00eempreun\u0103 cu colegii Ilie Bolojan &#8211; pre\u015fedintele [&hellip;]<\/p>\n","protected":false},"author":2,"featured_media":201,"comment_status":"closed","ping_status":"closed","sticky":false,"template":"","format":"standard","meta":{"_et_pb_use_builder":"off","_et_pb_old_content":"","_et_gb_content_width":"","footnotes":""},"categories":[5],"tags":[],"class_list":["post-153","post","type-post","status-publish","format-standard","has-post-thumbnail","hentry","category-noutati"],"_links":{"self":[{"href":"https:\/\/uncjr.ro\/web\/wp-json\/wp\/v2\/posts\/153","targetHints":{"allow":["GET"]}}],"collection":[{"href":"https:\/\/uncjr.ro\/web\/wp-json\/wp\/v2\/posts"}],"about":[{"href":"https:\/\/uncjr.ro\/web\/wp-json\/wp\/v2\/types\/post"}],"author":[{"embeddable":true,"href":"https:\/\/uncjr.ro\/web\/wp-json\/wp\/v2\/users\/2"}],"replies":[{"embeddable":true,"href":"https:\/\/uncjr.ro\/web\/wp-json\/wp\/v2\/comments?post=153"}],"version-history":[{"count":0,"href":"https:\/\/uncjr.ro\/web\/wp-json\/wp\/v2\/posts\/153\/revisions"}],"wp:featuredmedia":[{"embeddable":true,"href":"https:\/\/uncjr.ro\/web\/wp-json\/wp\/v2\/media\/201"}],"wp:attachment":[{"href":"https:\/\/uncjr.ro\/web\/wp-json\/wp\/v2\/media?parent=153"}],"wp:term":[{"taxonomy":"category","embeddable":true,"href":"https:\/\/uncjr.ro\/web\/wp-json\/wp\/v2\/categories?post=153"},{"taxonomy":"post_tag","embeddable":true,"href":"https:\/\/uncjr.ro\/web\/wp-json\/wp\/v2\/tags?post=153"}],"curies":[{"name":"wp","href":"https:\/\/api.w.org\/{rel}","templated":true}]}}