{"id":147,"date":"2021-04-24T09:55:50","date_gmt":"2021-04-24T09:55:50","guid":{"rendered":"https:\/\/uncjr.ro\/web\/?p=147"},"modified":"2021-06-10T19:07:50","modified_gmt":"2021-06-10T19:07:50","slug":"videoconferinta-pentru-identificarea-solutiilor-de-evitare-a-carantinarii-in-masa","status":"publish","type":"post","link":"https:\/\/uncjr.ro\/web\/videoconferinta-pentru-identificarea-solutiilor-de-evitare-a-carantinarii-in-masa\/","title":{"rendered":"Videoconferin\u021ba pentru identificarea solu\u021biilor de evitare a carantin\u0103rii \u00een mas\u0103"},"content":{"rendered":"\n<p style=\"font-size:17px\">Prim-ministrul Rom\u00e2niei, dl. Florin-Vasile C\u00ee\u021bu, a avut \u00een cursul zilei de 23.04.2021 o videoconferin\u021ba cu pre\u0219edin\u021bii consiliilor jude\u021bene, ce a vizat identificarea unor solu\u021bii pentru evitarea carantin\u0103rii \u00een mas\u0103. <\/p>\n\n\n\n<p style=\"font-size:17px\">Din discu\u021biile purtate, a rezultat interesul at\u00e2t al Guvernului, c\u00e2t \u0219i al pre\u0219edin\u021bilor de consilii jude\u021bene, \u00een ceea ce prive\u0219te luarea tuturor m\u0103surilor necesare pentru evitarea carantin\u0103rii \u00een masa, precum \u0219i desf\u0103\u0219urarea S\u0103rb\u0103torilor Pascale \u00een condi\u021bii de siguran\u021b\u0103. <\/p>\n\n\n\n<p style=\"font-size:17px\">Presedintii consiliilor judetene s-au angajat ca \u00een ceea ce-i prive\u0219te s\u0103 ia toate m\u0103surile necesare pentru evitarea situa\u021biilor nepl\u0103cute de inchidere a unor locali\u021b\u0103\u021bi si de respectare a m\u0103surilor pentru evitarea r\u0103sp\u00e2ndirii SARS COV-2. <\/p>\n\n\n\n<p style=\"font-size:17px\">O problem\u0103 ridicat\u0103 de pre\u0219edin\u021bii de consilii jude\u021bene a fost lipsa unor medicamente esen\u021biale \u00een tratarea COVID-19, prim-ministrul reiter\u00e2nd faptul c\u0103 va solicita Ministerului S\u0103n\u0103t\u0103\u021bii, ca \u00een cel mai scurt timp, aceste medicamente s\u0103 nu lipseasc\u0103 din spitale, astfel asigur\u00e2ndu-se tratamentul tuturor persoanelor infectate. <\/p>\n\n\n\n<p style=\"font-size:17px\">De asemenea, prim-ministrul a subliniat faptul c\u0103 dac\u0103 se va respecta termenul de livrare al vaccinurilor, \u00een maxim 2 luni popula\u021bia va atinge un grad de imunizare suficient pentru diminuarea considerabil\u0103 a efectelor pandemiei. &nbsp;&nbsp;<\/p>\n","protected":false},"excerpt":{"rendered":"<p>Prim-ministrul Rom\u00e2niei, dl. Florin-Vasile C\u00ee\u021bu, a avut \u00een cursul zilei de 23.04.2021 o videoconferin\u021ba cu pre\u0219edin\u021bii consiliilor jude\u021bene, ce a vizat identificarea unor solu\u021bii pentru evitarea carantin\u0103rii \u00een mas\u0103. Din discu\u021biile purtate, a rezultat interesul at\u00e2t al Guvernului, c\u00e2t \u0219i al pre\u0219edin\u021bilor de consilii jude\u021bene, \u00een ceea ce prive\u0219te luarea tuturor m\u0103surilor necesare pentru evitarea [&hellip;]<\/p>\n","protected":false},"author":2,"featured_media":166,"comment_status":"closed","ping_status":"closed","sticky":false,"template":"","format":"standard","meta":{"_et_pb_use_builder":"off","_et_pb_old_content":"","_et_gb_content_width":"","footnotes":""},"categories":[5],"tags":[],"class_list":["post-147","post","type-post","status-publish","format-standard","has-post-thumbnail","hentry","category-noutati"],"_links":{"self":[{"href":"https:\/\/uncjr.ro\/web\/wp-json\/wp\/v2\/posts\/147","targetHints":{"allow":["GET"]}}],"collection":[{"href":"https:\/\/uncjr.ro\/web\/wp-json\/wp\/v2\/posts"}],"about":[{"href":"https:\/\/uncjr.ro\/web\/wp-json\/wp\/v2\/types\/post"}],"author":[{"embeddable":true,"href":"https:\/\/uncjr.ro\/web\/wp-json\/wp\/v2\/users\/2"}],"replies":[{"embeddable":true,"href":"https:\/\/uncjr.ro\/web\/wp-json\/wp\/v2\/comments?post=147"}],"version-history":[{"count":0,"href":"https:\/\/uncjr.ro\/web\/wp-json\/wp\/v2\/posts\/147\/revisions"}],"wp:featuredmedia":[{"embeddable":true,"href":"https:\/\/uncjr.ro\/web\/wp-json\/wp\/v2\/media\/166"}],"wp:attachment":[{"href":"https:\/\/uncjr.ro\/web\/wp-json\/wp\/v2\/media?parent=147"}],"wp:term":[{"taxonomy":"category","embeddable":true,"href":"https:\/\/uncjr.ro\/web\/wp-json\/wp\/v2\/categories?post=147"},{"taxonomy":"post_tag","embeddable":true,"href":"https:\/\/uncjr.ro\/web\/wp-json\/wp\/v2\/tags?post=147"}],"curies":[{"name":"wp","href":"https:\/\/api.w.org\/{rel}","templated":true}]}}