{"id":141,"date":"2021-02-20T09:58:28","date_gmt":"2021-02-20T09:58:28","guid":{"rendered":"https:\/\/uncjr.ro\/web\/?p=141"},"modified":"2021-06-10T19:07:50","modified_gmt":"2021-06-10T19:07:50","slug":"adunarea-generala-uncjr-2021-brasov","status":"publish","type":"post","link":"https:\/\/uncjr.ro\/web\/adunarea-generala-uncjr-2021-brasov\/","title":{"rendered":"Adunarea generala a UNCJR 18-20 februarie 2021, Brasov"},"content":{"rendered":"\n<p style=\"font-size:17px\">Pre\u0219edin\u021bii consiliilor jude\u021bene din \u00eentreaga \u021bar\u0103 s-au reunit \u00een Poiana Bra\u0219ov pentru a participa la lucr\u0103rile Adun\u0103rii Generale a Uniunii Na\u021bionale a Consiliilor Jude\u021bene din Rom\u00e2nia (UNCJR).\u00a0\u00cen deschiderea lucr\u0103rilor a avut loc \u0219edin\u021ba Consiliului Director, forul de conducere al Uniunii prezidat de pre\u0219edintele UNCJR, Adrian-Ioan Ve\u0219tea.<\/p>\n\n\n\n<p style=\"font-size:17px\">Evenimentul, care se va \u00eencheia s\u00e2mb\u0103t\u0103, 20 februarie, reprezint\u0103 un prilej de cunoa\u0219tere, dialog \u0219i schimb de experien\u021b\u0103 \u00eentre conduc\u0103torii administra\u021biilor jude\u021bene din \u021bar\u0103, mul\u021bi dintre ace\u0219tia afla\u021bi la primul mandat.\u00a0<\/p>\n\n\n\n<p style=\"font-size:17px\">\u00cen opinia pre\u0219edintelui UNCJR Adrian-Ioan Ve\u0219tea, o concluzie a discu\u021biilor din prima zi este necesitatea armoniz\u0103rii priorit\u0103\u021bilor investi\u021bionale identificate la nivelul jude\u021belor \u0219i al regiunilor de dezvoltare, cu cele ale Guvernului, pentru urm\u0103toarea perioad\u0103 de programare a programelor cu finan\u021bare european\u0103. Doar \u00een felul acesta administra\u021biile jude\u021bene pot reu\u0219i s\u0103 atrag\u0103 c\u00e2t mai multe fonduri nerambursabile pe care s\u0103 le utilizeze pentru dezvoltarea armonioas\u0103 a \u00eentregii \u021b\u0103ri!!\u00a0<\/p>\n\n\n\n<p style=\"font-size:17px\">Aceast\u0103 reuniune a pre\u0219edin\u021bilor de consilii jude\u021bene a fost organizat\u0103 \u00een etapa premerg\u0103toare aprob\u0103rii Legii bugetului de stat pe anul 2021 \u0219i definitiv\u0103rii obiectivelor pe care Guvernul le va cuprinde \u00een Planul Na\u021bional de Rezilien\u021b\u0103 \u0219i Redresare, deoarece este nevoie de consult\u0103ri la nivelul conducerilor jude\u021bene cu privire la necesit\u0103\u021bile investi\u021bionale \u0219i la domeniile de interes pentru perioada 2021-2024, pe care \u0219i Guvernul Rom\u00e2niei s\u0103 le agreeze \u0219i s\u0103 le sus\u021bin\u0103.<\/p>\n","protected":false},"excerpt":{"rendered":"<p>Pre\u0219edin\u021bii consiliilor jude\u021bene din \u00eentreaga \u021bar\u0103 s-au reunit \u00een Poiana Bra\u0219ov pentru a participa la lucr\u0103rile Adun\u0103rii Generale a Uniunii Na\u021bionale a Consiliilor Jude\u021bene din Rom\u00e2nia (UNCJR).\u00a0\u00cen deschiderea lucr\u0103rilor a avut loc \u0219edin\u021ba Consiliului Director, forul de conducere al Uniunii prezidat de pre\u0219edintele UNCJR, Adrian-Ioan Ve\u0219tea. Evenimentul, care se va \u00eencheia s\u00e2mb\u0103t\u0103, 20 februarie, reprezint\u0103 [&hellip;]<\/p>\n","protected":false},"author":2,"featured_media":142,"comment_status":"closed","ping_status":"closed","sticky":false,"template":"","format":"standard","meta":{"_et_pb_use_builder":"off","_et_pb_old_content":"","_et_gb_content_width":"","footnotes":""},"categories":[5],"tags":[],"class_list":["post-141","post","type-post","status-publish","format-standard","has-post-thumbnail","hentry","category-noutati"],"_links":{"self":[{"href":"https:\/\/uncjr.ro\/web\/wp-json\/wp\/v2\/posts\/141","targetHints":{"allow":["GET"]}}],"collection":[{"href":"https:\/\/uncjr.ro\/web\/wp-json\/wp\/v2\/posts"}],"about":[{"href":"https:\/\/uncjr.ro\/web\/wp-json\/wp\/v2\/types\/post"}],"author":[{"embeddable":true,"href":"https:\/\/uncjr.ro\/web\/wp-json\/wp\/v2\/users\/2"}],"replies":[{"embeddable":true,"href":"https:\/\/uncjr.ro\/web\/wp-json\/wp\/v2\/comments?post=141"}],"version-history":[{"count":0,"href":"https:\/\/uncjr.ro\/web\/wp-json\/wp\/v2\/posts\/141\/revisions"}],"wp:featuredmedia":[{"embeddable":true,"href":"https:\/\/uncjr.ro\/web\/wp-json\/wp\/v2\/media\/142"}],"wp:attachment":[{"href":"https:\/\/uncjr.ro\/web\/wp-json\/wp\/v2\/media?parent=141"}],"wp:term":[{"taxonomy":"category","embeddable":true,"href":"https:\/\/uncjr.ro\/web\/wp-json\/wp\/v2\/categories?post=141"},{"taxonomy":"post_tag","embeddable":true,"href":"https:\/\/uncjr.ro\/web\/wp-json\/wp\/v2\/tags?post=141"}],"curies":[{"name":"wp","href":"https:\/\/api.w.org\/{rel}","templated":true}]}}