{"id":128,"date":"2021-01-18T19:03:16","date_gmt":"2021-01-18T19:03:16","guid":{"rendered":"https:\/\/uncjr.ro\/web\/?p=128"},"modified":"2021-06-10T19:07:50","modified_gmt":"2021-06-10T19:07:50","slug":"intalnire-uncjr-guvern","status":"publish","type":"post","link":"https:\/\/uncjr.ro\/web\/intalnire-uncjr-guvern\/","title":{"rendered":"\u00cent\u00e2lnire UNCJR &#8211; Guvern"},"content":{"rendered":"\n<p>Pre\u0219edintele Uniunii Na\u021bionale a Consiliilor Jude\u021bene din Rom\u00e2nia (UNCJR) Adrian-Ioan Ve\u0219tea, Emil Radu Moldovan, pre\u0219edintele CJ Bistri\u021ba, Peter Ferenc, pre\u0219edintele CJ Mure\u0219, Ilie Bolojan, pre\u0219edintele CJ Bihor \u0219i Iulian Dumitrescu, pre\u0219edintele CJ Prahova au avut luni, 18 ianuarie 2021, o prim\u0103 \u00eent\u00e2lnire cu Primul-ministru Florin C\u00ee\u021bu \u0219i cu ministrul dezvolt\u0103rii, Cseke Attila discu\u021biile ax\u00e2ndu-se \u00een principal pe fundamentarea proiectului de buget, de c\u0103tre Guvern. <\/p>\n\n\n\n<div class=\"wp-block-image is-style-default\"><figure class=\"aligncenter size-large\"><img loading=\"lazy\" decoding=\"async\" width=\"640\" height=\"240\" src=\"https:\/\/uncjr.ro\/web\/wp-content\/uploads\/vestea-si-citu.jpg\" alt=\"\" class=\"wp-image-131\" srcset=\"https:\/\/uncjr.ro\/web\/wp-content\/uploads\/vestea-si-citu.jpg 640w, https:\/\/uncjr.ro\/web\/wp-content\/uploads\/vestea-si-citu-480x180.jpg 480w\" sizes=\"(min-width: 0px) and (max-width: 480px) 480px, (min-width: 481px) 640px, 100vw\" \/><\/figure><\/div>\n\n\n\n<p>\u00cen context, Pre\u0219edintele UNCJR a adus \u00een discu\u021bie asigurarea sustenabilit\u0103\u021bii cheltuielilor publice pe termen lung. \u201cAm discutat despre problemele cu care se confrunt\u0103 administra\u021bia local\u0103 \u0219i urmeaz\u0103 s\u0103 venim cu propuneri. Am convenit cu Primul-ministru Florin C\u00ee\u021bu ca la nivelul consiliilor jude\u021bene s\u0103 g\u00e2ndim o strategie bugetar\u0103 transparent\u0103 pentru urm\u0103torii patru ani. Este o prim\u0103 discu\u021bie \u0219i sper ca pe viitor s\u0103 g\u0103sim, \u00eempreun\u0103, cele mai bune solu\u021bii\u201d, a declarat Pre\u0219edintele Uniunii Na\u021bionale a Consiliilor Jude\u021bene din Rom\u00e2nia.<\/p>\n","protected":false},"excerpt":{"rendered":"<p>Pre\u0219edintele Uniunii Na\u021bionale a Consiliilor Jude\u021bene din Rom\u00e2nia (UNCJR) Adrian-Ioan Ve\u0219tea, Emil Radu Moldovan, pre\u0219edintele CJ Bistri\u021ba, Peter Ferenc, pre\u0219edintele CJ Mure\u0219, Ilie Bolojan, pre\u0219edintele CJ Bihor \u0219i Iulian Dumitrescu, pre\u0219edintele CJ Prahova au avut luni, 18 ianuarie 2021, o prim\u0103 \u00eent\u00e2lnire cu Primul-ministru Florin C\u00ee\u021bu \u0219i cu ministrul dezvolt\u0103rii, Cseke Attila discu\u021biile ax\u00e2ndu-se \u00een [&hellip;]<\/p>\n","protected":false},"author":2,"featured_media":129,"comment_status":"closed","ping_status":"closed","sticky":false,"template":"","format":"standard","meta":{"_et_pb_use_builder":"off","_et_pb_old_content":"","_et_gb_content_width":"","footnotes":""},"categories":[6,5],"tags":[],"class_list":["post-128","post","type-post","status-publish","format-standard","has-post-thumbnail","hentry","category-comunicat-de-presa","category-noutati"],"_links":{"self":[{"href":"https:\/\/uncjr.ro\/web\/wp-json\/wp\/v2\/posts\/128","targetHints":{"allow":["GET"]}}],"collection":[{"href":"https:\/\/uncjr.ro\/web\/wp-json\/wp\/v2\/posts"}],"about":[{"href":"https:\/\/uncjr.ro\/web\/wp-json\/wp\/v2\/types\/post"}],"author":[{"embeddable":true,"href":"https:\/\/uncjr.ro\/web\/wp-json\/wp\/v2\/users\/2"}],"replies":[{"embeddable":true,"href":"https:\/\/uncjr.ro\/web\/wp-json\/wp\/v2\/comments?post=128"}],"version-history":[{"count":0,"href":"https:\/\/uncjr.ro\/web\/wp-json\/wp\/v2\/posts\/128\/revisions"}],"wp:featuredmedia":[{"embeddable":true,"href":"https:\/\/uncjr.ro\/web\/wp-json\/wp\/v2\/media\/129"}],"wp:attachment":[{"href":"https:\/\/uncjr.ro\/web\/wp-json\/wp\/v2\/media?parent=128"}],"wp:term":[{"taxonomy":"category","embeddable":true,"href":"https:\/\/uncjr.ro\/web\/wp-json\/wp\/v2\/categories?post=128"},{"taxonomy":"post_tag","embeddable":true,"href":"https:\/\/uncjr.ro\/web\/wp-json\/wp\/v2\/tags?post=128"}],"curies":[{"name":"wp","href":"https:\/\/api.w.org\/{rel}","templated":true}]}}