{"id":120,"date":"2020-12-23T10:20:00","date_gmt":"2020-12-23T10:20:00","guid":{"rendered":"https:\/\/uncjr.ro\/web\/?p=120"},"modified":"2025-01-27T15:35:41","modified_gmt":"2025-01-27T13:35:41","slug":"adrian-ioan-vestea-este-noul-presedinte-al-uncjr","status":"publish","type":"post","link":"https:\/\/uncjr.ro\/web\/adrian-ioan-vestea-este-noul-presedinte-al-uncjr\/","title":{"rendered":"Adrian-Ioan Ve\u015ftea este noul pre\u015fedinte al UNCJR"},"content":{"rendered":"\n<p>Adrian-Ioan Ve\u015ftea este, de ast\u0103zi, noul pre\u015fedinte al Uniunii Na\u0163ionale a Consiliilor Jude\u0163ene din Rom\u00e2nia (UNCJR). \u00cen cadrul \u015fedin\u0163ei Adun\u0103rii Generale a UNCJR, pre\u015fedintele Consiliului Jude\u0163ean Bra\u015fov a fost votat s\u0103 conduc\u0103 acest for administrativ na\u0163ional pentru un mandat de patru ani.<\/p>\n\n\n\n<figure class=\"wp-block-image aligncenter size-large\"><img loading=\"lazy\" decoding=\"async\" width=\"500\" height=\"400\" src=\"https:\/\/uncjr.ro\/web\/wp-content\/uploads\/Adrian-Ioan-Vestea.jpg\" alt=\"Adrian Ioan Vestea\" class=\"wp-image-59\" srcset=\"https:\/\/uncjr.ro\/web\/wp-content\/uploads\/Adrian-Ioan-Vestea.jpg 500w, https:\/\/uncjr.ro\/web\/wp-content\/uploads\/Adrian-Ioan-Vestea-480x384.jpg 480w\" sizes=\"(min-width: 0px) and (max-width: 480px) 480px, (min-width: 481px) 500px, 100vw\" \/><\/figure>\n\n\n\n<p>Pre\u015fedintele CJ Bra\u015fov a fost singurul candidat la \u015fefia UNCJR, fiind ales cu 34 de voturi pentru, din totalul de 34 de voturi exprimate.<\/p>\n\n\n\n<p>\u201eSunt onorat de \u00eencrederea pe care colegii mei pre\u015fedin\u0163i de consilii jude\u0163ene din \u00eentreaga \u0163ar\u0103 mi-au acordat-o, aleg\u00e2ndu-m\u0103 s\u0103 conduc acest for din postura de pre\u015fedinte. Mandatul pe care l-am primit m\u0103 bucur\u0103 \u015fi m\u0103 determin\u0103 \u00een acela\u015fi timp s\u0103 g\u00e2ndesc \u015fi s\u0103 pun \u00een aplicare o strategie integrat\u0103 pentru toate consiliile jude\u0163ene \u00een raport cu Guvernul, cu autorit\u0103\u0163ile centrale \u015fi locale. Necesit\u0103\u0163ile consiliilor jude\u0163ene \u015fi obiectivele pe care pre\u015fedin\u0163ii acestora \u015fi le propun pentru \u00eembun\u0103t\u0103\u0163irea activit\u0103\u0163ii vor fi concentrate la nivelul UNCJR, astfel \u00eenc\u00e2t aceast\u0103 institu\u0163ie s\u0103-\u015fi fac\u0103 vocea auzit\u0103 \u015fi s\u0103-\u015fi \u00eendeplineasc\u0103 menirea. \u00cen acest sens, consider c\u0103 avem nevoie de cre\u015fterea gradului de implicare \u015fi participare a autorit\u0103\u0163ilor administra\u0163iei publice locale \u00een procesul decizional, precum \u015fi a reprezent\u0103rii acestora la nivel na\u0163ional, dar \u015fi de \u00eembun\u0103t\u0103\u0163irea continu\u0103 a calit\u0103\u0163ii serviciilor publice oferite cet\u0103\u0163enilor, prin cre\u015fterea transparen\u0163ei \u015fi celerit\u0103\u0163ii \u00een prestarea acestora\u201d, a spus pre\u015fedintele CJ Bra\u015fov Adrian-Ioan Ve\u015ftea, noul pre\u015fedinte al UNCJR.<\/p>\n\n\n\n<p>Pe ordinea de zi a \u015fedin\u0163ei au fost incluse patru proiecte de hot\u0103r\u00e2ri: aprobarea procedurii de desf\u0103\u015furare a \u015fedin\u0163ei, alegerea pre\u015fedintelui UNCJR, aprobarea modific\u0103rii Statutului UNCJR \u015fi alegerea membrilor Consiliului Director al UNCJR.<\/p>\n\n\n\n<p>Modific\u0103rile aduse statutului UNCJR se refer\u0103 la Consiliul Director, forul care asigur\u0103 punerea \u00een executare a hot\u0103r\u00e2rilor Adun\u0103rii Generale. Acesta este compus din 13 membri: un pre\u015fedinte, 2 prim-vicepre\u015fedin\u0163i, 9 vicepre\u015fedin\u0163i \u015fi un secretar general.<\/p>\n\n\n\n<p>Conform voturilor exprimate, cei doi prim-vicepre\u015fedin\u0163i sunt Emil Radu Moldovan (pre\u015fedintele CJ Bistri\u0163a-N\u0103s\u0103ud) \u015fi P\u00e9ter Ferenc (pre\u015fedintele CJ Mure\u015f). Secretar general al UNCJR a fost ales Marius Oprescu (pre\u015fedintele CJ Olt), iar vicepre\u015fedin\u0163i au devenit Tam\u00e1s S\u00e1ndor (pre\u015fedintele CJ Covasna, reprezent\u00e2nd Regiunea Centru), Valentin Ivancea (pre\u015fedintele CJ Bac\u0103u, reprezent\u00e2nd Regiunea Nord-Est), Ilie Bolojan (pre\u015fedintele CJ Bihor, reprezent\u00e2nd Regiunea Nord-Vest), Iustin Cionca (pre\u015fedintele CJ Arad, reprezent\u00e2nd Regiunea Vest), Aladin Georgescu (pre\u015fedintele CJ Mehedin\u0163i, reprezent\u00e2nd Regiunea Sud-Vest), Marian Pavel (pre\u015fedintele CJ Ialomi\u0163a, reprezent\u00e2nd Regiunea Sud), Horia Teodorescu (pre\u015fedintele CJ Tulcea, reprezent\u00e2nd Regiunea Sud-Est), Hobert Thuma (pre\u015fedintele CJ Ilfov, reprezent\u00e2nd Regiunea Bucure\u015fti-Ilfov), al\u0103turi de Gheorghe Flutur (pre\u015fedintele CJ Suceava).<\/p>\n\n\n\n<p>\u00cen exercitarea atribu\u0163iilor sale, Consiliul Director adopt\u0103 decizii cu votul a dou\u0103 treimi din num\u0103rul membrilor \u00een func\u0163ie. O alt\u0103 modificare vizeaz\u0103 comunicarea oficial\u0103 a informa\u0163iilor \u015fi datelor privind activitatea Uniunii, precum \u015fi a punctelor de vedere privind propunerile de ini\u0163iere, modificare sau completare a unor acte normative, care se va face cu acordul unanim al prim-vicepre\u015fedin\u0163ilor.<\/p>\n","protected":false},"excerpt":{"rendered":"<p>Adrian-Ioan Ve\u015ftea este, de ast\u0103zi, noul pre\u015fedinte al Uniunii Na\u0163ionale a Consiliilor Jude\u0163ene din Rom\u00e2nia (UNCJR). \u00cen cadrul \u015fedin\u0163ei Adun\u0103rii Generale a UNCJR, pre\u015fedintele Consiliului Jude\u0163ean Bra\u015fov a fost votat s\u0103 conduc\u0103 acest for administrativ na\u0163ional pentru un mandat de patru ani. Pre\u015fedintele CJ Bra\u015fov a fost singurul candidat la \u015fefia UNCJR, fiind ales cu [&hellip;]<\/p>\n","protected":false},"author":2,"featured_media":59,"comment_status":"closed","ping_status":"closed","sticky":false,"template":"","format":"standard","meta":{"_et_pb_use_builder":"off","_et_pb_old_content":"","_et_gb_content_width":"","footnotes":""},"categories":[5],"tags":[],"class_list":["post-120","post","type-post","status-publish","format-standard","has-post-thumbnail","hentry","category-noutati"],"_links":{"self":[{"href":"https:\/\/uncjr.ro\/web\/wp-json\/wp\/v2\/posts\/120","targetHints":{"allow":["GET"]}}],"collection":[{"href":"https:\/\/uncjr.ro\/web\/wp-json\/wp\/v2\/posts"}],"about":[{"href":"https:\/\/uncjr.ro\/web\/wp-json\/wp\/v2\/types\/post"}],"author":[{"embeddable":true,"href":"https:\/\/uncjr.ro\/web\/wp-json\/wp\/v2\/users\/2"}],"replies":[{"embeddable":true,"href":"https:\/\/uncjr.ro\/web\/wp-json\/wp\/v2\/comments?post=120"}],"version-history":[{"count":1,"href":"https:\/\/uncjr.ro\/web\/wp-json\/wp\/v2\/posts\/120\/revisions"}],"predecessor-version":[{"id":5990,"href":"https:\/\/uncjr.ro\/web\/wp-json\/wp\/v2\/posts\/120\/revisions\/5990"}],"wp:featuredmedia":[{"embeddable":true,"href":"https:\/\/uncjr.ro\/web\/wp-json\/wp\/v2\/media\/59"}],"wp:attachment":[{"href":"https:\/\/uncjr.ro\/web\/wp-json\/wp\/v2\/media?parent=120"}],"wp:term":[{"taxonomy":"category","embeddable":true,"href":"https:\/\/uncjr.ro\/web\/wp-json\/wp\/v2\/categories?post=120"},{"taxonomy":"post_tag","embeddable":true,"href":"https:\/\/uncjr.ro\/web\/wp-json\/wp\/v2\/tags?post=120"}],"curies":[{"name":"wp","href":"https:\/\/api.w.org\/{rel}","templated":true}]}}