{"id":1,"date":"2021-01-06T10:58:42","date_gmt":"2021-01-06T10:58:42","guid":{"rendered":"https:\/\/uncjr.ro\/web\/?p=1"},"modified":"2025-01-27T15:35:48","modified_gmt":"2025-01-27T13:35:48","slug":"presedintii-consiliilor-judetene-intalnire-cu-ministrul-finantelor","status":"publish","type":"post","link":"https:\/\/uncjr.ro\/web\/presedintii-consiliilor-judetene-intalnire-cu-ministrul-finantelor\/","title":{"rendered":"Pre\u0219edin\u021bii Consiliilor Jude\u021bene s-au \u00eent\u00e2lnit cu Ministrul Finan\u021belor Publice"},"content":{"rendered":"\n<p>Adrian-Ioan Ve\u015ftea, pre\u0219edinte al Uniunii Na\u021bionale a Consiliilor Jude\u021bene din Rom\u00e2nia (UNCJR) \u0219i membrii Consiliului Director al UNCJR au avut miercuri, 6 ianuarie 2021, o prim\u0103 \u00eent\u00e2lnire cu ministrul finan\u021belor publice, domnul Alexandru Nazare.<\/p>\n\n\n\n<p>Discu\u021biile au fost axate, \u00een special, pe fundamentarea bugetului de stat pe 2021, dar \u0219i pe buna func\u021bionare a administra\u021biilor publice locale. \u00cent\u00e2lnirea a avut loc ca urmare a unei solicit\u0103ri formulate, la finele anului trecut, de pre\u0219edintele UNCJR, Adrian-Ioan Ve\u015ftea.<br>\u201dAu fost discu\u021bii benefice despre proiecte care ne intereseaz\u0103 \u00een mod direct, \u0219i m\u0103 refer aici la bugetul pe 2021, cel care va permite Consiliilor Jude\u021bene s\u0103 dezvolte proiecte at\u00e2t de necesare pentru cet\u0103\u021beni. Am discutat, de asemenea, despre asisten\u0163a social\u0103, educa\u0163ie \u0219i nu \u00een ultimul r\u00e2nd despre s\u0103n\u0103tate. Sunt \u00eencrez\u0103tor c\u0103 vor fi identificate cele mai bune solu\u021bii pentru problemele ridicate de noi\u201d, a precizat pre\u0219edintele UNCJR Adrian-Ioan Ve\u015ftea.<\/p>\n\n\n\n<p>Tot miercuri a avut loc \u0219i prima \u0219edin\u021b\u0103 a Comitetului Director al UNCJR unde au fost discutate chestiuni organizatorice privind desemnarea reprezentan\u021bilor Consiliilor Jude\u021bene \u00een forumurile europene, respectiv Comitetul European al Regiunilor (CoR) dar \u0219i \u00een Congresul Autoritatilor Publice Locale \u0219i Regionale din Europa (CPLRE).<\/p>\n\n\n\n<figure class=\"wp-block-image size-large\"><img loading=\"lazy\" decoding=\"async\" width=\"1024\" height=\"768\" src=\"https:\/\/uncjr.ro\/web\/wp-content\/uploads\/06ian2021-img02.jpg\" alt=\"\" class=\"wp-image-125\" srcset=\"https:\/\/uncjr.ro\/web\/wp-content\/uploads\/06ian2021-img02.jpg 1024w, https:\/\/uncjr.ro\/web\/wp-content\/uploads\/06ian2021-img02-980x735.jpg 980w, https:\/\/uncjr.ro\/web\/wp-content\/uploads\/06ian2021-img02-480x360.jpg 480w\" sizes=\"(min-width: 0px) and (max-width: 480px) 480px, (min-width: 481px) and (max-width: 980px) 980px, (min-width: 981px) 1024px, 100vw\" \/><\/figure>\n","protected":false},"excerpt":{"rendered":"<p>Adrian-Ioan Ve\u015ftea, pre\u0219edinte al Uniunii Na\u021bionale a Consiliilor Jude\u021bene din Rom\u00e2nia (UNCJR) \u0219i membrii Consiliului Director al UNCJR au avut miercuri, 6 ianuarie 2021, o prim\u0103 \u00eent\u00e2lnire cu ministrul finan\u021belor publice, domnul Alexandru Nazare. Discu\u021biile au fost axate, \u00een special, pe fundamentarea bugetului de stat pe 2021, dar \u0219i pe buna func\u021bionare a administra\u021biilor publice [&hellip;]<\/p>\n","protected":false},"author":2,"featured_media":124,"comment_status":"closed","ping_status":"closed","sticky":false,"template":"","format":"standard","meta":{"_et_pb_use_builder":"","_et_pb_old_content":"","_et_gb_content_width":"","footnotes":""},"categories":[5],"tags":[],"class_list":["post-1","post","type-post","status-publish","format-standard","has-post-thumbnail","hentry","category-noutati"],"_links":{"self":[{"href":"https:\/\/uncjr.ro\/web\/wp-json\/wp\/v2\/posts\/1","targetHints":{"allow":["GET"]}}],"collection":[{"href":"https:\/\/uncjr.ro\/web\/wp-json\/wp\/v2\/posts"}],"about":[{"href":"https:\/\/uncjr.ro\/web\/wp-json\/wp\/v2\/types\/post"}],"author":[{"embeddable":true,"href":"https:\/\/uncjr.ro\/web\/wp-json\/wp\/v2\/users\/2"}],"replies":[{"embeddable":true,"href":"https:\/\/uncjr.ro\/web\/wp-json\/wp\/v2\/comments?post=1"}],"version-history":[{"count":1,"href":"https:\/\/uncjr.ro\/web\/wp-json\/wp\/v2\/posts\/1\/revisions"}],"predecessor-version":[{"id":6268,"href":"https:\/\/uncjr.ro\/web\/wp-json\/wp\/v2\/posts\/1\/revisions\/6268"}],"wp:featuredmedia":[{"embeddable":true,"href":"https:\/\/uncjr.ro\/web\/wp-json\/wp\/v2\/media\/124"}],"wp:attachment":[{"href":"https:\/\/uncjr.ro\/web\/wp-json\/wp\/v2\/media?parent=1"}],"wp:term":[{"taxonomy":"category","embeddable":true,"href":"https:\/\/uncjr.ro\/web\/wp-json\/wp\/v2\/categories?post=1"},{"taxonomy":"post_tag","embeddable":true,"href":"https:\/\/uncjr.ro\/web\/wp-json\/wp\/v2\/tags?post=1"}],"curies":[{"name":"wp","href":"https:\/\/api.w.org\/{rel}","templated":true}]}}